{"id":437961,"date":"2022-02-12T08:38:07","date_gmt":"2022-02-12T05:38:07","guid":{"rendered":"http:\/\/arantv.az\/?p=437961"},"modified":"2022-02-12T08:38:07","modified_gmt":"2022-02-12T05:38:07","slug":"az%c9%99rbaycanda-ilin-ilk-beyn%c9%99lxalq-yarisi-start-goturur","status":"publish","type":"post","link":"https:\/\/arantv.az\/?p=437961","title":{"rendered":"Az\u0259rbaycanda ilin ilk beyn\u0259lxalq yar\u0131\u015f\u0131 start g\u00f6t\u00fcr\u00fcr"},"content":{"rendered":"<p>Az\u0259rbaycanda beyn\u0259lxalq yar\u0131\u015flara bu g\u00fcn batut gimnastikas\u0131 \u00fczr\u0259 D\u00fcnya Kuboku il\u0259 start veril\u0259c\u0259k.<\/p>\n<p><strong>ARANTV.AZ\u00a0<\/strong> x\u0259b\u0259r verir ki, Milli Gimnastika Arenas\u0131nda ke\u00e7iril\u0259c\u0259k yar\u0131\u015fda 14 \u00f6lk\u0259d\u0259n 63 idman\u00e7\u0131n\u0131n i\u015ftirak\u0131 g\u00f6zl\u0259nilir.<\/p>\n<div class=\"AdviadNativeVideo\"><\/div>\n<p>Onlar Beyn\u0259lxalq Gimnastika Federasiyas\u0131n\u0131n yeni qaydalar\u0131 \u0259sas\u0131nda m\u00fcbariz\u0259 aparacaqlar. Yar\u0131\u015flar\u0131n ilk g\u00fcn\u00fc t\u0259snifat m\u0259rh\u0259l\u0259si, ert\u0259si g\u00fcn ki\u015fil\u0259r aras\u0131nda ikinci t\u0259snifat, h\u0259m\u00e7inin ki\u015fi v\u0259 qad\u0131nlar aras\u0131nda final m\u0259rh\u0259l\u0259l\u0259ri ke\u00e7iril\u0259c\u0259k.<\/p>\n<p>Az\u0259rbaycan\u0131 y\u0131\u011fma komandan\u0131n \u00fczv\u00fc Selcan Mahsudova t\u0259msil ed\u0259c\u0259k.<\/p>\n<p>Tan\u0131nm\u0131\u015f batut\u00e7ulardan is\u0259 Belarus t\u0259msil\u00e7il\u0259ri, Rio-2016 Yay Olimpiya Oyunlar\u0131n\u0131n qalibi, ikiqat Avropa \u00e7empionu, Avropa Oyunlar\u0131n\u0131n qalibi, d\u00fcnya \u00e7empionu Vladislav Qon\u00e7arov, Tokio-2020 Yay Olimpiya Oyunlar\u0131n\u0131n qalibi \u0130van Litvinovi\u00e7, 5 qat d\u00fcnya v\u0259 5 qat Avropa \u00e7empionu Oleq Ryabtsov, Rusiya t\u0259msil\u00e7isi, 2021-ci d\u00fcnya \u00e7empionat\u0131n\u0131n g\u00fcm\u00fc\u015f m\u00fckafat\u00e7\u0131s\u0131 v\u0259 Avropa \u00e7empionu Yana Lebedeva, \u0130sve\u00e7 t\u0259msil\u00e7isi, 3\u00a0qat d\u00fcnya v\u0259 Avropa \u00e7empionu Lina Syoberq, Avstriya t\u0259msil\u00e7isi, yeniyetm\u0259l\u0259r aras\u0131nda Olimpiya Oyunlar\u0131n\u0131n b\u00fcr\u00fcnc m\u00fckafat\u00e7\u0131s\u0131 Benni Vizani, G\u00fcrc\u00fcstan t\u0259msil\u00e7isi, Avropa Oyunlar\u0131n\u0131n g\u00fcm\u00fc\u015f m\u00fckafat\u00e7\u0131s\u0131 Lyuba Qolovina D\u00fcnya Kubokunda m\u00fcbariz\u0259 aparacaq.<\/p>\n<p>Yar\u0131\u015flar\u0131n\u00a0Az\u0259rbaycan Respublikas\u0131 Nazirl\u0259r Kabineti yan\u0131nda Operativ Q\u0259rargah\u0131n x\u00fcsusi icaz\u0259si il\u0259 \u00f6lk\u0259d\u0259 t\u0259tbiq edil\u0259n m\u00f6vcud karantin qaydalar\u0131na v\u0259 sanitar-epidemioloji t\u0259l\u0259bl\u0259r\u0259 uy\u011fun olaraq v\u0259 tama\u015fa\u00e7\u0131 i\u015ftirak\u0131 olmadan ke\u00e7irilm\u0259si planla\u015fd\u0131r\u0131l\u0131r.<\/p>\n<p>Qeyd ed\u0259k ki, yeni olimpiya tsiklind\u0259 batut gimnastikas\u0131 \u00fczr\u0259 yar\u0131\u015flarda t\u0259snifat m\u0259rh\u0259l\u0259sind\u0259 31-d\u0259n art\u0131q i\u015ftirak\u00e7\u0131 olduqda ikinci t\u0259snifat m\u0259rh\u0259l\u0259si ke\u00e7irilir. Yar\u0131\u015flar\u0131n miqyas\u0131 v\u0259 i\u015ftirak\u00e7\u0131 say\u0131ndan as\u0131l\u0131 olaraq, ikinci t\u0259snifatda m\u00fcvafiq olaraq 16 v\u0259 ya 24 i\u015ftirak\u00e7\u0131 olur. Qeyd ed\u0259k ki, batut gimnastikas\u0131 Az\u0259rbaycanda 2013-c\u00fc ilin sonundan inki\u015faf etm\u0259y\u0259 ba\u015flay\u0131b. Bu n\u00f6v \u00fczr\u0259 D\u00fcnya Kuboku Bak\u0131da art\u0131q be\u015finci d\u0259f\u0259dir ki, t\u0259\u015fkil olunur.<\/p>\n","protected":false},"excerpt":{"rendered":"<p>Az\u0259rbaycanda beyn\u0259lxalq yar\u0131\u015flara bu g\u00fcn batut gimnastikas\u0131 \u00fczr\u0259 D\u00fcnya Kuboku il\u0259 start veril\u0259c\u0259k. ARANTV.AZ\u00a0 x\u0259b\u0259r verir ki, Milli Gimnastika Arenas\u0131nda ke\u00e7iril\u0259c\u0259k yar\u0131\u015fda 14 \u00f6lk\u0259d\u0259n 63 idman\u00e7\u0131n\u0131n i\u015ftirak\u0131 g\u00f6zl\u0259nilir. Onlar Beyn\u0259lxalq Gimnastika Federasiyas\u0131n\u0131n yeni qaydalar\u0131 \u0259sas\u0131nda m\u00fcbariz\u0259 aparacaqlar. Yar\u0131\u015flar\u0131n ilk g\u00fcn\u00fc t\u0259snifat m\u0259rh\u0259l\u0259si, ert\u0259si g\u00fcn ki\u015fil\u0259r aras\u0131nda ikinci t\u0259snifat, h\u0259m\u00e7inin ki\u015fi v\u0259 qad\u0131nlar aras\u0131nda final m\u0259rh\u0259l\u0259l\u0259ri ke\u00e7iril\u0259c\u0259k. Az\u0259rbaycan\u0131 y\u0131\u011fma komandan\u0131n \u00fczv\u00fc Selcan Mahsudova t\u0259msil ed\u0259c\u0259k. Tan\u0131nm\u0131\u015f batut\u00e7ulardan is\u0259 Belarus t\u0259msil\u00e7il\u0259ri, Rio-2016 Yay Olimpiya Oyunlar\u0131n\u0131n qalibi, ikiqat Avropa \u00e7empionu, Avropa Oyunlar\u0131n\u0131n qalibi, d\u00fcnya \u00e7empionu Vladislav Qon\u00e7arov, Tokio-2020 Yay Olimpiya Oyunlar\u0131n\u0131n qalibi \u0130van&hellip;<\/p>\n","protected":false},"author":2,"featured_media":437962,"comment_status":"closed","ping_status":"closed","sticky":false,"template":"","format":"standard","meta":{"om_disable_all_campaigns":false,"_monsterinsights_skip_tracking":false,"_monsterinsights_sitenote_active":false,"_monsterinsights_sitenote_note":"","_monsterinsights_sitenote_category":0},"categories":[6],"tags":[],"aioseo_notices":[],"gutentor_comment":0,"rttpg_featured_image_url":{"full":["https:\/\/arantv.az\/wp-content\/uploads\/2022\/02\/FotoJet-15-7.jpg",620,413,false],"landscape":["https:\/\/arantv.az\/wp-content\/uploads\/2022\/02\/FotoJet-15-7.jpg",620,413,false],"portraits":["https:\/\/arantv.az\/wp-content\/uploads\/2022\/02\/FotoJet-15-7.jpg",620,413,false],"thumbnail":["https:\/\/arantv.az\/wp-content\/uploads\/2022\/02\/FotoJet-15-7-500x280.jpg",500,280,true],"medium":["https:\/\/arantv.az\/wp-content\/uploads\/2022\/02\/FotoJet-15-7-548x365.jpg",548,365,true],"large":["https:\/\/arantv.az\/wp-content\/uploads\/2022\/02\/FotoJet-15-7.jpg",620,413,false],"1536x1536":["https:\/\/arantv.az\/wp-content\/uploads\/2022\/02\/FotoJet-15-7.jpg",620,413,false],"2048x2048":["https:\/\/arantv.az\/wp-content\/uploads\/2022\/02\/FotoJet-15-7.jpg",620,413,false],"post-thumbnail":["https:\/\/arantv.az\/wp-content\/uploads\/2022\/02\/FotoJet-15-7-240x172.jpg",240,172,true],"advps-thumb-one":["https:\/\/arantv.az\/wp-content\/uploads\/2022\/02\/FotoJet-15-7.jpg",620,413,false]},"rttpg_author":{"display_name":"V\u00fcsal Rafiqo\u011flu","author_link":"https:\/\/arantv.az\/?author=2"},"rttpg_comment":0,"rttpg_category":"<a href=\"https:\/\/arantv.az\/?cat=6\" rel=\"category\">\u0130dman<\/a>","rttpg_excerpt":"Az\u0259rbaycanda beyn\u0259lxalq yar\u0131\u015flara bu g\u00fcn batut gimnastikas\u0131 \u00fczr\u0259 D\u00fcnya Kuboku il\u0259 start veril\u0259c\u0259k. ARANTV.AZ\u00a0 x\u0259b\u0259r verir ki, Milli Gimnastika Arenas\u0131nda ke\u00e7iril\u0259c\u0259k yar\u0131\u015fda 14 \u00f6lk\u0259d\u0259n 63 idman\u00e7\u0131n\u0131n i\u015ftirak\u0131 g\u00f6zl\u0259nilir. Onlar Beyn\u0259lxalq Gimnastika Federasiyas\u0131n\u0131n yeni qaydalar\u0131 \u0259sas\u0131nda m\u00fcbariz\u0259 aparacaqlar. Yar\u0131\u015flar\u0131n ilk g\u00fcn\u00fc t\u0259snifat m\u0259rh\u0259l\u0259si, ert\u0259si g\u00fcn ki\u015fil\u0259r aras\u0131nda ikinci t\u0259snifat, h\u0259m\u00e7inin ki\u015fi v\u0259 qad\u0131nlar aras\u0131nda final m\u0259rh\u0259l\u0259l\u0259ri&hellip;","_links":{"self":[{"href":"https:\/\/arantv.az\/index.php?rest_route=\/wp\/v2\/posts\/437961"}],"collection":[{"href":"https:\/\/arantv.az\/index.php?rest_route=\/wp\/v2\/posts"}],"about":[{"href":"https:\/\/arantv.az\/index.php?rest_route=\/wp\/v2\/types\/post"}],"author":[{"embeddable":true,"href":"https:\/\/arantv.az\/index.php?rest_route=\/wp\/v2\/users\/2"}],"replies":[{"embeddable":true,"href":"https:\/\/arantv.az\/index.php?rest_route=%2Fwp%2Fv2%2Fcomments&post=437961"}],"version-history":[{"count":0,"href":"https:\/\/arantv.az\/index.php?rest_route=\/wp\/v2\/posts\/437961\/revisions"}],"wp:featuredmedia":[{"embeddable":true,"href":"https:\/\/arantv.az\/index.php?rest_route=\/wp\/v2\/media\/437962"}],"wp:attachment":[{"href":"https:\/\/arantv.az\/index.php?rest_route=%2Fwp%2Fv2%2Fmedia&parent=437961"}],"wp:term":[{"taxonomy":"category","embeddable":true,"href":"https:\/\/arantv.az\/index.php?rest_route=%2Fwp%2Fv2%2Fcategories&post=437961"},{"taxonomy":"post_tag","embeddable":true,"href":"https:\/\/arantv.az\/index.php?rest_route=%2Fwp%2Fv2%2Ftags&post=437961"}],"curies":[{"name":"wp","href":"https:\/\/api.w.org\/{rel}","templated":true}]}}