{"id":43797,"date":"2019-03-08T12:55:03","date_gmt":"2019-03-08T09:55:03","guid":{"rendered":"http:\/\/arantv.az\/?p=43797"},"modified":"2019-03-08T12:55:03","modified_gmt":"2019-03-08T09:55:03","slug":"turkiy%c9%99d%c9%99-guclu-qar-47-yasayis-m%c9%99nt%c9%99q%c9%99sini-iflic-etdi","status":"publish","type":"post","link":"https:\/\/arantv.az\/?p=43797","title":{"rendered":"T\u00fcrkiy\u0259d\u0259 g\u00fccl\u00fc qar 47 ya\u015fay\u0131\u015f m\u0259nt\u0259q\u0259sini iflic etdi"},"content":{"rendered":"<p><strong>T\u00fcrkiy\u0259nin Sivas vilay\u0259tind\u0259 arams\u0131z ya\u011fan g\u00fccl\u00fc qar f\u0259sadlara yol a\u00e7\u0131b.<\/strong><\/p>\n<p><strong>ARANTV.AZ<\/strong> trend-\u0259 istinad\u0259n x\u0259b\u0259r verir ki, vilay\u0259tin 47 ya\u015fay\u0131\u015f m\u0259nt\u0259q\u0259si il\u0259 \u0259laq\u0259 k\u0259silib.<\/p>\n<p>M\u0259lumata g\u00f6r\u0259, bu b\u00f6lg\u0259g\u0259 qar\u0131n h\u00fcnd\u00fcrl\u00fcy\u00fc yar\u0131m metr\u0259 \u00e7at\u0131r.<\/p>\n<div id=\"AdributorNativeVideo0\" class=\"AdributorNativeVideo\"><\/div>\n<p>Qeyd ed\u0259k ki, daha \u00f6nc\u0259 T\u00fcrkiy\u0259nin A\u011fr\u0131 vilay\u0259tind\u0259 g\u00fccl\u00fc \u015faxta s\u0259b\u0259bind\u0259n Ankaraya reys t\u0259xir\u0259 sal\u0131nm\u0131\u015fd\u0131.<\/p>\n","protected":false},"excerpt":{"rendered":"<p>T\u00fcrkiy\u0259nin Sivas vilay\u0259tind\u0259 arams\u0131z ya\u011fan g\u00fccl\u00fc qar f\u0259sadlara yol a\u00e7\u0131b. ARANTV.AZ trend-\u0259 istinad\u0259n x\u0259b\u0259r verir ki, vilay\u0259tin 47 ya\u015fay\u0131\u015f m\u0259nt\u0259q\u0259si il\u0259 \u0259laq\u0259 k\u0259silib. M\u0259lumata g\u00f6r\u0259, bu b\u00f6lg\u0259g\u0259 qar\u0131n h\u00fcnd\u00fcrl\u00fcy\u00fc yar\u0131m metr\u0259 \u00e7at\u0131r. Qeyd ed\u0259k ki, daha \u00f6nc\u0259 T\u00fcrkiy\u0259nin A\u011fr\u0131 vilay\u0259tind\u0259 g\u00fccl\u00fc \u015faxta s\u0259b\u0259bind\u0259n Ankaraya reys t\u0259xir\u0259 sal\u0131nm\u0131\u015fd\u0131.<\/p>\n","protected":false},"author":2,"featured_media":43798,"comment_status":"closed","ping_status":"closed","sticky":false,"template":"","format":"standard","meta":{"om_disable_all_campaigns":false,"_monsterinsights_skip_tracking":false,"_monsterinsights_sitenote_active":false,"_monsterinsights_sitenote_note":"","_monsterinsights_sitenote_category":0},"categories":[7],"tags":[],"aioseo_notices":[],"gutentor_comment":0,"rttpg_featured_image_url":{"full":["https:\/\/arantv.az\/wp-content\/uploads\/2019\/03\/737153.jpg",448,296,false],"landscape":["https:\/\/arantv.az\/wp-content\/uploads\/2019\/03\/737153.jpg",448,296,false],"portraits":["https:\/\/arantv.az\/wp-content\/uploads\/2019\/03\/737153.jpg",448,296,false],"thumbnail":["https:\/\/arantv.az\/wp-content\/uploads\/2019\/03\/737153-150x150.jpg",150,150,true],"medium":["https:\/\/arantv.az\/wp-content\/uploads\/2019\/03\/737153-300x198.jpg",300,198,true],"large":["https:\/\/arantv.az\/wp-content\/uploads\/2019\/03\/737153.jpg",448,296,false],"1536x1536":["https:\/\/arantv.az\/wp-content\/uploads\/2019\/03\/737153.jpg",448,296,false],"2048x2048":["https:\/\/arantv.az\/wp-content\/uploads\/2019\/03\/737153.jpg",448,296,false],"post-thumbnail":["https:\/\/arantv.az\/wp-content\/uploads\/2019\/03\/737153-240x172.jpg",240,172,true],"advps-thumb-one":["https:\/\/arantv.az\/wp-content\/uploads\/2019\/03\/737153.jpg",448,296,false]},"rttpg_author":{"display_name":"V\u00fcsal Rafiqo\u011flu","author_link":"https:\/\/arantv.az\/?author=2"},"rttpg_comment":0,"rttpg_category":"<a href=\"https:\/\/arantv.az\/?cat=7\" rel=\"category\">D\u00fcnya<\/a>","rttpg_excerpt":"T\u00fcrkiy\u0259nin Sivas vilay\u0259tind\u0259 arams\u0131z ya\u011fan g\u00fccl\u00fc qar f\u0259sadlara yol a\u00e7\u0131b. ARANTV.AZ trend-\u0259 istinad\u0259n x\u0259b\u0259r verir ki, vilay\u0259tin 47 ya\u015fay\u0131\u015f m\u0259nt\u0259q\u0259si il\u0259 \u0259laq\u0259 k\u0259silib. M\u0259lumata g\u00f6r\u0259, bu b\u00f6lg\u0259g\u0259 qar\u0131n h\u00fcnd\u00fcrl\u00fcy\u00fc yar\u0131m metr\u0259 \u00e7at\u0131r. Qeyd ed\u0259k ki, daha \u00f6nc\u0259 T\u00fcrkiy\u0259nin A\u011fr\u0131 vilay\u0259tind\u0259 g\u00fccl\u00fc \u015faxta s\u0259b\u0259bind\u0259n Ankaraya reys t\u0259xir\u0259 sal\u0131nm\u0131\u015fd\u0131.","_links":{"self":[{"href":"https:\/\/arantv.az\/index.php?rest_route=\/wp\/v2\/posts\/43797"}],"collection":[{"href":"https:\/\/arantv.az\/index.php?rest_route=\/wp\/v2\/posts"}],"about":[{"href":"https:\/\/arantv.az\/index.php?rest_route=\/wp\/v2\/types\/post"}],"author":[{"embeddable":true,"href":"https:\/\/arantv.az\/index.php?rest_route=\/wp\/v2\/users\/2"}],"replies":[{"embeddable":true,"href":"https:\/\/arantv.az\/index.php?rest_route=%2Fwp%2Fv2%2Fcomments&post=43797"}],"version-history":[{"count":0,"href":"https:\/\/arantv.az\/index.php?rest_route=\/wp\/v2\/posts\/43797\/revisions"}],"wp:featuredmedia":[{"embeddable":true,"href":"https:\/\/arantv.az\/index.php?rest_route=\/wp\/v2\/media\/43798"}],"wp:attachment":[{"href":"https:\/\/arantv.az\/index.php?rest_route=%2Fwp%2Fv2%2Fmedia&parent=43797"}],"wp:term":[{"taxonomy":"category","embeddable":true,"href":"https:\/\/arantv.az\/index.php?rest_route=%2Fwp%2Fv2%2Fcategories&post=43797"},{"taxonomy":"post_tag","embeddable":true,"href":"https:\/\/arantv.az\/index.php?rest_route=%2Fwp%2Fv2%2Ftags&post=43797"}],"curies":[{"name":"wp","href":"https:\/\/api.w.org\/{rel}","templated":true}]}}