{"id":437979,"date":"2022-02-12T08:50:05","date_gmt":"2022-02-12T05:50:05","guid":{"rendered":"http:\/\/arantv.az\/?p=437979"},"modified":"2022-02-12T08:50:05","modified_gmt":"2022-02-12T05:50:05","slug":"yunesko-minsk-qrupuna-r%c9%99hm%c9%99t-oxutsa-t%c9%99skilatdan-obyektivlik-gozl%c9%99y%c9%99kmi","status":"publish","type":"post","link":"https:\/\/arantv.az\/?p=437979","title":{"rendered":"YUNESKO Minsk Qrupuna \u201cr\u0259hm\u0259t\u201d oxutsa&#8230; &#8211; t\u0259\u015fkilatdan obyektivlik g\u00f6zl\u0259y\u0259kmi?"},"content":{"rendered":"<h3><strong>Ekspertl\u0259r nikbin deyill\u0259r; \u201cBarmaqdan sorulmu\u015f erm\u0259ni yalanlar\u0131n\u0131 t\u0259krar ed\u0259c\u0259kl\u0259rs\u0259&#8230;\u201d<\/strong><\/h3>\n<p><strong>\u201cT\u0259\u0259ss\u00fcf ki, Qaraba\u011fa g\u0259l\u0259c\u0259k YUNESKO Komissiyas\u0131n\u0131n f\u0259aliyy\u0259ti m\u00fcst\u0259qil xarakter da\u015f\u0131mayacaq\u201d.\u00a0<\/strong><\/p>\n<p><em>\u201cYeni M\u00fcsavat\u201d x\u0259b\u0259r verir ki, bu s\u00f6zl\u0259ri tarix elml\u0259ri namiz\u0259di, \u201cArxon\u201d elmi jurnal\u0131n\u0131n ba\u015f redaktoru, rusiyal\u0131 politoloq Anton Bredixin Minval.az-a m\u00fcsahib\u0259sind\u0259 YUNESKO-nun Az\u0259rbaycan v\u0259 Erm\u0259nistana g\u00f6zl\u0259nil\u0259n missiyalar\u0131n\u0131 \u015f\u0259rh ed\u0259rk\u0259n deyib.<\/em><\/p>\n<p><strong>Onun s\u00f6zl\u0259rin\u0259 g\u00f6r\u0259, bu qurumun \u0259dal\u0259tli olmad\u0131\u011f\u0131n\u0131 yax\u015f\u0131 bilirik v\u0259 onun Az\u0259rbaycan\u0131n i\u015f\u011faldan azad edilmi\u015f \u0259razil\u0259rin\u0259 daxil olmas\u0131 he\u00e7 bir m\u00fcsb\u0259t n\u0259tic\u0259 verm\u0259y\u0259c\u0259k:<\/strong>\u00a0\u201cUzun m\u00fcdd\u0259t abid\u0259l\u0259rin da\u011f\u0131d\u0131lmas\u0131 davam edib, erm\u0259nil\u0259r b\u00f6lg\u0259nin tarixini faktiki yenid\u0259n yaz\u0131blar. Bu g\u00fcn biz g\u00f6r\u00fcr\u00fck ki, m\u00fc\u0259yy\u0259n m\u0259d\u0259ni-tarixi obyektl\u0259rin adlar\u0131n\u0131n, toponiml\u0259rinin b\u0259rpas\u0131, yerl\u0259rinin m\u00fc\u0259yy\u0259n edilm\u0259si \u00fc\u00e7\u00fcn \u00e7ox \u0259ziyy\u0259tli i\u015f laz\u0131md\u0131r\u201d.<\/p>\n<p><img src=\"https:\/\/visiontv.az\/storage\/news\/images\/news\/2020\/images\/D%C3%BCnya\/turk\/bredixin78.jpg\" alt=\"Bak\u0131 sava\u015f q\u0259rar\u0131 vers\u0259, KTMT qar\u0131\u015fa bil\u0259rmi?-Anton Bredixin\" \/><\/p>\n<p><strong><em>Anton Bredix<\/em><\/strong><\/p>\n<p><strong>Politoloq bu x\u00fcsusda YUNESKO-nun komissiyas\u0131n\u0131n f\u0259aliyy\u0259tinin birm\u0259nal\u0131 n\u0259tic\u0259l\u0259r\u0259 g\u0259lm\u0259y\u0259 imkan ver\u0259c\u0259yini d\u00fc\u015f\u00fcnm\u00fcr:<\/strong>\u00a0\u201cBiz yeni saxtakarl\u0131qlar\u0131n, yeni yalanlar\u0131n \u015fahidi olaca\u011f\u0131q. M\u0259n d\u0259f\u0259l\u0259rl\u0259 demi\u015f\u0259m ki, bel\u0259 Q\u0259rb t\u0259\u015fkilatlar\u0131n\u0131n f\u0259aliyy\u0259ti g\u00f6zl\u0259nil\u0259n n\u0259tic\u0259y\u0259 g\u0259tirib \u00e7\u0131xara bilm\u0259z\u201d.<\/p>\n<p>Onun fikrinc\u0259, AT\u018fT-in Minsk Qrupu 30 ild\u0259 m\u00fcnaqi\u015f\u0259ni h\u0259ll ed\u0259 bilm\u0259diyi kimi, YUNESKO da tarixi ke\u00e7mi\u015fl\u0259 operativ \u015f\u0259kild\u0259 m\u0259\u015f\u011ful ola bilm\u0259y\u0259c\u0259k. \u201cH\u0259tta komissiyan\u0131n f\u0259aliyy\u0259tinin \u201dn\u0259tic\u0259l\u0259ri&#8221; art\u0131q haz\u0131rd\u0131r. Onlar yaz\u0131l\u0131b v\u0259 sad\u0259c\u0259, formall\u0131\u011f\u0131 &#8211; ekspertl\u0259rin s\u0259f\u0259rini g\u00f6zl\u0259yirl\u0259r. H\u0259min \u201chesabat\u201d is\u0259 he\u00e7 d\u0259 reall\u0131\u011f\u0131 \u0259ks etdirmir&#8221;, &#8211; dey\u0259 ekspert kateqorik \u015f\u0259kild\u0259 \u00f6z fikrini yekunla\u015fd\u0131r\u0131b.<\/p>\n<p>Xat\u0131rladaq ki, Az\u0259rbaycan bu missiyan\u0131n h\u0259yata ke\u00e7irilm\u0259si \u00fc\u00e7\u00fcn 20 ild\u0259n art\u0131q bir m\u00fcdd\u0259t \u0259rzind\u0259 israrl\u0131 \u015f\u0259kild\u0259 YUNESKO-ya m\u00fcxt\u0259lif \u00e7a\u011f\u0131r\u0131\u015flar edib, bununla ba\u011fl\u0131 \u00e7oxsayl\u0131 m\u0259ktublar \u00fcnvanlay\u0131b. T\u0259\u0259ss\u00fcfl\u0259r olsun ki, bel\u0259 bir missiya h\u0259yata ke\u00e7irilm\u0259yib v\u0259 bunun yegan\u0259 s\u0259b\u0259bkar\u0131 Erm\u0259nistan olub. YUNESKO t\u0259\u015fkilat olaraq, \u00f6z\u00fc d\u0259 bu fakt\u0131 2005-ci il tarixli hesabat\u0131nda qeyd edib. Bel\u0259 ki, qurum Az\u0259rbaycan torpaqlar\u0131n\u0131n Erm\u0259nistan\u0131n i\u015f\u011fal\u0131 alt\u0131nda oldu\u011funu vur\u011fulayaraq, s\u0259f\u0259rin m\u0259hz Erm\u0259nistan t\u0259r\u0259find\u0259n qar\u015f\u0131s\u0131n\u0131n al\u0131nd\u0131\u011f\u0131n\u0131 etiraf edib.<\/p>\n<p><strong>B\u0259s az\u0259rbaycanl\u0131 politoloqlar nec\u0259, onun q\u0259na\u0259tini b\u00f6l\u00fc\u015f\u00fcrm\u00fc? YUNESKO-dan obyektivlik g\u00f6zl\u0259m\u0259y\u0259 d\u0259y\u0259rmi?<\/strong><\/p>\n<p><strong><img src=\"https:\/\/konkret.az\/cloud\/uploads\/2021\/05\/qabilhuseynli.jpg\" alt=\"Qabil H\u00fcseynli geri add\u0131m atd\u0131: \u201cD\u00fcn\u0259nki emosional s\u00f6zl\u0259rimd\u0259n imtina  edir\u0259m\u201d | KONKRET\" \/><\/strong><\/p>\n<p><strong>\u00a0Qabil H\u00fcseynli\u00a0<\/strong><\/p>\n<p>Professor Qabil H\u00fcseynli d\u0259 \u201cYeni M\u00fcsavat\u201da t\u0259\u015fkilatdan obyektivlik g\u00f6zl\u0259m\u0259diyini a\u00e7\u0131qlad\u0131.\u00a0<strong>\u201cAmma hadis\u0259l\u0259ri qabaqlamaq ist\u0259mir\u0259m. M\u0259hv edilmi\u015f dini v\u0259 tarixi abid\u0259l\u0259rimiz\u0259, m\u0259zarl\u0131qlar\u0131m\u0131za, n\u0259\u015fi olan insanlar\u0131m\u0131za barbar \u0259m\u0259ll\u0259r\u0259 qar\u015f\u0131 vicdanlar\u0131 oyanmayacaqsa, s\u0259hraya \u00e7evrilmi\u015f azad edil\u0259n \u0259razil\u0259r\u0259 baxanda obyektiv r\u0259y s\u00f6yl\u0259m\u0259y\u0259c\u0259kl\u0259rs\u0259, o zaman dey\u0259 bil\u0259r\u0259m ki, d\u00fcnyada sivilizasiyalararas\u0131 m\u00fcnasib\u0259tl\u0259rd\u0259 ciddi qar\u015f\u0131durma var. H\u0259tta bu q\u0259na\u0259t\u0259 g\u0259lm\u0259k m\u00fcmk\u00fcn olacaq ki, xristian sivilizasiyas\u0131n\u0131 t\u0259msil ed\u0259nl\u0259r h\u0259qiq\u0259t\u0259 dan\u0131\u015fma\u011fa qadir deyill\u0259r,\u201d-<\/strong>\u00a0dey\u0259 politoloq vur\u011fulad\u0131.<\/p>\n<p>Q.H\u00fcseynlinin s\u00f6zl\u0259rin\u0259 g\u00f6r\u0259, Az\u0259rbaycan t\u0259r\u0259finin bununla ba\u011fl\u0131 t\u0259\u015fkilata g\u00f6nd\u0259rilmi\u015f hesabatlar\u0131 var v\u0259 burada da t\u0259kc\u0259 m\u00fc\u015fahid\u0259 etm\u0259y\u0259c\u0259kl\u0259r, h\u0259m s\u0259lahiyy\u0259t sahibl\u0259ri, h\u0259m aliml\u0259rl\u0259 dar \u00e7\u0259r\u00e7iv\u0259d\u0259 d\u0259 olsa s\u00f6hb\u0259t apar\u0131lacaq: \u201cY\u0259ni barmaqdan sorulmu\u015f erm\u0259ni yalanlar\u0131n\u0131 t\u0259krar ed\u0259c\u0259kl\u0259rs\u0259, onda tamamil\u0259 \u00f6zl\u0259rinin problemi olacaq v\u0259 YUNESKO-nun tarixin\u0259 qara h\u0259rfl\u0259rl\u0259 yaz\u0131lm\u0131\u015f tarix kimi d\u00fc\u015f\u0259c\u0259k. \u00dcmid edir\u0259m ki, he\u00e7 olmasa ba\u015f ver\u0259nl\u0259rin 50 faizini hesabatda g\u00f6st\u0259rs\u0259l\u0259r, erm\u0259ni v\u0259h\u015fil\u0259rinin t\u00f6r\u0259tdiyi cinay\u0259tl\u0259rin anti-b\u0259\u015f\u0259ri mahiyy\u0259tini a\u00e7ma\u011fa imkan ver\u0259c\u0259k\u201d.<\/p>\n<p><strong>Ayd\u0131nlar Partiyas\u0131n\u0131n s\u0259dri, h\u00fcquq\u015f\u00fcnas Qulamh\u00fcseyn \u018flib\u0259ylinin s\u00f6zl\u0259rin\u0259 g\u00f6r\u0259, m\u00fcharib\u0259 il yar\u0131md\u0131r qurtar\u0131b, azad edil\u0259n \u0259razil\u0259rd\u0259 quruculuq i\u015fl\u0259ri gedir v\u0259 YUNESKO-nun komissiyan\u0131 indiy\u0259 q\u0259d\u0259r g\u00f6nd\u0259rm\u0259m\u0259si art\u0131q onun obyektivliyini \u015f\u00fcbh\u0259 alt\u0131na al\u0131r.<\/strong><\/p>\n<p><strong><img src=\"https:\/\/www.bizimyol.info\/az\/wp-content\/uploads\/2021\/02\/Qulamhuseyn-%C6%8Flib%C9%99yli.jpg\" alt=\"Az\u0259rbaycan Avrasiya \u0130qtisadi \u0130ttifaq\u0131na qo\u015fulsa... - Qulamh\u00fcseyn \u018flib\u0259yli\" \/><\/strong><\/p>\n<p><strong>Qulamh\u00fcseyn \u018flib\u0259yli<\/strong><\/p>\n<p><strong>Partiya s\u0259dri hesab edir ki, vaxt\u0131nda g\u0259lm\u0259liydil\u0259r v\u0259 erm\u0259ni vandalizmin\u0259 \u015fahid olmal\u0131yd\u0131lar:<\/strong>\u00a0\u201cAz\u0259rbaycan m\u00fcharib\u0259 bit\u0259nd\u0259 bu t\u0259\u015fkilata m\u00fcraci\u0259t etmi\u015fdi ki, komissiyan\u0131 g\u00f6nd\u0259rin. Amma indi g\u00f6nd\u0259rirl\u0259rs\u0259, dem\u0259li, \u00e7\u0259tin ki, obyektiv r\u0259y versinl\u0259r. Yen\u0259 d\u0259 g\u0259lsinl\u0259r, baxs\u0131nlar. Sad\u0259c\u0259, bu q\u0259d\u0259r h\u0259r\u0259k\u0259tsizlikl\u0259rind\u0259n ayd\u0131n olur ki, hans\u0131 hesabatla \u00e7\u0131x\u0131\u015f ed\u0259c\u0259kl\u0259r. Ad\u0259t\u0259n beyn\u0259lxalq t\u0259\u015fkilatlarda qabaqcadan hesabat olur, sonra formal s\u0259f\u0259r edirl\u0259r, bax\u0131b gedirl\u0259r, ona g\u00f6r\u0259 obyektiv r\u0259y g\u00f6zl\u0259mir\u0259m\u201d.<\/p>\n<p><strong>Q.\u018flib\u0259yli bildirdi ki, \u00fcmumiyy\u0259tl\u0259, beyn\u0259lxalq t\u0259\u015fkilatlarda d\u0259y\u0259rl\u0259r itib<\/strong>: \u201cBu vaxta q\u0259d\u0259r h\u0259r\u0259k\u0259tsizliyi YUNESKO-nun n\u00fcfuzuna x\u0259l\u0259l g\u0259tirmi\u015f amildir. Bundan sonra n\u0259 r\u0259y verm\u0259si \u0259h\u0259miyy\u0259t k\u0259sb etmir. H\u0259r halda \u00fcmid ed\u0259k ki, biz dey\u0259n proqnoz olmas\u0131n\u201d.<\/p>\n<p>Qeyd ed\u0259k ki, Prezident \u0130lham \u018fliyev, Fransa Prezidenti Emmanuel Makron, Avropa \u0130ttifaq\u0131 \u015euras\u0131n\u0131n Prezidenti \u015earl Mi\u015fel v\u0259 Erm\u0259nistan\u0131n ba\u015f naziri Nikol Pa\u015finyan\u0131n i\u015ftirak\u0131 il\u0259 videoformatda ke\u00e7irilmi\u015f g\u00f6r\u00fc\u015fd\u0259 YUNESKO-nun Az\u0259rbaycana v\u0259 Erm\u0259nistana ayr\u0131-ayr\u0131 missiyalar\u0131n\u0131n g\u00f6nd\u0259rilm\u0259sin\u0259 dair raz\u0131l\u0131q \u0259ld\u0259 olunub. Xarici \u0130\u015fl\u0259r Nazirliyinin (X\u0130N) M\u0259tbuat xidm\u0259ti idar\u0259si b\u0259yan edib ki, Erm\u0259nistan X\u0130N YUNESKO missiyalar\u0131n\u0131n s\u0259f\u0259rl\u0259ri il\u0259 ba\u011fl\u0131 \u0259ld\u0259 olunmu\u015f raz\u0131l\u0131\u011f\u0131 t\u0259hrif etm\u0259y\u0259 \u00e7al\u0131\u015f\u0131r. R\u0259smi Bak\u0131 Erm\u0259nistan X\u0130N-in bu d\u00f6vl\u0259tin \u00fcz\u0259rin\u0259 g\u00f6t\u00fcrd\u00fcy\u00fc \u00f6hd\u0259likl\u0259rind\u0259n n\u00f6vb\u0259ti d\u0259f\u0259 yay\u0131nmaq c\u0259hdini q\u0131nay\u0131b. \u00d6lk\u0259mizin QHT-l\u0259ri bu yax\u0131nlarda h\u0259min da\u011f\u0131nt\u0131lara dair \u0259trafl\u0131 m\u0259lumat\u0131 YUNESKO-ya t\u0259qdim edib.<\/p>\n","protected":false},"excerpt":{"rendered":"<p>Ekspertl\u0259r nikbin deyill\u0259r; \u201cBarmaqdan sorulmu\u015f erm\u0259ni yalanlar\u0131n\u0131 t\u0259krar ed\u0259c\u0259kl\u0259rs\u0259&#8230;\u201d \u201cT\u0259\u0259ss\u00fcf ki, Qaraba\u011fa g\u0259l\u0259c\u0259k YUNESKO Komissiyas\u0131n\u0131n f\u0259aliyy\u0259ti m\u00fcst\u0259qil xarakter da\u015f\u0131mayacaq\u201d.\u00a0 \u201cYeni M\u00fcsavat\u201d x\u0259b\u0259r verir ki, bu s\u00f6zl\u0259ri tarix elml\u0259ri namiz\u0259di, \u201cArxon\u201d elmi jurnal\u0131n\u0131n ba\u015f redaktoru, rusiyal\u0131 politoloq Anton Bredixin Minval.az-a m\u00fcsahib\u0259sind\u0259 YUNESKO-nun Az\u0259rbaycan v\u0259 Erm\u0259nistana g\u00f6zl\u0259nil\u0259n missiyalar\u0131n\u0131 \u015f\u0259rh ed\u0259rk\u0259n deyib. Onun s\u00f6zl\u0259rin\u0259 g\u00f6r\u0259, bu qurumun \u0259dal\u0259tli olmad\u0131\u011f\u0131n\u0131 yax\u015f\u0131 bilirik v\u0259 onun Az\u0259rbaycan\u0131n i\u015f\u011faldan azad edilmi\u015f \u0259razil\u0259rin\u0259 daxil olmas\u0131 he\u00e7 bir m\u00fcsb\u0259t n\u0259tic\u0259 verm\u0259y\u0259c\u0259k:\u00a0\u201cUzun m\u00fcdd\u0259t abid\u0259l\u0259rin da\u011f\u0131d\u0131lmas\u0131 davam edib, erm\u0259nil\u0259r b\u00f6lg\u0259nin tarixini faktiki yenid\u0259n yaz\u0131blar. Bu g\u00fcn biz g\u00f6r\u00fcr\u00fck ki, m\u00fc\u0259yy\u0259n m\u0259d\u0259ni-tarixi&hellip;<\/p>\n","protected":false},"author":2,"featured_media":437980,"comment_status":"closed","ping_status":"closed","sticky":false,"template":"","format":"standard","meta":{"om_disable_all_campaigns":false,"_monsterinsights_skip_tracking":false,"_monsterinsights_sitenote_active":false,"_monsterinsights_sitenote_note":"","_monsterinsights_sitenote_category":0},"categories":[19],"tags":[],"aioseo_notices":[],"gutentor_comment":0,"rttpg_featured_image_url":{"full":["https:\/\/arantv.az\/wp-content\/uploads\/2022\/02\/e6d78c27d3e0c5425264f43d5b7168ce.jpg",450,300,false],"landscape":["https:\/\/arantv.az\/wp-content\/uploads\/2022\/02\/e6d78c27d3e0c5425264f43d5b7168ce.jpg",450,300,false],"portraits":["https:\/\/arantv.az\/wp-content\/uploads\/2022\/02\/e6d78c27d3e0c5425264f43d5b7168ce.jpg",450,300,false],"thumbnail":["https:\/\/arantv.az\/wp-content\/uploads\/2022\/02\/e6d78c27d3e0c5425264f43d5b7168ce-450x280.jpg",450,280,true],"medium":["https:\/\/arantv.az\/wp-content\/uploads\/2022\/02\/e6d78c27d3e0c5425264f43d5b7168ce.jpg",450,300,false],"large":["https:\/\/arantv.az\/wp-content\/uploads\/2022\/02\/e6d78c27d3e0c5425264f43d5b7168ce.jpg",450,300,false],"1536x1536":["https:\/\/arantv.az\/wp-content\/uploads\/2022\/02\/e6d78c27d3e0c5425264f43d5b7168ce.jpg",450,300,false],"2048x2048":["https:\/\/arantv.az\/wp-content\/uploads\/2022\/02\/e6d78c27d3e0c5425264f43d5b7168ce.jpg",450,300,false],"post-thumbnail":["https:\/\/arantv.az\/wp-content\/uploads\/2022\/02\/e6d78c27d3e0c5425264f43d5b7168ce-240x172.jpg",240,172,true],"advps-thumb-one":["https:\/\/arantv.az\/wp-content\/uploads\/2022\/02\/e6d78c27d3e0c5425264f43d5b7168ce.jpg",450,300,false]},"rttpg_author":{"display_name":"V\u00fcsal Rafiqo\u011flu","author_link":"https:\/\/arantv.az\/?author=2"},"rttpg_comment":0,"rttpg_category":"<a href=\"https:\/\/arantv.az\/?cat=19\" rel=\"category\">G\u00fcnd\u0259m<\/a>","rttpg_excerpt":"Ekspertl\u0259r nikbin deyill\u0259r; \u201cBarmaqdan sorulmu\u015f erm\u0259ni yalanlar\u0131n\u0131 t\u0259krar ed\u0259c\u0259kl\u0259rs\u0259&#8230;\u201d \u201cT\u0259\u0259ss\u00fcf ki, Qaraba\u011fa g\u0259l\u0259c\u0259k YUNESKO Komissiyas\u0131n\u0131n f\u0259aliyy\u0259ti m\u00fcst\u0259qil xarakter da\u015f\u0131mayacaq\u201d.\u00a0 \u201cYeni M\u00fcsavat\u201d x\u0259b\u0259r verir ki, bu s\u00f6zl\u0259ri tarix elml\u0259ri namiz\u0259di, \u201cArxon\u201d elmi jurnal\u0131n\u0131n ba\u015f redaktoru, rusiyal\u0131 politoloq Anton Bredixin Minval.az-a m\u00fcsahib\u0259sind\u0259 YUNESKO-nun Az\u0259rbaycan v\u0259 Erm\u0259nistana g\u00f6zl\u0259nil\u0259n missiyalar\u0131n\u0131 \u015f\u0259rh ed\u0259rk\u0259n deyib. Onun s\u00f6zl\u0259rin\u0259 g\u00f6r\u0259, bu qurumun \u0259dal\u0259tli&hellip;","_links":{"self":[{"href":"https:\/\/arantv.az\/index.php?rest_route=\/wp\/v2\/posts\/437979"}],"collection":[{"href":"https:\/\/arantv.az\/index.php?rest_route=\/wp\/v2\/posts"}],"about":[{"href":"https:\/\/arantv.az\/index.php?rest_route=\/wp\/v2\/types\/post"}],"author":[{"embeddable":true,"href":"https:\/\/arantv.az\/index.php?rest_route=\/wp\/v2\/users\/2"}],"replies":[{"embeddable":true,"href":"https:\/\/arantv.az\/index.php?rest_route=%2Fwp%2Fv2%2Fcomments&post=437979"}],"version-history":[{"count":0,"href":"https:\/\/arantv.az\/index.php?rest_route=\/wp\/v2\/posts\/437979\/revisions"}],"wp:featuredmedia":[{"embeddable":true,"href":"https:\/\/arantv.az\/index.php?rest_route=\/wp\/v2\/media\/437980"}],"wp:attachment":[{"href":"https:\/\/arantv.az\/index.php?rest_route=%2Fwp%2Fv2%2Fmedia&parent=437979"}],"wp:term":[{"taxonomy":"category","embeddable":true,"href":"https:\/\/arantv.az\/index.php?rest_route=%2Fwp%2Fv2%2Fcategories&post=437979"},{"taxonomy":"post_tag","embeddable":true,"href":"https:\/\/arantv.az\/index.php?rest_route=%2Fwp%2Fv2%2Ftags&post=437979"}],"curies":[{"name":"wp","href":"https:\/\/api.w.org\/{rel}","templated":true}]}}