{"id":437992,"date":"2022-02-12T09:34:40","date_gmt":"2022-02-12T06:34:40","guid":{"rendered":"http:\/\/arantv.az\/?p=437992"},"modified":"2022-02-12T09:34:40","modified_gmt":"2022-02-12T06:34:40","slug":"bakida-g%c9%99nc-mu%c9%99llim-v%c9%99fat-etdi-foto","status":"publish","type":"post","link":"https:\/\/arantv.az\/?p=437992","title":{"rendered":"Bak\u0131da g\u0259nc m\u00fc\u0259llim v\u0259fat etdi &#8211; FOTO"},"content":{"rendered":"<p>Bak\u0131dak\u0131 M\u0259kt\u0259b Lisey Kompleksinin kollektivin\u0259 a\u011f\u0131r itki \u00fcz verib.<\/p>\n<p><b>ARANTV.AZ <\/b>x\u0259b\u0259r verir ki, bu bar\u0259d\u0259 M\u0259kt\u0259b Lisey Kompleksin direktoru Esmira Quliyeva m\u0259lumat yay\u0131b.<\/p>\n<div class=\"AdviadNativeVideo\"><\/div>\n<p>Bel\u0259 ki, m\u0259kt\u0259bin ingilis dili m\u00fc\u0259llimi,\u00a0pe\u015f\u0259kar t\u0259hsil i\u015f\u00e7isi P\u0259rvan\u0259 Mahir q\u0131z\u0131 Muradi v\u0259fat edib.<\/p>\n<p>M\u0259kt\u0259b direktoru bildirib ki, g\u0259nc m\u00fc\u0259llimin vaxts\u0131z v\u0259fat\u0131 onlar\u0131 sars\u0131d\u0131b:<\/p>\n<p>\u201cBiz \u0259sl m\u00fc\u0259llim, bir d\u0259y\u0259r itirdik. P\u0259rvan\u0259 m\u00fc\u0259llim\u00a0h\u0259mi\u015f\u0259 yeni-yeni ideyalar\u0131 il\u0259 ham\u0131ya k\u00f6m\u0259k etm\u0259y\u0259, faydal\u0131 olma\u011fa \u00e7al\u0131\u015f\u0131rd\u0131. Kollektivimiz ad\u0131ndan ail\u0259sin\u0259 d\u0259rin h\u00fcznl\u0259 ba\u015fsa\u011fl\u0131\u011f\u0131 verir, yax\u0131nlar\u0131na s\u0259bir dil\u0259yirik\u201d.<\/p>\n<p>&nbsp;<\/p>\n<div class=\"gallery\">\n<div class=\"gallery-i\"><img src=\"https:\/\/cdn.oxu.az\/uploads\/W1siZiIsIjIwMjIvMDIvMTIvMDkvMTUvMjMvMDk4MjYxYWUtMDM1YS00YjVhLTgyNDctZmRlOWVlMTU3NmRkLzI3Mzg2NzMxOF80ODIyOTcyODg0NDU2OTEzXzc3MTE0MTMzMzM4MzA2ODk5NDNfbi5qcGciXSxbInAiLCJlbmNvZGUiLCJqcGciLCItcXVhbGl0eSA4MCJdLFsicCIsInRodW1iIiwiNTkweDU5MFx1MDAzZSJdXQ?sha=d5f45f61d009dbde\" alt=\"\" \/><\/div>\n<\/div>\n","protected":false},"excerpt":{"rendered":"<p>Bak\u0131dak\u0131 M\u0259kt\u0259b Lisey Kompleksinin kollektivin\u0259 a\u011f\u0131r itki \u00fcz verib. ARANTV.AZ x\u0259b\u0259r verir ki, bu bar\u0259d\u0259 M\u0259kt\u0259b Lisey Kompleksin direktoru Esmira Quliyeva m\u0259lumat yay\u0131b. Bel\u0259 ki, m\u0259kt\u0259bin ingilis dili m\u00fc\u0259llimi,\u00a0pe\u015f\u0259kar t\u0259hsil i\u015f\u00e7isi P\u0259rvan\u0259 Mahir q\u0131z\u0131 Muradi v\u0259fat edib. M\u0259kt\u0259b direktoru bildirib ki, g\u0259nc m\u00fc\u0259llimin vaxts\u0131z v\u0259fat\u0131 onlar\u0131 sars\u0131d\u0131b: \u201cBiz \u0259sl m\u00fc\u0259llim, bir d\u0259y\u0259r itirdik. P\u0259rvan\u0259 m\u00fc\u0259llim\u00a0h\u0259mi\u015f\u0259 yeni-yeni ideyalar\u0131 il\u0259 ham\u0131ya k\u00f6m\u0259k etm\u0259y\u0259, faydal\u0131 olma\u011fa \u00e7al\u0131\u015f\u0131rd\u0131. Kollektivimiz ad\u0131ndan ail\u0259sin\u0259 d\u0259rin h\u00fcznl\u0259 ba\u015fsa\u011fl\u0131\u011f\u0131 verir, yax\u0131nlar\u0131na s\u0259bir dil\u0259yirik\u201d. &nbsp;<\/p>\n","protected":false},"author":2,"featured_media":437993,"comment_status":"closed","ping_status":"closed","sticky":false,"template":"","format":"standard","meta":{"om_disable_all_campaigns":false,"_monsterinsights_skip_tracking":false,"_monsterinsights_sitenote_active":false,"_monsterinsights_sitenote_note":"","_monsterinsights_sitenote_category":0},"categories":[5],"tags":[],"aioseo_notices":[],"gutentor_comment":0,"rttpg_featured_image_url":{"full":["https:\/\/arantv.az\/wp-content\/uploads\/2022\/02\/vefat.jpg",620,431,false],"landscape":["https:\/\/arantv.az\/wp-content\/uploads\/2022\/02\/vefat.jpg",620,431,false],"portraits":["https:\/\/arantv.az\/wp-content\/uploads\/2022\/02\/vefat.jpg",620,431,false],"thumbnail":["https:\/\/arantv.az\/wp-content\/uploads\/2022\/02\/vefat-500x280.jpg",500,280,true],"medium":["https:\/\/arantv.az\/wp-content\/uploads\/2022\/02\/vefat-525x365.jpg",525,365,true],"large":["https:\/\/arantv.az\/wp-content\/uploads\/2022\/02\/vefat.jpg",620,431,false],"1536x1536":["https:\/\/arantv.az\/wp-content\/uploads\/2022\/02\/vefat.jpg",620,431,false],"2048x2048":["https:\/\/arantv.az\/wp-content\/uploads\/2022\/02\/vefat.jpg",620,431,false],"post-thumbnail":["https:\/\/arantv.az\/wp-content\/uploads\/2022\/02\/vefat-240x172.jpg",240,172,true],"advps-thumb-one":["https:\/\/arantv.az\/wp-content\/uploads\/2022\/02\/vefat.jpg",620,431,false]},"rttpg_author":{"display_name":"V\u00fcsal Rafiqo\u011flu","author_link":"https:\/\/arantv.az\/?author=2"},"rttpg_comment":0,"rttpg_category":"<a href=\"https:\/\/arantv.az\/?cat=5\" rel=\"category\">Hadis\u0259<\/a>","rttpg_excerpt":"Bak\u0131dak\u0131 M\u0259kt\u0259b Lisey Kompleksinin kollektivin\u0259 a\u011f\u0131r itki \u00fcz verib. ARANTV.AZ x\u0259b\u0259r verir ki, bu bar\u0259d\u0259 M\u0259kt\u0259b Lisey Kompleksin direktoru Esmira Quliyeva m\u0259lumat yay\u0131b. Bel\u0259 ki, m\u0259kt\u0259bin ingilis dili m\u00fc\u0259llimi,\u00a0pe\u015f\u0259kar t\u0259hsil i\u015f\u00e7isi P\u0259rvan\u0259 Mahir q\u0131z\u0131 Muradi v\u0259fat edib. M\u0259kt\u0259b direktoru bildirib ki, g\u0259nc m\u00fc\u0259llimin vaxts\u0131z v\u0259fat\u0131 onlar\u0131 sars\u0131d\u0131b: \u201cBiz \u0259sl m\u00fc\u0259llim, bir d\u0259y\u0259r itirdik. P\u0259rvan\u0259 m\u00fc\u0259llim\u00a0h\u0259mi\u015f\u0259&hellip;","_links":{"self":[{"href":"https:\/\/arantv.az\/index.php?rest_route=\/wp\/v2\/posts\/437992"}],"collection":[{"href":"https:\/\/arantv.az\/index.php?rest_route=\/wp\/v2\/posts"}],"about":[{"href":"https:\/\/arantv.az\/index.php?rest_route=\/wp\/v2\/types\/post"}],"author":[{"embeddable":true,"href":"https:\/\/arantv.az\/index.php?rest_route=\/wp\/v2\/users\/2"}],"replies":[{"embeddable":true,"href":"https:\/\/arantv.az\/index.php?rest_route=%2Fwp%2Fv2%2Fcomments&post=437992"}],"version-history":[{"count":0,"href":"https:\/\/arantv.az\/index.php?rest_route=\/wp\/v2\/posts\/437992\/revisions"}],"wp:featuredmedia":[{"embeddable":true,"href":"https:\/\/arantv.az\/index.php?rest_route=\/wp\/v2\/media\/437993"}],"wp:attachment":[{"href":"https:\/\/arantv.az\/index.php?rest_route=%2Fwp%2Fv2%2Fmedia&parent=437992"}],"wp:term":[{"taxonomy":"category","embeddable":true,"href":"https:\/\/arantv.az\/index.php?rest_route=%2Fwp%2Fv2%2Fcategories&post=437992"},{"taxonomy":"post_tag","embeddable":true,"href":"https:\/\/arantv.az\/index.php?rest_route=%2Fwp%2Fv2%2Ftags&post=437992"}],"curies":[{"name":"wp","href":"https:\/\/api.w.org\/{rel}","templated":true}]}}