{"id":437995,"date":"2022-02-12T09:36:37","date_gmt":"2022-02-12T06:36:37","guid":{"rendered":"http:\/\/arantv.az\/?p=437995"},"modified":"2022-02-12T09:36:37","modified_gmt":"2022-02-12T06:36:37","slug":"rusiya-diplomatlarini-ukraynadan-cixarmaga-basladi","status":"publish","type":"post","link":"https:\/\/arantv.az\/?p=437995","title":{"rendered":"Rusiya diplomatlar\u0131n\u0131 Ukraynadan \u00e7\u0131xarma\u011fa BA\u015eLADI"},"content":{"rendered":"<blockquote><p><em><strong>Rusiyan\u0131n Ukraynadak\u0131 diplomatlar\u0131 v\u0259 s\u0259firlik \u0259m\u0259kda\u015flar\u0131 \u00f6lk\u0259ni t\u0259rk etm\u0259y\u0259 ba\u015flay\u0131blar.<\/strong><\/em><\/p><\/blockquote>\n<p><strong>ARANTV.AZ<\/strong>\u00a0 bildirir ki, \u00f6lk\u0259d\u0259n \u00e7\u0131xar\u0131lan diplomatlar v\u0259 \u0259m\u0259kda\u015flar Rusiyan\u0131n Ukraynadak\u0131 s\u0259firliyinin \u0259sas personal\u0131 deyil.<\/p>\n<p><img src=\"https:\/\/img.milli.az\/2022\/02\/12\/756445011740763.jpg\" alt=\"\" \/><\/p>\n<p>Bir q\u0259d\u0259r \u0259vv\u0259l Rusiyan\u0131n\u00a0X\u0130N ba\u015f\u00e7\u0131s\u0131 Sergey Lavrov Ukrayna \u0259razisind\u0259ki diplomatik n\u00fcmay\u0259nd\u0259likl\u0259rin \u0259sas hey\u0259tind\u0259 olmayan \u0259m\u0259kda\u015flar\u0131n\u0131n &#8220;Q\u0259rbin f\u0259aliyy\u0259ti n\u0259tic\u0259sind\u0259&#8221; Kiyevi t\u0259rk ed\u0259 bil\u0259c\u0259yini istisna etm\u0259mi\u015fdi.Milli.Az<\/p>\n","protected":false},"excerpt":{"rendered":"<p>Rusiyan\u0131n Ukraynadak\u0131 diplomatlar\u0131 v\u0259 s\u0259firlik \u0259m\u0259kda\u015flar\u0131 \u00f6lk\u0259ni t\u0259rk etm\u0259y\u0259 ba\u015flay\u0131blar. ARANTV.AZ\u00a0 bildirir ki, \u00f6lk\u0259d\u0259n \u00e7\u0131xar\u0131lan diplomatlar v\u0259 \u0259m\u0259kda\u015flar Rusiyan\u0131n Ukraynadak\u0131 s\u0259firliyinin \u0259sas personal\u0131 deyil. Bir q\u0259d\u0259r \u0259vv\u0259l Rusiyan\u0131n\u00a0X\u0130N ba\u015f\u00e7\u0131s\u0131 Sergey Lavrov Ukrayna \u0259razisind\u0259ki diplomatik n\u00fcmay\u0259nd\u0259likl\u0259rin \u0259sas hey\u0259tind\u0259 olmayan \u0259m\u0259kda\u015flar\u0131n\u0131n &#8220;Q\u0259rbin f\u0259aliyy\u0259ti n\u0259tic\u0259sind\u0259&#8221; Kiyevi t\u0259rk ed\u0259 bil\u0259c\u0259yini istisna etm\u0259mi\u015fdi.Milli.Az<\/p>\n","protected":false},"author":2,"featured_media":437996,"comment_status":"closed","ping_status":"closed","sticky":false,"template":"","format":"standard","meta":{"om_disable_all_campaigns":false,"_monsterinsights_skip_tracking":false,"_monsterinsights_sitenote_active":false,"_monsterinsights_sitenote_note":"","_monsterinsights_sitenote_category":0},"categories":[7],"tags":[],"aioseo_notices":[],"gutentor_comment":0,"rttpg_featured_image_url":{"full":["https:\/\/arantv.az\/wp-content\/uploads\/2022\/02\/3745967097.jpg",750,499,false],"landscape":["https:\/\/arantv.az\/wp-content\/uploads\/2022\/02\/3745967097.jpg",750,499,false],"portraits":["https:\/\/arantv.az\/wp-content\/uploads\/2022\/02\/3745967097.jpg",750,499,false],"thumbnail":["https:\/\/arantv.az\/wp-content\/uploads\/2022\/02\/3745967097-500x280.jpg",500,280,true],"medium":["https:\/\/arantv.az\/wp-content\/uploads\/2022\/02\/3745967097-549x365.jpg",549,365,true],"large":["https:\/\/arantv.az\/wp-content\/uploads\/2022\/02\/3745967097.jpg",640,426,false],"1536x1536":["https:\/\/arantv.az\/wp-content\/uploads\/2022\/02\/3745967097.jpg",750,499,false],"2048x2048":["https:\/\/arantv.az\/wp-content\/uploads\/2022\/02\/3745967097.jpg",750,499,false],"post-thumbnail":["https:\/\/arantv.az\/wp-content\/uploads\/2022\/02\/3745967097-240x172.jpg",240,172,true],"advps-thumb-one":["https:\/\/arantv.az\/wp-content\/uploads\/2022\/02\/3745967097.jpg",750,499,false]},"rttpg_author":{"display_name":"V\u00fcsal Rafiqo\u011flu","author_link":"https:\/\/arantv.az\/?author=2"},"rttpg_comment":0,"rttpg_category":"<a href=\"https:\/\/arantv.az\/?cat=7\" rel=\"category\">D\u00fcnya<\/a>","rttpg_excerpt":"Rusiyan\u0131n Ukraynadak\u0131 diplomatlar\u0131 v\u0259 s\u0259firlik \u0259m\u0259kda\u015flar\u0131 \u00f6lk\u0259ni t\u0259rk etm\u0259y\u0259 ba\u015flay\u0131blar. ARANTV.AZ\u00a0 bildirir ki, \u00f6lk\u0259d\u0259n \u00e7\u0131xar\u0131lan diplomatlar v\u0259 \u0259m\u0259kda\u015flar Rusiyan\u0131n Ukraynadak\u0131 s\u0259firliyinin \u0259sas personal\u0131 deyil. Bir q\u0259d\u0259r \u0259vv\u0259l Rusiyan\u0131n\u00a0X\u0130N ba\u015f\u00e7\u0131s\u0131 Sergey Lavrov Ukrayna \u0259razisind\u0259ki diplomatik n\u00fcmay\u0259nd\u0259likl\u0259rin \u0259sas hey\u0259tind\u0259 olmayan \u0259m\u0259kda\u015flar\u0131n\u0131n &#8220;Q\u0259rbin f\u0259aliyy\u0259ti n\u0259tic\u0259sind\u0259&#8221; Kiyevi t\u0259rk ed\u0259 bil\u0259c\u0259yini istisna etm\u0259mi\u015fdi.Milli.Az","_links":{"self":[{"href":"https:\/\/arantv.az\/index.php?rest_route=\/wp\/v2\/posts\/437995"}],"collection":[{"href":"https:\/\/arantv.az\/index.php?rest_route=\/wp\/v2\/posts"}],"about":[{"href":"https:\/\/arantv.az\/index.php?rest_route=\/wp\/v2\/types\/post"}],"author":[{"embeddable":true,"href":"https:\/\/arantv.az\/index.php?rest_route=\/wp\/v2\/users\/2"}],"replies":[{"embeddable":true,"href":"https:\/\/arantv.az\/index.php?rest_route=%2Fwp%2Fv2%2Fcomments&post=437995"}],"version-history":[{"count":0,"href":"https:\/\/arantv.az\/index.php?rest_route=\/wp\/v2\/posts\/437995\/revisions"}],"wp:featuredmedia":[{"embeddable":true,"href":"https:\/\/arantv.az\/index.php?rest_route=\/wp\/v2\/media\/437996"}],"wp:attachment":[{"href":"https:\/\/arantv.az\/index.php?rest_route=%2Fwp%2Fv2%2Fmedia&parent=437995"}],"wp:term":[{"taxonomy":"category","embeddable":true,"href":"https:\/\/arantv.az\/index.php?rest_route=%2Fwp%2Fv2%2Fcategories&post=437995"},{"taxonomy":"post_tag","embeddable":true,"href":"https:\/\/arantv.az\/index.php?rest_route=%2Fwp%2Fv2%2Ftags&post=437995"}],"curies":[{"name":"wp","href":"https:\/\/api.w.org\/{rel}","templated":true}]}}