{"id":437998,"date":"2022-02-12T09:38:45","date_gmt":"2022-02-12T06:38:45","guid":{"rendered":"http:\/\/arantv.az\/?p=437998"},"modified":"2022-02-12T09:38:45","modified_gmt":"2022-02-12T06:38:45","slug":"erm%c9%99nistan-pakistanla-yaxinlasmaga-can-atir-turkiy%c9%99-il%c9%99-%c9%99laq%c9%99l%c9%99r-duz%c9%99l%c9%99n-kimi","status":"publish","type":"post","link":"https:\/\/arantv.az\/?p=437998","title":{"rendered":"Erm\u0259nistan Pakistanla yax\u0131nla\u015fma\u011fa can at\u0131r &#8211; T\u00fcrkiy\u0259 il\u0259 \u0259laq\u0259l\u0259r d\u00fcz\u0259l\u0259n kimi&#8230;"},"content":{"rendered":"<p>\u0130r\u0259vanda \u0130slamabadla diplomatik \u0259laq\u0259l\u0259rin qurulmas\u0131 \u00e7a\u011f\u0131r\u0131\u015flar\u0131 s\u0259sl\u0259nir, ekspertl\u0259rd\u0259n f\u0259rqli bax\u0131\u015f<\/p>\n<p>Pakistan v\u0259 Erm\u0259nistan aras\u0131nda h\u0259l\u0259 diplomatik \u0259laq\u0259l\u0259rin qurulmad\u0131\u011f\u0131 m\u0259lumdur. S\u0259b\u0259b d\u0259 Erm\u0259nistan\u0131n Az\u0259rbaycana \u0259razil\u0259rini i\u015f\u011fal etm\u0259si idi. Pakistan Az\u0259rbaycan\u0131n \u0259razi b\u00fct\u00f6vl\u00fcy\u00fcn\u00fc tam olaraq d\u0259st\u0259kl\u0259yir v\u0259 \u00fcst\u0259lik qondarma erm\u0259ni soyq\u0131r\u0131m\u0131n\u0131 da tan\u0131m\u0131r.<\/p>\n<p>\u0130slamabad Qaraba\u011f m\u00fcharib\u0259si zaman\u0131 v\u0259 sonras\u0131 da Az\u0259rbaycan\u0131 d\u0259st\u0259kl\u0259y\u0259n \u00f6lk\u0259l\u0259rd\u0259ndir. Erm\u0259nistan is\u0259 Hindistanla dost m\u00fcnasib\u0259tl\u0259r\u0259 sahibdir. \u00dcst\u0259lik m\u00fcnaqi\u015f\u0259li b\u00f6lg\u0259 olan K\u0259\u015fmiri Hindistan\u0131n \u0259razisi hesab edir. Ona g\u00f6r\u0259 d\u0259 Pakistan d\u00fcnyada yegan\u0259 d\u00f6vl\u0259tdir ki, Erm\u0259nistan\u0131n m\u00fcst\u0259qilliyini tan\u0131m\u0131r.<\/p>\n<p><strong>\u201cYeni M\u00fcsavat\u201d<\/strong>\u00a0yaz\u0131r ki, bununla bel\u0259, son vaxtlar Erm\u0259nistanda ekspert s\u0259viyy\u0259sind\u0259 Pakistanla diplomatik m\u00fcnasib\u0259tl\u0259rin qurulmas\u0131n\u0131n vacibliyi bar\u0259d\u0259 \u00e7a\u011f\u0131r\u0131\u015flar s\u0259sl\u0259nm\u0259y\u0259 ba\u015flay\u0131b. B\u0259zi siyasi t\u0259hlil\u00e7il\u0259rin fikrinc\u0259, T\u00fcrkiy\u0259-Erm\u0259nistan \u0259laq\u0259l\u0259ri normalla\u015farsa, Pakistan da istil\u0259\u015fm\u0259y\u0259 ged\u0259 bil\u0259r. Lakin \u0130r\u0259vanda r\u0259smi \u015f\u0259kild\u0259 bunu dil\u0259 g\u0259tir\u0259n olmay\u0131b, habel\u0259, \u0130slamabad da h\u0259r hans\u0131 fikir bildirm\u0259yib. Bunun \u00fc\u00e7\u00fcn ilk n\u00f6vb\u0259d\u0259 Pakistan Erm\u0259nistan\u0131n m\u00fcst\u0259qilliyini tan\u0131mal\u0131d\u0131r.<\/p>\n<p>Lakin haz\u0131rda buna b\u0259nz\u0259r proses \u0130sraill\u0259 \u0259r\u0259b \u00f6lk\u0259l\u0259ri aras\u0131na ya\u015fan\u0131r. Y\u0259hudi d\u00f6vl\u0259ti Birl\u0259\u015fmi\u015f \u018fr\u0259b \u018fmirliyi il\u0259 diplomatik m\u00fcnasib\u0259tl\u0259r qurub, ox\u015far \u0259laq\u0259l\u0259r Misir, B\u0259hreynl\u0259 d\u0259 b\u0259rpa olunub, davam\u0131n\u0131n g\u0259l\u0259c\u0259yi g\u00f6zl\u0259nilir. Bu m\u0259nada T\u00fcrkiy\u0259-Erm\u0259nistan yax\u0131nla\u015fmas\u0131 Pakistanla da \u0259laq\u0259l\u0259r\u0259 m\u00fc\u0259yy\u0259n t\u0259sir d\u0259 bil\u0259r.<\/p>\n<p>Erm\u0259nistan\u0131n ba\u015f naziri Nikol Pa\u015finyan bir m\u00fcdd\u0259t \u0259vv\u0259l K\u0259\u015fmir m\u0259s\u0259l\u0259sind\u0259 Hindistan\u0131n m\u00f6vqeyini d\u0259st\u0259kl\u0259dikl\u0259rini v\u0259 d\u0259st\u0259kl\u0259m\u0259y\u0259 davam ed\u0259c\u0259kl\u0259rini a\u00e7\u0131qlay\u0131b. \u201cBel\u0259 b\u0259yanat\u0131n fonunda Hindistan\u0131 d\u0259st\u0259kl\u0259y\u0259n bir \u00f6lk\u0259 il\u0259 nec\u0259 m\u00fcnasib\u0259t qurmaq olar\u201d, &#8211; Pakistan X\u0130N-d\u0259ki m\u0259nb\u0259 bildirib. Az\u0259rbaycan \u0130slam \u018fm\u0259kda\u015fl\u0131q T\u0259\u015fkilat\u0131n\u0131n Cammu v\u0259 K\u0259\u015fmir \u00fczr\u0259 \u018flaq\u0259 Qrupunun \u00fczv\u00fcd\u00fcr. Bu T\u0259mas Qrupunda 5 \u00f6lk\u0259 &#8211; Az\u0259rbaycan, T\u00fcrkiy\u0259, Pakistan, Niger v\u0259 S\u0259udiyy\u0259 \u018fr\u0259bistan\u0131 t\u0259msil olunur.<\/p>\n<p>Yeri g\u0259lmi\u015fk\u0259n, Pakistan v\u0259 Erm\u0259nistan Xarici \u0130\u015fl\u0259r nazirlikl\u0259rinin r\u0259smil\u0259ri aras\u0131nda ilk t\u0259maslar 2019-cu ilin mart ay\u0131n\u0131n ortalar\u0131nda olub. Bel\u0259 ki, Pakistan\u0131n Xarici \u0130\u015fl\u0259r v\u0259 M\u00fcdafi\u0259 Nazirliyinin y\u00fcks\u0259k v\u0259zif\u0259li r\u0259smil\u0259rind\u0259n ibar\u0259t n\u00fcmay\u0259nd\u0259 hey\u0259ti Erm\u0259nistana s\u0259f\u0259r edib v\u0259 diplomatik \u0259laq\u0259l\u0259rin, h\u0259m\u00e7inin, h\u0259rbi \u0259m\u0259kda\u015fl\u0131\u011f\u0131n qurulmas\u0131na dair dialoqlar ke\u00e7irilib. Yekun q\u0259rar\u0131n verilm\u0259si \u00fc\u00e7\u00fcn bu iki \u00f6lk\u0259nin y\u00fcks\u0259k s\u0259viyy\u0259li n\u00fcmay\u0259nd\u0259 hey\u0259tl\u0259rinin 2020-ci ilin birinci r\u00fcb\u00fcnd\u0259 Londonda bir araya g\u0259lm\u0259si planla\u015fd\u0131r\u0131l\u0131b. Lakin faktiki ir\u0259lil\u0259yi\u015f \u0259ld\u0259 olunmay\u0131b.<\/p>\n<p><img src=\"https:\/\/pravda.az\/cdn\/2019\/december\/19\/ehedmemmedli.jpg\" alt=\"\u018fh\u0259d M\u0259mm\u0259dli: \u201cAz\u0259rbaycan \u00fc\u00e7\u00fcn birc\u0259 \u00e7\u0131x\u0131\u015f yolu qal\u0131r, o da h\u0259rbi yoldur\u201d  Pravda.az\" \/><\/p>\n<p><strong>Siyasi ekspert \u018fh\u0259d M\u0259mm\u0259dli \u201cYeni M\u00fcsavat\u201d bildirdi ki, diplomatik \u0259laq\u0259l\u0259r qurula bil\u0259r:<\/strong>\u00a0\u201cPakistan h\u0259mi\u015f\u0259 Az\u0259rbaycan\u0131n yan\u0131nda olub. Lakin T\u00fcrkiy\u0259-Erm\u0259nistan-Az\u0259rbaycan \u0259laq\u0259l\u0259ri normalla\u015fsa, bu da ba\u015f tuta bil\u0259r. Sad\u0259c\u0259, \u0259razi b\u00fct\u00f6vl\u00fcy\u00fcm\u00fcz tan\u0131nmal\u0131d\u0131r, Erm\u0259nistan T\u00fcrkiy\u0259y\u0259 qar\u015f\u0131 \u0259razi iddialar\u0131ndan geri \u00e7\u0259kilm\u0259lidir, o zaman \u0130slamabad da \u0130r\u0259vanla yax\u0131nla\u015fa bil\u0259r\u201d.<\/p>\n<p><strong>Ekspert qeyd etdi ki, Pakistan b\u00f6y\u00fck \u00f6lk\u0259dir, Erm\u0259nistan ondan uzaqd\u0131r, sad\u0259c\u0259, protokol qaydas\u0131nda m\u00fcnasib\u0259tl\u0259r qurulmas\u0131 m\u00fcmk\u00fcnd\u00fcr, geni\u015f \u0259m\u0259kda\u015fl\u0131q \u0259laq\u0259l\u0259ri g\u00f6zl\u0259mir:<\/strong>\u00a0\u201c\u00c7in, Hindistan\u0131n h\u0259m Bak\u0131, h\u0259m \u0130r\u0259vanla \u0259laq\u0259l\u0259rin\u0259 baxsaq, Pakistanla da m\u00fcnasib\u0259tl\u0259rin qurulmas\u0131 istisna deyil. Amma s\u00fclh istiqam\u0259tind\u0259 add\u0131mlar at\u0131lsa, faci\u0259vi bir \u015fey yoxdur, Pakistan-Erm\u0259nistan \u0259laq\u0259 qura bil\u0259r, bunu da t\u0259bii qar\u015f\u0131lamal\u0131y\u0131q\u201d.<\/p>\n<p><img src=\"https:\/\/hurriyyet.az\/frontend\/uploads\/files-old\/Zuriye%20Qarayeva.jpg\" alt=\"T\u00fcrkiy\u0259nin b\u00f6lg\u0259d\u0259 apar\u0131c\u0131 faktora \u00e7evrilm\u0259si r\u0259smi Tehran\u0131 narahat edir&amp;quot; - Z\u00dcR\u0130Y\u018f  QARAYEVA\" \/><\/p>\n<p><strong>Siyasi \u015f\u0259rhi Z\u00fcriy\u0259 Qarayevan\u0131n \u201cYeni M\u00fcsavat\u201da bildirdiyin\u0259 g\u00f6r\u0259, Pakistan senat\u0131 Xocal\u0131 faci\u0259sini yekdillikl\u0259 genosid kimi tan\u0131yan q\u0259tnam\u0259 q\u0259bul edib: \u201cPakistan bunu ed\u0259n yegan\u0259 m\u00fcs\u0259lman \u00f6lk\u0259sidir. H\u0259r iki t\u0259r\u0259fin ortaq problemi d\u0259 var. Erm\u0259nistan Az\u0259rbaycan, Hindista<\/strong>n is\u0259 Pakistan \u0259razisini i\u015f\u011fal edib. D\u00fc\u015f\u00fcnm\u00fcr\u0259m ki, Pakistan\u0131n Erm\u0259nistanla diplomatik \u0259laq\u0259l\u0259rin qurulmas\u0131 bax\u0131m\u0131ndan yana\u015fmas\u0131 T\u00fcrkiy\u0259 il\u0259 eynidir. M\u00fctl\u0259q \u015f\u0259kild\u0259 Az\u0259rbaycan\u0131n suverenlik maraqlar\u0131 n\u0259z\u0259r\u0259 al\u0131nmaqla Pakistan d\u00f6vl\u0259tinin bu \u0259laq\u0259l\u0259r\u0259 raz\u0131l\u0131q ver\u0259 bil\u0259c\u0259yini d\u00fc\u015f\u00fcn\u00fcr\u0259m\u201d.<\/p>\n","protected":false},"excerpt":{"rendered":"<p>\u0130r\u0259vanda \u0130slamabadla diplomatik \u0259laq\u0259l\u0259rin qurulmas\u0131 \u00e7a\u011f\u0131r\u0131\u015flar\u0131 s\u0259sl\u0259nir, ekspertl\u0259rd\u0259n f\u0259rqli bax\u0131\u015f Pakistan v\u0259 Erm\u0259nistan aras\u0131nda h\u0259l\u0259 diplomatik \u0259laq\u0259l\u0259rin qurulmad\u0131\u011f\u0131 m\u0259lumdur. S\u0259b\u0259b d\u0259 Erm\u0259nistan\u0131n Az\u0259rbaycana \u0259razil\u0259rini i\u015f\u011fal etm\u0259si idi. Pakistan Az\u0259rbaycan\u0131n \u0259razi b\u00fct\u00f6vl\u00fcy\u00fcn\u00fc tam olaraq d\u0259st\u0259kl\u0259yir v\u0259 \u00fcst\u0259lik qondarma erm\u0259ni soyq\u0131r\u0131m\u0131n\u0131 da tan\u0131m\u0131r. \u0130slamabad Qaraba\u011f m\u00fcharib\u0259si zaman\u0131 v\u0259 sonras\u0131 da Az\u0259rbaycan\u0131 d\u0259st\u0259kl\u0259y\u0259n \u00f6lk\u0259l\u0259rd\u0259ndir. Erm\u0259nistan is\u0259 Hindistanla dost m\u00fcnasib\u0259tl\u0259r\u0259 sahibdir. \u00dcst\u0259lik m\u00fcnaqi\u015f\u0259li b\u00f6lg\u0259 olan K\u0259\u015fmiri Hindistan\u0131n \u0259razisi hesab edir. Ona g\u00f6r\u0259 d\u0259 Pakistan d\u00fcnyada yegan\u0259 d\u00f6vl\u0259tdir ki, Erm\u0259nistan\u0131n m\u00fcst\u0259qilliyini tan\u0131m\u0131r. \u201cYeni M\u00fcsavat\u201d\u00a0yaz\u0131r ki, bununla bel\u0259, son vaxtlar Erm\u0259nistanda ekspert s\u0259viyy\u0259sind\u0259 Pakistanla diplomatik m\u00fcnasib\u0259tl\u0259rin&hellip;<\/p>\n","protected":false},"author":2,"featured_media":437999,"comment_status":"closed","ping_status":"closed","sticky":false,"template":"","format":"standard","meta":{"om_disable_all_campaigns":false,"_monsterinsights_skip_tracking":false,"_monsterinsights_sitenote_active":false,"_monsterinsights_sitenote_note":"","_monsterinsights_sitenote_category":0},"categories":[4],"tags":[],"aioseo_notices":[],"gutentor_comment":0,"rttpg_featured_image_url":{"full":["https:\/\/arantv.az\/wp-content\/uploads\/2022\/02\/bda11cc4f6da559f109e43c4386842fa.jpg",450,300,false],"landscape":["https:\/\/arantv.az\/wp-content\/uploads\/2022\/02\/bda11cc4f6da559f109e43c4386842fa.jpg",450,300,false],"portraits":["https:\/\/arantv.az\/wp-content\/uploads\/2022\/02\/bda11cc4f6da559f109e43c4386842fa.jpg",450,300,false],"thumbnail":["https:\/\/arantv.az\/wp-content\/uploads\/2022\/02\/bda11cc4f6da559f109e43c4386842fa-450x280.jpg",450,280,true],"medium":["https:\/\/arantv.az\/wp-content\/uploads\/2022\/02\/bda11cc4f6da559f109e43c4386842fa.jpg",450,300,false],"large":["https:\/\/arantv.az\/wp-content\/uploads\/2022\/02\/bda11cc4f6da559f109e43c4386842fa.jpg",450,300,false],"1536x1536":["https:\/\/arantv.az\/wp-content\/uploads\/2022\/02\/bda11cc4f6da559f109e43c4386842fa.jpg",450,300,false],"2048x2048":["https:\/\/arantv.az\/wp-content\/uploads\/2022\/02\/bda11cc4f6da559f109e43c4386842fa.jpg",450,300,false],"post-thumbnail":["https:\/\/arantv.az\/wp-content\/uploads\/2022\/02\/bda11cc4f6da559f109e43c4386842fa-240x172.jpg",240,172,true],"advps-thumb-one":["https:\/\/arantv.az\/wp-content\/uploads\/2022\/02\/bda11cc4f6da559f109e43c4386842fa.jpg",450,300,false]},"rttpg_author":{"display_name":"V\u00fcsal Rafiqo\u011flu","author_link":"https:\/\/arantv.az\/?author=2"},"rttpg_comment":0,"rttpg_category":"<a href=\"https:\/\/arantv.az\/?cat=4\" rel=\"category\">Siyas\u0259t<\/a>","rttpg_excerpt":"\u0130r\u0259vanda \u0130slamabadla diplomatik \u0259laq\u0259l\u0259rin qurulmas\u0131 \u00e7a\u011f\u0131r\u0131\u015flar\u0131 s\u0259sl\u0259nir, ekspertl\u0259rd\u0259n f\u0259rqli bax\u0131\u015f Pakistan v\u0259 Erm\u0259nistan aras\u0131nda h\u0259l\u0259 diplomatik \u0259laq\u0259l\u0259rin qurulmad\u0131\u011f\u0131 m\u0259lumdur. S\u0259b\u0259b d\u0259 Erm\u0259nistan\u0131n Az\u0259rbaycana \u0259razil\u0259rini i\u015f\u011fal etm\u0259si idi. Pakistan Az\u0259rbaycan\u0131n \u0259razi b\u00fct\u00f6vl\u00fcy\u00fcn\u00fc tam olaraq d\u0259st\u0259kl\u0259yir v\u0259 \u00fcst\u0259lik qondarma erm\u0259ni soyq\u0131r\u0131m\u0131n\u0131 da tan\u0131m\u0131r. \u0130slamabad Qaraba\u011f m\u00fcharib\u0259si zaman\u0131 v\u0259 sonras\u0131 da Az\u0259rbaycan\u0131 d\u0259st\u0259kl\u0259y\u0259n \u00f6lk\u0259l\u0259rd\u0259ndir. Erm\u0259nistan is\u0259 Hindistanla dost&hellip;","_links":{"self":[{"href":"https:\/\/arantv.az\/index.php?rest_route=\/wp\/v2\/posts\/437998"}],"collection":[{"href":"https:\/\/arantv.az\/index.php?rest_route=\/wp\/v2\/posts"}],"about":[{"href":"https:\/\/arantv.az\/index.php?rest_route=\/wp\/v2\/types\/post"}],"author":[{"embeddable":true,"href":"https:\/\/arantv.az\/index.php?rest_route=\/wp\/v2\/users\/2"}],"replies":[{"embeddable":true,"href":"https:\/\/arantv.az\/index.php?rest_route=%2Fwp%2Fv2%2Fcomments&post=437998"}],"version-history":[{"count":0,"href":"https:\/\/arantv.az\/index.php?rest_route=\/wp\/v2\/posts\/437998\/revisions"}],"wp:featuredmedia":[{"embeddable":true,"href":"https:\/\/arantv.az\/index.php?rest_route=\/wp\/v2\/media\/437999"}],"wp:attachment":[{"href":"https:\/\/arantv.az\/index.php?rest_route=%2Fwp%2Fv2%2Fmedia&parent=437998"}],"wp:term":[{"taxonomy":"category","embeddable":true,"href":"https:\/\/arantv.az\/index.php?rest_route=%2Fwp%2Fv2%2Fcategories&post=437998"},{"taxonomy":"post_tag","embeddable":true,"href":"https:\/\/arantv.az\/index.php?rest_route=%2Fwp%2Fv2%2Ftags&post=437998"}],"curies":[{"name":"wp","href":"https:\/\/api.w.org\/{rel}","templated":true}]}}