{"id":438004,"date":"2022-02-12T09:40:30","date_gmt":"2022-02-12T06:40:30","guid":{"rendered":"http:\/\/arantv.az\/?p=438004"},"modified":"2022-02-12T09:40:30","modified_gmt":"2022-02-12T06:40:30","slug":"%c9%99rdoganin-novb%c9%99ti-az%c9%99rbaycan-s%c9%99f%c9%99ri-susa-b%c9%99yannam%c9%99sinin-davami-olacaqmi","status":"publish","type":"post","link":"https:\/\/arantv.az\/?p=438004","title":{"rendered":"\u018frdo\u011fan\u0131n n\u00f6vb\u0259ti Az\u0259rbaycan s\u0259f\u0259ri &#8211; \u015eu\u015fa B\u0259yannam\u0259sinin davam\u0131 olacaqm\u0131?"},"content":{"rendered":"<p><strong>44 g\u00fcnl\u00fck sava\u015fdan sonra b\u00f6lg\u0259nin taleyind\u0259 h\u0259lledici s\u00f6z sahibi olan iki qarda\u015f \u00f6lk\u0259nin liderl\u0259rinin qar\u015f\u0131dak\u0131 g\u00f6r\u00fc\u015f\u00fc yeni tarixi hadis\u0259l\u0259rl\u0259 yadda qalacaq; \u015eu\u015fada T\u00fcrkiy\u0259nin Ba\u015f Konsullu\u011funun a\u00e7\u0131lmas\u0131 realla\u015fa bil\u0259r&#8230;<\/strong><\/p>\n<p>T\u00fcrkiy\u0259 Prezidenti R\u0259c\u0259b Tayyib \u018frdo\u011fan may ay\u0131nda Az\u0259rbaycana s\u0259f\u0259r ed\u0259c\u0259k. Bu bar\u0259d\u0259 T\u00fcrkiy\u0259 Elmi v\u0259 Texnoloji T\u0259dqiqat \u015euras\u0131n\u0131n ba\u015fqan\u0131 professor Hasan Mandal a\u00e7\u0131qlama verib. R\u0259smi m\u0259lumata g\u00f6r\u0259, R.T.\u018frdo\u011fan Bak\u0131da \u201cTEKNOFEST\u201d Aerokosmik v\u0259 Texnologiya Festival\u0131n\u0131n a\u00e7\u0131l\u0131\u015f\u0131nda i\u015ftirak ed\u0259c\u0259k. Festival may\u0131n 26-dan 29-d\u0259k ke\u00e7iril\u0259c\u0259k. Bundan ba\u015fqa, s\u0259f\u0259r \u00e7\u0259r\u00e7iv\u0259sind\u0259 iki \u00f6lk\u0259 r\u0259hb\u0259rliyi aras\u0131nda g\u00f6r\u00fc\u015f olacaq.<\/p>\n<p><em>Qarda\u015f \u00f6lk\u0259 liderinin \u00f6lk\u0259miz\u0259 h\u0259r s\u0259f\u0259ri &#8211; x\u00fcsusil\u0259 d\u0259 44 g\u00fcnl\u00fck m\u00fcharib\u0259d\u0259n sonra &#8211; b\u00f6y\u00fck hadis\u0259y\u0259 \u00e7evrilir, d\u00fc\u015fm\u0259n \u00e7evr\u0259l\u0259rin yuxusunu qa\u00e7\u0131r\u0131r, d\u0259rhal g\u00fcnd\u0259m olur. Bu d\u0259f\u0259 d\u0259 he\u00e7 \u015f\u00fcbh\u0259siz, bel\u0259 olacaq. \u0130stisna deyil ki, s\u0259f\u0259r \u00e7\u0259r\u00e7iv\u0259sind\u0259 Bak\u0131 v\u0259 Ankara sars\u0131lmaz m\u00fctt\u0259fiql\u0259r kimi bir daha saat \u0259qr\u0259bl\u0259rini tutu\u015fduracaq.<\/em><\/p>\n<p>Ona da \u015f\u00fcbh\u0259 yox ki, \u018frdo\u011fan\u0131n m\u00fcharib\u0259d\u0259n sonra \u00f6lk\u0259miz\u0259 sayca \u00fc\u00e7\u00fcnc\u00fc s\u0259f\u0259ri d\u0259 d\u00fc\u015fm\u0259nl\u0259ri b\u0259rk m\u0259yus ed\u0259c\u0259k sensasion anla\u015fmalarla, olaylarla yadda qalacaq. M\u0259s\u0259l\u0259n, g\u00fcnd\u0259md\u0259 T\u00fcrkiy\u0259nin \u00f6lk\u0259mizd\u0259 h\u0259rbi bazas\u0131n\u0131n qurulmas\u0131 m\u0259s\u0259l\u0259si ola bil\u0259rmi? \u00d6t\u0259n ilin 15 iyununda iki qarda\u015f \u00f6lk\u0259nin liderl\u0259ri \u015eu\u015fada, Qars M\u00fcqavil\u0259sinin m\u0259ntiqi davam\u0131 olan v\u0259 daha b\u00f6y\u00fck tarixi \u0259h\u0259miyy\u0259t k\u0259sb ed\u0259n M\u00fctt\u0259fiqlik m\u00fcnasib\u0259tl\u0259ri haqq\u0131nda B\u0259yannam\u0259ni imzalad\u0131lar. Fevral\u0131n ilk g\u00fcnl\u0259rind\u0259 h\u0259m Az\u0259rbaycan, h\u0259m d\u0259\u00a0 T\u00fcrkiy\u0259 parlamentl\u0259ri s\u0259n\u0259di t\u0259sdiql\u0259dil\u0259r. Ancaq istisna deyil ki, B\u0259yannam\u0259nin davam\u0131 olacaq, bu anla\u015fmadan ir\u0259li g\u0259l\u0259n yeni s\u0259n\u0259dl\u0259r, raz\u0131la\u015fmalar \u0259ld\u0259 olunacaq. H\u0259m\u00e7inin \u015eu\u015fada T\u00fcrkiy\u0259nin Ba\u015f Konsullu\u011funun a\u00e7\u0131laca\u011f\u0131 bar\u0259d\u0259 m\u0259lumatlar da intensivl\u0259\u015fib. Xat\u0131rladaq ki, \u00f6t\u0259n ilin 15 iyununda, \u015eu\u015fada, Az\u0259rbaycan Prezidenti \u0130lham \u018fliyevl\u0259 birg\u0259 ke\u00e7iril\u0259n m\u0259tbuat konfrans\u0131 zaman\u0131 c\u0259nab R\u0259c\u0259b Tayyib \u018frdo\u011fan \u201c\u0259n q\u0131sa zamanda \u015eu\u015fada ba\u015f konsulluq a\u00e7\u0131lacaq\u201d, demi\u015fdi. Bu m\u0259nada s\u0259f\u0259rd\u0259n b\u00f6y\u00fck g\u00f6zl\u0259ntil\u0259r var.<\/p>\n<p><strong>B\u0259s, ekspertl\u0259rin g\u00f6zl\u0259ntil\u0259ri n\u0259dir, qar\u015f\u0131dak\u0131 s\u0259f\u0259rd\u0259 hans\u0131 anla\u015fmalar olacaq v\u0259 ya olaylar ba\u015f ver\u0259c\u0259k?<\/strong><\/p>\n<p><strong><img loading=\"lazy\" src=\"https:\/\/upload.wikimedia.org\/wikipedia\/az\/6\/63\/Akif_Na%C4%9F%C4%B1.jpeg\" alt=\"Akif Na\u011f\u0131 \u2014 Vikipediya\" width=\"658\" height=\"622\" \/><\/strong><\/p>\n<p><strong>Akif Na\u011f\u0131\u00a0<\/strong><\/p>\n<p><strong>QAT s\u0259dri Akif Na\u011f\u0131 hesab edir ki, indiki \u015f\u0259raitd\u0259 t\u0259kc\u0259 Az\u0259rbaycan\u0131n v\u0259ziyy\u0259ti deyil, b\u00fct\u00f6vl\u00fckd\u0259 C\u0259nubi Qafqaz regionunun taleyi T\u00fcrkiy\u0259-Az\u0259rbaycan m\u00fctt\u0259fiqliyind\u0259n as\u0131l\u0131d\u0131r:<\/strong>\u00a0\u201cRusiya t\u0259sir imkanlar\u0131n\u0131 s\u00fcr\u0259tl\u0259 itirir, iqtisadi-maliyy\u0259 g\u00fcc\u00fc yox d\u0259r\u0259c\u0259sind\u0259dir, h\u0259rbi t\u0259hdidl\u0259 is\u0259 uzun m\u00fcdd\u0259t n\u0259y\u0259s\u0259 nail olmaq m\u00fcmk\u00fcn deyil. Rusiya regiondan \u00e7\u0131xacaq, yax\u0131n bir ne\u00e7\u0259 ild\u0259 bu, ba\u015f ver\u0259c\u0259k. Q\u0259rb h\u0259m m\u0259saf\u0259, h\u0259m d\u0259 strateji maraqlar bax\u0131m\u0131ndan \u00e7ox uzaqdad\u0131r. AB\u015e kimi b\u00f6y\u00fck d\u00f6vl\u0259t d\u0259 art\u0131q onlardan uzaqlarda yerl\u0259\u015f\u0259n Yax\u0131n \u015e\u0259rqd\u0259 bel\u0259, planlar\u0131n\u0131 tam yerin\u0259 yetir\u0259 bilmir. Dig\u0259r t\u0259r\u0259fd\u0259n, Ukrayna h\u0259l\u0259lik he\u00e7 n\u0259y\u0259 nail ola bilmir. B\u00fct\u00fcn bunlar Qafqaz regionu il\u0259 ba\u011fl\u0131 yeni prosesl\u0259rin ged\u0259c\u0259y\u0259ni v\u0259 art\u0131q getdiyini g\u00f6st\u0259rir\u201d.<\/p>\n<p><strong>A.Na\u011f\u0131 ilk n\u00f6vb\u0259d\u0259 T\u00fcrkiy\u0259 amilinin qabar\u0131q rolundan b\u0259hs etdi:<\/strong>\u00a0\u201cBel\u0259 i\u015fl\u0259rd\u0259 mahir olan erm\u0259ni r\u0259hb\u0259rl\u0259ri t\u0259sad\u00fcf\u0259n demirl\u0259r ki, onlar\u0131n \u0259sas v\u0259zif\u0259l\u0259rind\u0259n biri \u201dT\u00fcrkiy\u0259 il\u0259 m\u00fcnasib\u0259tl\u0259ri normalla\u015fd\u0131rmaqd\u0131r&#8221;. Ona g\u00f6r\u0259 d\u0259 T\u00fcrkiy\u0259-Az\u0259rbaycan yax\u0131nla\u015fmas\u0131, tam isti m\u00fcnasib\u0259tl\u0259rin yaranmas\u0131 zaman\u0131n t\u0259l\u0259bidir. T\u00fcrkiy\u0259 prezidenti h\u00f6rm\u0259tli \u018frdo\u011fan\u0131n h\u0259r s\u0259f\u0259ri t\u0259bii ki, bu m\u00fctt\u0259fiqliyi daha da d\u0259rinl\u0259\u015fdir\u0259c\u0259k. H\u0259rbi bazan\u0131n yarad\u0131lmas\u0131 ola bil\u0259r ki, h\u0259l\u0259 ert\u0259l\u0259nsin. \u00c7\u00fcnki ortada NATO faktoru var. T\u00fcrkiy\u0259 bu m\u0259s\u0259l\u0259ni NATO-nun daxili qanunlar\u0131na uy\u011funla\u015fd\u0131rmal\u0131d\u0131r. Bunun yax\u0131n vaxtlarda ba\u015f ver\u0259c\u0259yi inand\u0131r\u0131c\u0131 deyil&#8221;.<\/p>\n<p>Konsullu\u011fun r\u0259smi qaydada a\u00e7\u0131lmas\u0131na g\u0259ldikd\u0259, A.Na\u011f\u0131 bildirdi ki, art\u0131q bunun \u00fc\u00e7\u00fcn vaxt yeti\u015fib: \u201cB\u00f6y\u00fck ehtimalla, n\u00f6vb\u0259ti s\u0259f\u0259rd\u0259 bu, ba\u015f ver\u0259c\u0259k. Bu s\u0259f\u0259rd\u0259n bizim g\u00f6zl\u0259ntimiz v\u0259 ist\u0259yimiz Qaraba\u011fda T\u00fcrkiy\u0259 h\u0259rbi q\u00fcvv\u0259l\u0259rinin say\u0131n\u0131n art\u0131r\u0131lmas\u0131, prosesl\u0259r\u0259 qarda\u015f \u00f6lk\u0259nin t\u0259sir imkanlar\u0131n\u0131n g\u00fccl\u0259nm\u0259si, Xank\u0259ndi d\u0259 daxil b\u00fct\u00fcn \u0259razil\u0259rimizd\u0259 T\u00fcrkiy\u0259nin \u0259sg\u0259ri m\u00f6vcudlu\u011funun t\u0259min edilm\u0259sidir\u201d.<\/p>\n<p><img loading=\"lazy\" src=\"https:\/\/sia.az\/storage\/2017\/11\/16\/411861599.jpg\" alt=\"El\u00e7in Mirz\u0259b\u0259yli: \u201cV\u0259t\u0259nda\u015flar reket\u00e7iliy\u0259 qar\u015f\u0131 m\u00fcbariz\u0259d\u0259 f\u0259al  olmal\u0131d\u0131rlar\u201d\" width=\"858\" height=\"464\" \/><\/p>\n<p><strong>El\u00e7in Mirz\u0259b\u0259yli\u00a0<\/strong><\/p>\n<p><strong>Siyasi \u015f\u0259rh\u00e7i El\u00e7in Mirz\u0259b\u0259yli \u201cYeni M\u00fcsavat\u201da bildirdi ki, Az\u0259rbaycan v\u0259 T\u00fcrkiy\u0259 prezidentl\u0259rinin qar\u015f\u0131l\u0131ql\u0131 s\u0259f\u0259ri bir qayda olaraq, h\u0259r iki \u00f6lk\u0259, region v\u0259 b\u00fct\u00f6vl\u00fckd\u0259 T\u00fcrk D\u00fcnyas\u0131 \u00fc\u00e7\u00fcn \u00f6n\u0259mli s\u0259n\u0259dl\u0259rin imzalanmas\u0131, raz\u0131l\u0131\u015fmalar\u0131n \u0259ld\u0259 olunmas\u0131 il\u0259 yadda qal\u0131r:<\/strong>\u00a0\u201cBu bax\u0131mdan, qarda\u015f \u00f6lk\u0259nin d\u00f6vl\u0259t ba\u015f\u00e7\u0131s\u0131n\u0131n may ay\u0131nda h\u0259yata ke\u00e7irilm\u0259si n\u0259z\u0259rd\u0259 tutulan s\u0259f\u0259ri zaman\u0131 da ilk n\u00f6vb\u0259d\u0259 Az\u0259rbaycan-T\u00fcrkiy\u0259 strateji m\u00fctt\u0259fiqlik m\u00fcnasib\u0259tl\u0259rini daha da g\u00fccl\u0259ndir\u0259 bil\u0259c\u0259k yeni s\u0259n\u0259dl\u0259rin imzalanmas\u0131 m\u00fcmk\u00fcnd\u00fcr. \u018fslind\u0259, iki qarda\u015f \u00f6lk\u0259 aras\u0131nda imzalanm\u0131\u015f v\u0259 h\u0259r iki \u00f6lk\u0259nin parlamentl\u0259rind\u0259 ratifikasiya olunmu\u015f \u015eu\u015fa B\u0259yannam\u0259sinin m\u0259tnin\u0259 diqq\u0259t yetirs\u0259k, yeni anla\u015fmalara z\u0259min yaradan m\u0259qamlar\u0131 g\u00f6r\u0259 bil\u0259rik. M\u0259s\u0259l\u0259n, B\u0259yannam\u0259d\u0259 qeyd olunur ki, \u201d&#8230;m\u00fctt\u0259fiqlik m\u00fcnasib\u0259tl\u0259rinin qurulmas\u0131n\u0131n siyasi v\u0259 h\u00fcquqi mexanizml\u0259rini m\u00fc\u0259yy\u0259n edirl\u0259r&#8221;. T\u0259kc\u0259 bu m\u0259qam m\u00fctt\u0259fiqlik m\u00fcnasib\u0259tl\u0259rinin, x\u00fcsusil\u0259 d\u0259 bu m\u00fcnasib\u0259tl\u0259rin h\u00fcquqi mexanizml\u0259rinin d\u0259qiql\u0259\u015fdirilm\u0259sini z\u0259riri edir ki, bu da \u0259n m\u00fcxt\u0259lif sah\u0259l\u0259rd\u0259 yeni raz\u0131la\u015fmalar\u0131n imzalanmas\u0131 dem\u0259kdir. Dig\u0259r t\u0259r\u0259fd\u0259n, \u015eu\u015fa B\u0259yannam\u0259sind\u0259, konkret m\u00fcdd\u0259a g\u00f6st\u0259rilm\u0259s\u0259 d\u0259, BMT Nizamnam\u0259sin\u0259 v\u0259 onun \u00fczv d\u00f6vl\u0259tl\u0259r\u0259 kollektiv m\u00fcdafi\u0259 h\u00fcququ ver\u0259n hiss\u0259sin\u0259 istinad edilir v\u0259 qeyd olunur ki, \u201ct\u0259r\u0259fl\u0259rd\u0259n h\u0259r hans\u0131 birinin fikrinc\u0259, onun m\u00fcst\u0259qilliyin\u0259, suverenliyin\u0259, \u0259razi b\u00fct\u00f6vl\u00fcy\u00fcn\u0259, beyn\u0259lxalq s\u0259viyy\u0259d\u0259 tan\u0131nm\u0131\u015f s\u0259rh\u0259dl\u0259rinin toxunulmazl\u0131\u011f\u0131na v\u0259 ya t\u0259hl\u00fck\u0259sizliyin\u0259 qar\u015f\u0131 \u00fc\u00e7\u00fcnc\u00fc d\u00f6vl\u0259t v\u0259 ya d\u00f6vl\u0259tl\u0259r t\u0259r\u0259find\u0259n t\u0259hdid v\u0259 ya t\u0259cav\u00fcz edildiyi t\u0259qdird\u0259, t\u0259r\u0259fl\u0259r birg\u0259 m\u0259sl\u0259h\u0259tl\u0259\u015fm\u0259l\u0259r aparacaq v\u0259 bu t\u0259hdid v\u0259 ya t\u0259cav\u00fcz\u00fcn aradan qald\u0131r\u0131lmas\u0131 m\u0259qs\u0259dil\u0259 BMT Nizamnam\u0259sinin m\u0259qs\u0259d v\u0259 prinsipl\u0259rin\u0259 m\u00fcvafiq t\u0259\u015f\u0259bb\u00fcs h\u0259yata ke\u00e7ir\u0259c\u0259k, bir-birin\u0259 BMT Nizamnam\u0259sin\u0259 uy\u011fun z\u0259ruri yard\u0131m g\u00f6st\u0259r\u0259c\u0259kl\u0259r. Bu yard\u0131m\u0131n h\u0259cmi v\u0259 formas\u0131 t\u0259xir\u0259 sal\u0131nmadan ke\u00e7iril\u0259n m\u00fczakir\u0259l\u0259r yolu il\u0259 m\u00fc\u0259yy\u0259n edil\u0259r\u0259k, birg\u0259 t\u0259dbirl\u0259r g\u00f6r\u00fclm\u0259si \u00fc\u00e7\u00fcn m\u00fcdafi\u0259 ehtiyaclar\u0131n\u0131n \u00f6d\u0259nilm\u0259sin\u0259 q\u0259rar veril\u0259c\u0259k v\u0259 Silahl\u0131 Q\u00fcvv\u0259l\u0259rin g\u00fcc v\u0259 idar\u0259etm\u0259 strukturlar\u0131n\u0131n \u0259laq\u0259l\u0259ndirilmi\u015f f\u0259aliyy\u0259ti t\u0259\u015fkil olunacaq\u201d.<\/p>\n<p><strong>E.Mirz\u0259b\u0259yli hesab edir ki, B\u0259yannam\u0259d\u0259 yer alan bu m\u0259qam, mahiyy\u0259t etibaril\u0259 Az\u0259rbaycan-T\u00fcrkiy\u0259 h\u0259rbi-siyasi ittifaq\u0131n\u0131n t\u0259m\u0259l h\u00fcquqi s\u00fctununu t\u0259\u015fkil edir v\u0259 bu v\u0259 dig\u0259r m\u00fcdd\u0259alardan \u00e7\u0131x\u0131\u015f edil\u0259r\u0259k, iki d\u00f6vl\u0259tin qar\u015f\u0131l\u0131ql\u0131 h\u0259rbi, siyasi, m\u0259d\u0259ni, sosial inteqrasiya prosesinin s\u00fcr\u0259tl\u0259ndirilm\u0259si \u00fc\u00e7\u00fcn m\u00fcvafiq q\u0259rarlar q\u0259bul edil\u0259c\u0259k:<\/strong>\u00a0\u201cB\u0259yannam\u0259nin h\u0259r iki \u00f6lk\u0259nin patlamentl\u0259rind\u0259 ratifikasiya olunmas\u0131 da, Az\u0259rbaycan v\u0259 T\u00fcrkiy\u0259nin qanunvericilik bazas\u0131n\u0131n s\u0259n\u0259dd\u0259 yer alan m\u00fcdd\u0259alar\u0131n\u0131n h\u0259yata ke\u00e7irilm\u0259sin\u0259 imkan yaradacaq mexaniznl\u0259rl\u0259 z\u0259nginl\u0259\u015fdirilm\u0259sin\u0259 xidm\u0259t edir. B\u0259yannam\u0259d\u0259n ir\u0259li g\u0259l\u0259n yeni raz\u0131la\u015fmalar, yaxud m\u00f6vcud olanlar\u0131n geni\u015fl\u0259ndirilm\u0259si a\u015fa\u011f\u0131dak\u0131 istiqam\u0259tl\u0259rd\u0259 h\u0259yata ke\u00e7iril\u0259 bil\u0259r: -iki qarda\u015f \u00f6lk\u0259nin silahl\u0131 q\u00fcvv\u0259l\u0259rinin m\u00fcasir t\u0259l\u0259bl\u0259r\u0259 uy\u011fun olaraq yenid\u0259n formala\u015fd\u0131r\u0131lmas\u0131, modernl\u0259\u015fdirilm\u0259si, m\u00fcdafi\u0259 qabiliyy\u0259tl\u0259rinin v\u0259 h\u0259rbi t\u0259hl\u00fck\u0259sizliyin m\u00f6hk\u0259ml\u0259ndirilm\u0259sin\u0259 y\u00f6n\u0259l\u0259n \u015f\u0259xsi hey\u0259t m\u00fcbadil\u0259si, birg\u0259 t\u0259hsil v\u0259 t\u0259liml\u0259rin ke\u00e7irilm\u0259si, iki \u00f6lk\u0259nin silahl\u0131 q\u00fcvv\u0259l\u0259rinin birlikd\u0259 f\u0259aliyy\u0259t qabiliyy\u0259tinin art\u0131r\u0131lmas\u0131; &#8211; d\u0259niz, hava v\u0259 kosmos sah\u0259l\u0259rind\u0259 qar\u015f\u0131l\u0131ql\u0131 texnologiya m\u00fcbadil\u0259sini h\u0259yata ke\u00e7ir\u0259r\u0259k m\u00fc\u015ft\u0259r\u0259k qabiliyy\u0259tl\u0259rin inki\u015faf etdirilm\u0259si m\u0259qs\u0259dil\u0259 birg\u0259 layih\u0259l\u0259rin yerin\u0259 yetirilm\u0259si; &#8211; qar\u015f\u0131l\u0131ql\u0131 m\u00fcdafi\u0259 s\u0259nayesi texnologiyalar\u0131n\u0131n inki\u015faf etdirilm\u0259si;\u00a0 &#8211; kiber t\u0259hl\u00fck\u0259sizlik sah\u0259sind\u0259 \u0259m\u0259kda\u015fl\u0131\u011f\u0131n daha da inki\u015faf etdirilm\u0259si; &#8211; milli iqtisadiyyatlar\u0131n\u0131n v\u0259 ixrac\u0131n \u015fax\u0259l\u0259ndirilm\u0259si, el\u0259c\u0259 d\u0259 perspektiv sah\u0259l\u0259rd\u0259 birg\u0259 istehsal\u0131n qurulmas\u0131, investisiya \u0259m\u0259kda\u015fl\u0131\u011f\u0131n\u0131n qar\u015f\u0131l\u0131ql\u0131 faydal\u0131 inki\u015faf\u0131, Az\u0259rbaycan v\u0259 T\u00fcrkiy\u0259 mallar\u0131n s\u0259rb\u0259st h\u0259r\u0259k\u0259tinin t\u0259\u015fkili mexanizml\u0259rinin yarad\u0131lmas\u0131;\u00a0 &#8211; enerji v\u0259 n\u0259qliyyat d\u0259hlizl\u0259ri sah\u0259sind\u0259 \u0259m\u0259kda\u015fl\u0131\u011f\u0131n geni\u015fl\u0259ndirilm\u0259si; &#8211; Az\u0259rbaycan v\u0259 t\u00fcrk diasporlar\u0131 aras\u0131nda \u0259m\u0259kda\u015fl\u0131\u011f\u0131n daha s\u0131x inki\u015faf etdirilm\u0259si; &#8211; media sah\u0259sind\u0259 strateji \u0259m\u0259kda\u015fl\u0131\u011f\u0131n inki\u015faf\u0131; &#8211; parlamentl\u0259raras\u0131 \u0259m\u0259kda\u015fl\u0131\u011f\u0131n daha da g\u00fccl\u0259ndirilm\u0259si; &#8211; m\u00fc\u015ft\u0259r\u0259k d\u0259y\u0259rl\u0259rin \u00fcmd\u0259 t\u0259zah\u00fcrl\u0259rin\u0259 laz\u0131mi ictimai d\u0259st\u0259yin g\u00f6st\u0259rilm\u0259si, tarixi v\u0259 m\u0259d\u0259ni irsl\u0259rinin qorunmas\u0131; &#8211; T\u00fcrk d\u00fcnyas\u0131n\u0131n birlik v\u0259 rifah\u0131na xidm\u0259t ed\u0259c\u0259k milli v\u0259 beyn\u0259lxalq s\u0259yl\u0259rin art\u0131r\u0131lmas\u0131, t\u00fcrk m\u0259d\u0259ni irsinin beyn\u0259lxalq s\u0259viyy\u0259d\u0259 t\u0259bli\u011f v\u0259 t\u0259\u015fviq edilm\u0259si sah\u0259sind\u0259 birg\u0259 \u0259m\u0259kda\u015fl\u0131\u011f\u0131 g\u00fccl\u0259ndirilm\u0259si v\u0259 sair\u201d.<\/p>\n<p><strong>\u00dcmumilikd\u0259, siyasi \u015f\u0259rh\u00e7inin qar\u015f\u0131dak\u0131 s\u0259f\u0259rd\u0259n b\u00f6y\u00fck g\u00f6zl\u0259ntil\u0259ri var:<\/strong>\u00a0\u201cG\u00f6r\u00fcnd\u00fcy\u00fc kimi, Az\u0259rbaycan-T\u00fcrkiy\u0259 strateji m\u00fcnasib\u0259tl\u0259rinin yol x\u0259rit\u0259si olan \u015eu\u015fa B\u0259yannam\u0259sind\u0259 yer alan istiqam\u0259tl\u0259r o q\u0259d\u0259r geni\u015fdir ki, onlar\u0131n h\u0259r biri qar\u015f\u0131sl\u0131ql\u0131 s\u0259f\u0259rl\u0259rin g\u00fcnd\u0259mini t\u0259\u015fkil ed\u0259 bil\u0259r. Bu s\u0131rada \u015eu\u015fada konsullu\u011fun a\u00e7\u0131lmas\u0131, yaxud subyektiv q\u0259na\u0259tim\u0259 g\u00f6r\u0259, T\u00fcrkiy\u0259nin Qaraba\u011f v\u0259 \u015e\u0259rqi Z\u0259ng\u0259zir iqtisadi rayonlar\u0131 \u00fczr\u0259 m\u00fcvafiq n\u00fcmay\u0259nd\u0259liyinin a\u00e7\u0131qlmas\u0131 da m\u00fcmk\u00fcnd\u00fcr\u201d.<\/p>\n<p><img src=\"https:\/\/konkret.az\/cloud\/uploads\/2021\/04\/elxansahinoglu.jpg\" alt=\"Elxan \u015eahino\u011flu son \u00e7\u0131x\u0131\u015f\u0131 il\u0259 \u00f6z\u00fcn\u00fc v\u0259 \u201ca\u011falar\u0131n\u0131\u201d bel\u0259 \u0259l\u0259 verdi -  \u018fTRAFLI | KONKRET\" \/><\/p>\n<p><strong>Elxan \u015eahino\u011flu<\/strong><\/p>\n<p><strong>\u201cAtlas\u201d Ara\u015fd\u0131rmalar M\u0259rk\u0259zinin r\u0259hb\u0259ri, politoloq Elxan \u015eahino\u011flu is\u0259 hesab edir ki, \u201c\u015eu\u015fa B\u0259yannam\u0259si\u201d Az\u0259rbaycan v\u0259 T\u00fcrkiy\u0259 parlamentl\u0259rind\u0259 ratifikasiya olunduqdan sonra h\u0259min s\u0259n\u0259din b\u0259ndl\u0259rinin konkret realla\u015fd\u0131r\u0131lmas\u0131 istiqam\u0259tind\u0259 \u00e7al\u0131\u015fmalar ba\u015flamal\u0131d\u0131r:<\/strong>\u00a0\u201cS\u0259n\u0259d fevral\u0131n 1-d\u0259 Milli M\u0259clisd\u0259 ratifikasiya olundu\u011fu g\u00fcn m\u00fcdafi\u0259 naziri Zakir H\u0259s\u0259novun T\u00fcrkiy\u0259y\u0259 s\u0259f\u0259rini t\u0259sad\u00fcfi saym\u0131ram. B\u0259yanat\u0131n \u201dt\u0259r\u0259fl\u0259r iki qarda\u015f \u00f6lk\u0259nin silahl\u0131 q\u00fcvv\u0259l\u0259rinin m\u00fcasir t\u0259l\u0259bl\u0259r\u0259 uy\u011fun olaraq yenid\u0259n formala\u015fd\u0131r\u0131lmas\u0131 v\u0259 modernl\u0259\u015fdirilm\u0259si istiqam\u0259tind\u0259 birg\u0259 s\u0259y g\u00f6st\u0259rm\u0259y\u0259 davam ed\u0259c\u0259kl\u0259r&#8221; b\u0259ndin\u0259 uy\u011fun olaraq Az\u0259rbaycan ordusunun daha da moderml\u0259\u015fdirilm\u0259si istiqam\u0259tind\u0259 \u00e7al\u0131\u015fmalar geni\u015fl\u0259nib. Bir ba\u015fqa b\u0259nd bel\u0259dir: \u201cT\u0259r\u0259fl\u0259rin T\u0259hl\u00fck\u0259sizlik \u015euralar\u0131n\u0131n milli t\u0259hl\u00fck\u0259sizlik m\u0259s\u0259l\u0259l\u0259ri \u00fczr\u0259 m\u00fcnt\u0259z\u0259m olaraq birg\u0259 iclaslar\u0131 ke\u00e7iril\u0259c\u0259k v\u0259 bu iclaslarda milli m\u0259nafe, t\u0259r\u0259fl\u0259rin maraqlar\u0131na toxunan regional v\u0259 beyn\u0259lxalq t\u0259hl\u00fck\u0259sizlik m\u0259s\u0259l\u0259l\u0259rinin m\u00fczakir\u0259si h\u0259yata ke\u00e7iril\u0259c\u0259k\u201d. Bu istiqam\u0259td\u0259 d\u0259 koordinasiyan\u0131n g\u00fccl\u0259nidirilm\u0259sin\u0259 ehtiyac var. N\u0259hay\u0259t, \u015eu\u015fada T\u00fcrkiy\u0259nin konsulluq binas\u0131n\u0131n tikintisin\u0259 ba\u015flama\u011f\u0131n zaman\u0131d\u0131r&#8221;.<\/p>\n<p>Ekspertl\u0259rimizin a\u00e7\u0131qlamalar\u0131ndan da g\u00f6r\u00fcn\u00fcr ki, Az\u0259rbaycan Prezidentinin S\u0259r\u0259ncam\u0131 il\u0259 elan olunan \u201c\u015eu\u015fa ili\u201dnd\u0259 ba\u015f tutacaq s\u0259f\u0259r zaman\u0131 vacib anla\u015fmalar \u0259ld\u0259 edil\u0259c\u0259k. N\u00f6vb\u0259ti d\u0259f\u0259 dost v\u0259 qarda\u015flar sevin\u0259c\u0259k, d\u00fc\u015fm\u0259n \u00fcz\u00fcl\u0259c\u0259k&#8230;<\/p>\n","protected":false},"excerpt":{"rendered":"<p>44 g\u00fcnl\u00fck sava\u015fdan sonra b\u00f6lg\u0259nin taleyind\u0259 h\u0259lledici s\u00f6z sahibi olan iki qarda\u015f \u00f6lk\u0259nin liderl\u0259rinin qar\u015f\u0131dak\u0131 g\u00f6r\u00fc\u015f\u00fc yeni tarixi hadis\u0259l\u0259rl\u0259 yadda qalacaq; \u015eu\u015fada T\u00fcrkiy\u0259nin Ba\u015f Konsullu\u011funun a\u00e7\u0131lmas\u0131 realla\u015fa bil\u0259r&#8230; T\u00fcrkiy\u0259 Prezidenti R\u0259c\u0259b Tayyib \u018frdo\u011fan may ay\u0131nda Az\u0259rbaycana s\u0259f\u0259r ed\u0259c\u0259k. Bu bar\u0259d\u0259 T\u00fcrkiy\u0259 Elmi v\u0259 Texnoloji T\u0259dqiqat \u015euras\u0131n\u0131n ba\u015fqan\u0131 professor Hasan Mandal a\u00e7\u0131qlama verib. R\u0259smi m\u0259lumata g\u00f6r\u0259, R.T.\u018frdo\u011fan Bak\u0131da \u201cTEKNOFEST\u201d Aerokosmik v\u0259 Texnologiya Festival\u0131n\u0131n a\u00e7\u0131l\u0131\u015f\u0131nda i\u015ftirak ed\u0259c\u0259k. Festival may\u0131n 26-dan 29-d\u0259k ke\u00e7iril\u0259c\u0259k. Bundan ba\u015fqa, s\u0259f\u0259r \u00e7\u0259r\u00e7iv\u0259sind\u0259 iki \u00f6lk\u0259 r\u0259hb\u0259rliyi aras\u0131nda g\u00f6r\u00fc\u015f olacaq. Qarda\u015f \u00f6lk\u0259 liderinin \u00f6lk\u0259miz\u0259 h\u0259r s\u0259f\u0259ri &#8211; x\u00fcsusil\u0259 d\u0259 44&hellip;<\/p>\n","protected":false},"author":2,"featured_media":438005,"comment_status":"closed","ping_status":"closed","sticky":false,"template":"","format":"standard","meta":{"om_disable_all_campaigns":false,"_monsterinsights_skip_tracking":false,"_monsterinsights_sitenote_active":false,"_monsterinsights_sitenote_note":"","_monsterinsights_sitenote_category":0},"categories":[4],"tags":[],"aioseo_notices":[],"gutentor_comment":0,"rttpg_featured_image_url":{"full":["https:\/\/arantv.az\/wp-content\/uploads\/2022\/02\/12d13910623516946b018282c69121f3.jpg",450,300,false],"landscape":["https:\/\/arantv.az\/wp-content\/uploads\/2022\/02\/12d13910623516946b018282c69121f3.jpg",450,300,false],"portraits":["https:\/\/arantv.az\/wp-content\/uploads\/2022\/02\/12d13910623516946b018282c69121f3.jpg",450,300,false],"thumbnail":["https:\/\/arantv.az\/wp-content\/uploads\/2022\/02\/12d13910623516946b018282c69121f3-450x280.jpg",450,280,true],"medium":["https:\/\/arantv.az\/wp-content\/uploads\/2022\/02\/12d13910623516946b018282c69121f3.jpg",450,300,false],"large":["https:\/\/arantv.az\/wp-content\/uploads\/2022\/02\/12d13910623516946b018282c69121f3.jpg",450,300,false],"1536x1536":["https:\/\/arantv.az\/wp-content\/uploads\/2022\/02\/12d13910623516946b018282c69121f3.jpg",450,300,false],"2048x2048":["https:\/\/arantv.az\/wp-content\/uploads\/2022\/02\/12d13910623516946b018282c69121f3.jpg",450,300,false],"post-thumbnail":["https:\/\/arantv.az\/wp-content\/uploads\/2022\/02\/12d13910623516946b018282c69121f3-240x172.jpg",240,172,true],"advps-thumb-one":["https:\/\/arantv.az\/wp-content\/uploads\/2022\/02\/12d13910623516946b018282c69121f3.jpg",450,300,false]},"rttpg_author":{"display_name":"V\u00fcsal Rafiqo\u011flu","author_link":"https:\/\/arantv.az\/?author=2"},"rttpg_comment":0,"rttpg_category":"<a href=\"https:\/\/arantv.az\/?cat=4\" rel=\"category\">Siyas\u0259t<\/a>","rttpg_excerpt":"44 g\u00fcnl\u00fck sava\u015fdan sonra b\u00f6lg\u0259nin taleyind\u0259 h\u0259lledici s\u00f6z sahibi olan iki qarda\u015f \u00f6lk\u0259nin liderl\u0259rinin qar\u015f\u0131dak\u0131 g\u00f6r\u00fc\u015f\u00fc yeni tarixi hadis\u0259l\u0259rl\u0259 yadda qalacaq; \u015eu\u015fada T\u00fcrkiy\u0259nin Ba\u015f Konsullu\u011funun a\u00e7\u0131lmas\u0131 realla\u015fa bil\u0259r&#8230; T\u00fcrkiy\u0259 Prezidenti R\u0259c\u0259b Tayyib \u018frdo\u011fan may ay\u0131nda Az\u0259rbaycana s\u0259f\u0259r ed\u0259c\u0259k. Bu bar\u0259d\u0259 T\u00fcrkiy\u0259 Elmi v\u0259 Texnoloji T\u0259dqiqat \u015euras\u0131n\u0131n ba\u015fqan\u0131 professor Hasan Mandal a\u00e7\u0131qlama verib. R\u0259smi m\u0259lumata g\u00f6r\u0259,&hellip;","_links":{"self":[{"href":"https:\/\/arantv.az\/index.php?rest_route=\/wp\/v2\/posts\/438004"}],"collection":[{"href":"https:\/\/arantv.az\/index.php?rest_route=\/wp\/v2\/posts"}],"about":[{"href":"https:\/\/arantv.az\/index.php?rest_route=\/wp\/v2\/types\/post"}],"author":[{"embeddable":true,"href":"https:\/\/arantv.az\/index.php?rest_route=\/wp\/v2\/users\/2"}],"replies":[{"embeddable":true,"href":"https:\/\/arantv.az\/index.php?rest_route=%2Fwp%2Fv2%2Fcomments&post=438004"}],"version-history":[{"count":0,"href":"https:\/\/arantv.az\/index.php?rest_route=\/wp\/v2\/posts\/438004\/revisions"}],"wp:featuredmedia":[{"embeddable":true,"href":"https:\/\/arantv.az\/index.php?rest_route=\/wp\/v2\/media\/438005"}],"wp:attachment":[{"href":"https:\/\/arantv.az\/index.php?rest_route=%2Fwp%2Fv2%2Fmedia&parent=438004"}],"wp:term":[{"taxonomy":"category","embeddable":true,"href":"https:\/\/arantv.az\/index.php?rest_route=%2Fwp%2Fv2%2Fcategories&post=438004"},{"taxonomy":"post_tag","embeddable":true,"href":"https:\/\/arantv.az\/index.php?rest_route=%2Fwp%2Fv2%2Ftags&post=438004"}],"curies":[{"name":"wp","href":"https:\/\/api.w.org\/{rel}","templated":true}]}}