{"id":43801,"date":"2019-03-08T12:56:26","date_gmt":"2019-03-08T09:56:26","guid":{"rendered":"http:\/\/arantv.az\/?p=43801"},"modified":"2019-03-08T12:56:26","modified_gmt":"2019-03-08T09:56:26","slug":"bu-gund%c9%99n-islamda-3-muq%c9%99dd%c9%99s-aydan-ilki-olan-r%c9%99c%c9%99b-ayi-baslayir","status":"publish","type":"post","link":"https:\/\/arantv.az\/?p=43801","title":{"rendered":"Bu g\u00fcnd\u0259n \u0130slamda 3 m\u00fcq\u0259dd\u0259s aydan ilki olan R\u0259c\u0259b ay\u0131 ba\u015flay\u0131r"},"content":{"rendered":"<p><strong>Bu g\u00fcn \u0130slam t\u0259qvimind\u0259 3 m\u00fcq\u0259dd\u0259s aydan ilki hesab olunan R\u0259c\u0259b ay\u0131 daxil olub.<\/strong><\/p>\n<p><strong>ARANTV.AZ\u00a0<\/strong> x\u0259b\u0259r verir ki, salamnews-un m\u0259lumat\u0131na g\u00f6r\u0259, bu ay h\u0259r bir m\u00fcs\u0259lman \u00fc\u00e7\u00fcn m\u0259n\u0259viyyat\u0131n\u0131 kamill\u0259\u015fdirm\u0259k v\u0259 nuraniyy\u0259tini art\u0131rmaq \u00fc\u00e7\u00fcn g\u00f6z\u0259l f\u00fcrs\u0259tdir.<\/p>\n<p>\u0130slam m\u0259nb\u0259l\u0259rind\u0259 bu ay\u0131n \u00f6z\u00fcn\u0259m\u0259xsus f\u0259zil\u0259t v\u0259 b\u0259r\u0259k\u0259ti, el\u0259c\u0259 d\u0259, bir \u00e7ox dua v\u0259 \u0259m\u0259ll\u0259ri qeyd olunub.<\/p>\n<p>Bu ayda \u0130slam tarixind\u0259 bir s\u0131ra m\u00fch\u00fcm hadis\u0259l\u0259r ba\u015f verib:<\/p>\n<p>R\u0259c\u0259b ay\u0131n\u0131n 1-i, hicri 57-ci il 5-ci imam &#8211; \u0130mam Muh\u0259mm\u0259d Baqirin (\u0259) m\u00fcbar\u0259k m\u00f6vludu g\u00fcn\u00fcd\u00fcr.<\/p>\n<p>R\u0259c\u0259b ay\u0131n\u0131n 3-\u00fc, hicri 254-c\u00fc ild\u0259 10-cu imam &#8211; \u0130mam Hadi (\u0259) (\u018fliyy\u0259n-N\u0259qi (\u0259)) \u015f\u0259hid olan g\u00fcn\u00fcd\u00fcr.<\/p>\n<p>R\u0259c\u0259b ay\u0131n\u0131n 8-i, hicri 20-ci il \u0130slam dininin Misird\u0259 yay\u0131lma\u011fa ba\u015flad\u0131\u011f\u0131 g\u00fcnd\u00fcr.<\/p>\n<p>R\u0259c\u0259b ay\u0131n\u0131n 10-u, hicri 195-ci il \u0130mam Cavad (\u0259) kimi tan\u0131nan \u0130mam M\u0259h\u0259mm\u0259d T\u0259qinin (\u0259) m\u00fcbar\u0259k m\u00f6vludu g\u00fcn\u00fcd\u00fcr.<\/p>\n<p>R\u0259c\u0259b ay\u0131n\u0131n 12-i, hicri 36-c\u0131 ild\u0259 H\u0259zr\u0259t \u018fli (\u0259) Kuf\u0259 \u015f\u0259h\u0259rin\u0259 daxil olmu\u015f v\u0259 buran\u0131 xilaf\u0259tin paytaxt\u0131 kimi m\u00fc\u0259yy\u0259nl\u0259\u015fdirmi\u015fdir.<\/p>\n<div id=\"AdributorNativeVideo0\" class=\"AdributorNativeVideo\"><\/div>\n<p>R\u0259c\u0259b ay\u0131n\u0131n 13-\u00fc, hicr\u0259td\u0259n 23 il \u00f6nc\u0259 M\u0259kk\u0259 \u015f\u0259h\u0259rind\u0259, K\u0259b\u0259 evind\u0259 \u018fmir\u0259lm\u00f6minin H\u0259zr\u0259t \u018fli (\u0259) d\u00fcnyaya g\u0259lmi\u015fdir.<\/p>\n<p>R\u0259c\u0259b ay\u0131n\u0131n 15-i, hicri 62-ci il K\u0259rb\u0259la h\u0259qiq\u0259tl\u0259rini d\u00fcnyaya \u00e7atd\u0131ran, zal\u0131m Yezid istibdad\u0131n\u0131 \u00f6z q\u0259hr\u0259man \u00e7\u0131x\u0131\u015flar\u0131 il\u0259 silk\u0259l\u0259y\u0259n H\u0259zr\u0259t Zeyn\u0259bin (\u0259) v\u0259fat\u0131 g\u00fcn\u00fcd\u00fcr.<\/p>\n<p>R\u0259c\u0259b ay\u0131n\u0131n 19-u, 9-cu hicri ilind\u0259, T\u0259buk q\u0259zv\u0259si ba\u015f vermi\u015fdir. Yeni qurulmu\u015f m\u00fcs\u0259lman qo\u015funu Roma imperiyas\u0131n\u0131n t\u0259cav\u00fcz\u00fcn\u00fcn qar\u015f\u0131s\u0131n\u0131 almaq \u00fc\u00e7\u00fcn H\u0259zr\u0259t R\u0259suli-\u018fkr\u0259min (s) ba\u015f\u00e7\u0131l\u0131\u011f\u0131 alt\u0131nda M\u0259din\u0259 \u015f\u0259h\u0259rind\u0259n \u018fr\u0259bistan yar\u0131madas\u0131n\u0131n \u015fimal\u0131nad\u0259k y\u00fcr\u00fc\u015f etmi\u015f, \u0130slam\u0131n q\u00fcdr\u0259t v\u0259 \u0259z\u0259m\u0259tini b\u00fct\u00fcn \u0259r\u0259b tayfalar\u0131na n\u00fcmayi\u015f etdirmi\u015fdi.<\/p>\n<p>R\u0259c\u0259b ay\u0131n\u0131n 20-si, 13-c\u00fc hicri ilind\u0259 m\u00fcs\u0259lman m\u00fccahidl\u0259ril\u0259 Roma imperiyas\u0131 aras\u0131nda Y\u0259rmuk d\u00f6y\u00fc\u015f\u00fc ba\u015f vermi\u015fdir.<\/p>\n<p>R\u0259c\u0259b ay\u0131n\u0131n 24-\u00fc, 7-ci hicri ilind\u0259 m\u00fch\u00fcm strateji \u0259h\u0259miyy\u0259t\u0259 malik olan Xeyb\u0259r qalas\u0131 m\u00fcs\u0259lmanlar t\u0259r\u0259find\u0259n f\u0259th edilmi\u015fdir.<\/p>\n<p>R\u0259c\u0259b ay\u0131n\u0131n 25-i, hicri 183-c\u00fc ild\u0259 m\u00fcs\u0259lmanlar\u0131n 7-ci imam\u0131 &#8211; H\u0259zr\u0259t Museyi-Kaz\u0131m (\u0259), d\u00f6vr\u00fcn x\u0259lif\u0259si q\u0259sbkar Harun-\u0259r-R\u0259\u015fid t\u0259rfind\u0259n z\u0259h\u0259rl\u0259n\u0259r\u0259k \u015f\u0259had\u0259t\u0259 yeti\u015fmi\u015fdir. \u0130mam\u0131n m\u00fcbar\u0259k m\u0259qb\u0259r\u0259si \u0130raq\u0131n Kazimeyn \u015f\u0259h\u0259rind\u0259dir. \u0130mam\u0131n m\u0259qb\u0259r\u0259sini ziyar\u0259t ed\u0259 bilm\u0259y\u0259nl\u0259r onun q\u0131zlar\u0131n\u0131n \u00f6lk\u0259mizd\u0259 &#8211; Nardaran v\u0259 Bibi-Heyb\u0259td\u0259 yerl\u0259\u015f\u0259n m\u0259qb\u0259r\u0259l\u0259rini ziyar\u0259t ed\u0259 bil\u0259rl\u0259r.<\/p>\n<p>R\u0259c\u0259b ay\u0131n\u0131n 27-si, hicr\u0259td\u0259n 13 il \u00f6nc\u0259 H\u0259zr\u0259t M\u0259h\u0259mm\u0259d ibn Abdullaha (s) pey\u011f\u0259mb\u0259rliyin verilm\u0259si &#8211; M\u0259b\u0259s g\u00fcn\u00fcd\u00fcr. Bu g\u00fcnd\u0259 oruc tutmaq m\u00fcst\u0259h\u0259b \u0259m\u0259ll\u0259rd\u0259ndir.<\/p>\n<p>R\u0259c\u0259bin 28-i, hicr\u0259tin 60-c\u0131 ilind\u0259 \u0130mam H\u00fcseyn (\u0259) M\u0259din\u0259d\u0259n M\u0259kk\u0259y\u0259 do\u011fru h\u0259r\u0259k\u0259t etmi\u015fdir. Bu, A\u015fura salnam\u0259si il\u0259 sonlanan, xilaf\u0259ti q\u0259sb etmi\u015f zal\u0131m Yezid istibdad\u0131na qar\u015f\u0131 m\u00fcbariz\u0259 h\u0259r\u0259kat\u0131n\u0131n ba\u015flan\u011f\u0131c\u0131 idi. Azsayl\u0131 t\u0259r\u0259fdarlar\u0131 il\u0259 \u0130slam\u0131 ya\u015fadan, z\u00fclm\u0259, r\u0259zilliy\u0259 yox dey\u0259n \u0130mam H\u00fcseyn (\u0259) bu yenilm\u0259z m\u00fcbariz\u0259sil\u0259 misilsiz q\u0259hr\u0259manl\u0131q m\u0259kt\u0259binin \u0259sas\u0131n\u0131 qoyub.<\/p>\n","protected":false},"excerpt":{"rendered":"<p>Bu g\u00fcn \u0130slam t\u0259qvimind\u0259 3 m\u00fcq\u0259dd\u0259s aydan ilki hesab olunan R\u0259c\u0259b ay\u0131 daxil olub. ARANTV.AZ\u00a0 x\u0259b\u0259r verir ki, salamnews-un m\u0259lumat\u0131na g\u00f6r\u0259, bu ay h\u0259r bir m\u00fcs\u0259lman \u00fc\u00e7\u00fcn m\u0259n\u0259viyyat\u0131n\u0131 kamill\u0259\u015fdirm\u0259k v\u0259 nuraniyy\u0259tini art\u0131rmaq \u00fc\u00e7\u00fcn g\u00f6z\u0259l f\u00fcrs\u0259tdir. \u0130slam m\u0259nb\u0259l\u0259rind\u0259 bu ay\u0131n \u00f6z\u00fcn\u0259m\u0259xsus f\u0259zil\u0259t v\u0259 b\u0259r\u0259k\u0259ti, el\u0259c\u0259 d\u0259, bir \u00e7ox dua v\u0259 \u0259m\u0259ll\u0259ri qeyd olunub. Bu ayda \u0130slam tarixind\u0259 bir s\u0131ra m\u00fch\u00fcm hadis\u0259l\u0259r ba\u015f verib: R\u0259c\u0259b ay\u0131n\u0131n 1-i, hicri 57-ci il 5-ci imam &#8211; \u0130mam Muh\u0259mm\u0259d Baqirin (\u0259) m\u00fcbar\u0259k m\u00f6vludu g\u00fcn\u00fcd\u00fcr. R\u0259c\u0259b ay\u0131n\u0131n 3-\u00fc, hicri 254-c\u00fc ild\u0259 10-cu imam &#8211; \u0130mam Hadi (\u0259)&hellip;<\/p>\n","protected":false},"author":2,"featured_media":43802,"comment_status":"closed","ping_status":"closed","sticky":false,"template":"","format":"standard","meta":{"om_disable_all_campaigns":false,"_monsterinsights_skip_tracking":false,"_monsterinsights_sitenote_active":false,"_monsterinsights_sitenote_note":"","_monsterinsights_sitenote_category":0},"categories":[1],"tags":[],"aioseo_notices":[],"gutentor_comment":0,"rttpg_featured_image_url":{"full":["https:\/\/arantv.az\/wp-content\/uploads\/2019\/03\/receb_ayi.jpg",640,398,false],"landscape":["https:\/\/arantv.az\/wp-content\/uploads\/2019\/03\/receb_ayi.jpg",640,398,false],"portraits":["https:\/\/arantv.az\/wp-content\/uploads\/2019\/03\/receb_ayi.jpg",640,398,false],"thumbnail":["https:\/\/arantv.az\/wp-content\/uploads\/2019\/03\/receb_ayi-150x150.jpg",150,150,true],"medium":["https:\/\/arantv.az\/wp-content\/uploads\/2019\/03\/receb_ayi-300x187.jpg",300,187,true],"large":["https:\/\/arantv.az\/wp-content\/uploads\/2019\/03\/receb_ayi.jpg",640,398,false],"1536x1536":["https:\/\/arantv.az\/wp-content\/uploads\/2019\/03\/receb_ayi.jpg",640,398,false],"2048x2048":["https:\/\/arantv.az\/wp-content\/uploads\/2019\/03\/receb_ayi.jpg",640,398,false],"post-thumbnail":["https:\/\/arantv.az\/wp-content\/uploads\/2019\/03\/receb_ayi-240x172.jpg",240,172,true],"advps-thumb-one":["https:\/\/arantv.az\/wp-content\/uploads\/2019\/03\/receb_ayi.jpg",640,398,false]},"rttpg_author":{"display_name":"V\u00fcsal Rafiqo\u011flu","author_link":"https:\/\/arantv.az\/?author=2"},"rttpg_comment":0,"rttpg_category":"<a href=\"https:\/\/arantv.az\/?cat=1\" rel=\"category\">C\u0259miyy\u0259t<\/a>","rttpg_excerpt":"Bu g\u00fcn \u0130slam t\u0259qvimind\u0259 3 m\u00fcq\u0259dd\u0259s aydan ilki hesab olunan R\u0259c\u0259b ay\u0131 daxil olub. ARANTV.AZ\u00a0 x\u0259b\u0259r verir ki, salamnews-un m\u0259lumat\u0131na g\u00f6r\u0259, bu ay h\u0259r bir m\u00fcs\u0259lman \u00fc\u00e7\u00fcn m\u0259n\u0259viyyat\u0131n\u0131 kamill\u0259\u015fdirm\u0259k v\u0259 nuraniyy\u0259tini art\u0131rmaq \u00fc\u00e7\u00fcn g\u00f6z\u0259l f\u00fcrs\u0259tdir. \u0130slam m\u0259nb\u0259l\u0259rind\u0259 bu ay\u0131n \u00f6z\u00fcn\u0259m\u0259xsus f\u0259zil\u0259t v\u0259 b\u0259r\u0259k\u0259ti, el\u0259c\u0259 d\u0259, bir \u00e7ox dua v\u0259 \u0259m\u0259ll\u0259ri qeyd olunub. Bu ayda \u0130slam&hellip;","_links":{"self":[{"href":"https:\/\/arantv.az\/index.php?rest_route=\/wp\/v2\/posts\/43801"}],"collection":[{"href":"https:\/\/arantv.az\/index.php?rest_route=\/wp\/v2\/posts"}],"about":[{"href":"https:\/\/arantv.az\/index.php?rest_route=\/wp\/v2\/types\/post"}],"author":[{"embeddable":true,"href":"https:\/\/arantv.az\/index.php?rest_route=\/wp\/v2\/users\/2"}],"replies":[{"embeddable":true,"href":"https:\/\/arantv.az\/index.php?rest_route=%2Fwp%2Fv2%2Fcomments&post=43801"}],"version-history":[{"count":0,"href":"https:\/\/arantv.az\/index.php?rest_route=\/wp\/v2\/posts\/43801\/revisions"}],"wp:featuredmedia":[{"embeddable":true,"href":"https:\/\/arantv.az\/index.php?rest_route=\/wp\/v2\/media\/43802"}],"wp:attachment":[{"href":"https:\/\/arantv.az\/index.php?rest_route=%2Fwp%2Fv2%2Fmedia&parent=43801"}],"wp:term":[{"taxonomy":"category","embeddable":true,"href":"https:\/\/arantv.az\/index.php?rest_route=%2Fwp%2Fv2%2Fcategories&post=43801"},{"taxonomy":"post_tag","embeddable":true,"href":"https:\/\/arantv.az\/index.php?rest_route=%2Fwp%2Fv2%2Ftags&post=43801"}],"curies":[{"name":"wp","href":"https:\/\/api.w.org\/{rel}","templated":true}]}}