{"id":43804,"date":"2019-03-08T12:57:13","date_gmt":"2019-03-08T09:57:13","guid":{"rendered":"http:\/\/arantv.az\/?p=43804"},"modified":"2019-03-08T12:57:13","modified_gmt":"2019-03-08T09:57:13","slug":"bakida-kul%c9%99k-agaclari-asirdi","status":"publish","type":"post","link":"https:\/\/arantv.az\/?p=43804","title":{"rendered":"Bak\u0131da k\u00fcl\u0259k a\u011faclar\u0131 a\u015f\u0131rd\u0131"},"content":{"rendered":"<blockquote><p><em><strong>Bak\u0131da g\u00fccl\u00fc k\u00fcl\u0259k f\u0259sadlar t\u00f6r\u0259tm\u0259s\u0259 d\u0259, a\u011faclara ziyan vurub.<\/strong><\/em><\/p><\/blockquote>\n<p><strong>ARANTV.AZ<\/strong> x\u0259b\u0259r verir ki, bunu\u00a0<a href=\"https:\/\/az.trend.az\/\" target=\"_blank\" rel=\"noopener\">Trend<\/a>-\u0259 a\u00e7\u0131qlamas\u0131nda Bak\u0131 \u015e\u0259h\u0259r \u0130cra Hakimiyy\u0259tinin Ya\u015f\u0131lla\u015fd\u0131rma T\u0259s\u0259rr\u00fcfat\u0131 Birliyinin Bitkil\u0259rin M\u00fchafiz\u0259si \u015f\u00f6b\u0259sinin r\u0259isi Orxan M\u0259mm\u0259dov deyib.<\/p>\n<p>Onun s\u00f6zl\u0259rin\u0259 g\u00f6r\u0259, k\u00fcl\u0259k n\u0259tic\u0259sind\u0259 iki a\u011fac a\u015f\u0131b: &#8220;Bir a\u011fac Nizami, dig\u0259ri is\u0259 Yasamal rayonu \u0259razisind\u0259 a\u015f\u0131b. Xo\u015fb\u0259xtlikd\u0259n a\u011faclar bo\u015f sah\u0259y\u0259 a\u015f\u0131b v\u0259 \u0259trafa ziyan vurmay\u0131b. Haz\u0131rda \u0259m\u0259kda\u015flar\u0131m\u0131z hadis\u0259 yerind\u0259dirl\u0259r&#8221;.<\/p>\n<p>Xat\u0131rladaq ki, d\u00fcn\u0259n ax\u015fam saatlar\u0131ndan Bak\u0131 v\u0259 Ab\u015feron yar\u0131madas\u0131nda g\u00fccl\u00fc k\u00fcl\u0259k ba\u015flay\u0131b.<\/p>\n","protected":false},"excerpt":{"rendered":"<p>Bak\u0131da g\u00fccl\u00fc k\u00fcl\u0259k f\u0259sadlar t\u00f6r\u0259tm\u0259s\u0259 d\u0259, a\u011faclara ziyan vurub. ARANTV.AZ x\u0259b\u0259r verir ki, bunu\u00a0Trend-\u0259 a\u00e7\u0131qlamas\u0131nda Bak\u0131 \u015e\u0259h\u0259r \u0130cra Hakimiyy\u0259tinin Ya\u015f\u0131lla\u015fd\u0131rma T\u0259s\u0259rr\u00fcfat\u0131 Birliyinin Bitkil\u0259rin M\u00fchafiz\u0259si \u015f\u00f6b\u0259sinin r\u0259isi Orxan M\u0259mm\u0259dov deyib. Onun s\u00f6zl\u0259rin\u0259 g\u00f6r\u0259, k\u00fcl\u0259k n\u0259tic\u0259sind\u0259 iki a\u011fac a\u015f\u0131b: &#8220;Bir a\u011fac Nizami, dig\u0259ri is\u0259 Yasamal rayonu \u0259razisind\u0259 a\u015f\u0131b. Xo\u015fb\u0259xtlikd\u0259n a\u011faclar bo\u015f sah\u0259y\u0259 a\u015f\u0131b v\u0259 \u0259trafa ziyan vurmay\u0131b. Haz\u0131rda \u0259m\u0259kda\u015flar\u0131m\u0131z hadis\u0259 yerind\u0259dirl\u0259r&#8221;. Xat\u0131rladaq ki, d\u00fcn\u0259n ax\u015fam saatlar\u0131ndan Bak\u0131 v\u0259 Ab\u015feron yar\u0131madas\u0131nda g\u00fccl\u00fc k\u00fcl\u0259k ba\u015flay\u0131b.<\/p>\n","protected":false},"author":2,"featured_media":43805,"comment_status":"closed","ping_status":"closed","sticky":false,"template":"","format":"standard","meta":{"om_disable_all_campaigns":false,"_monsterinsights_skip_tracking":false,"_monsterinsights_sitenote_active":false,"_monsterinsights_sitenote_note":"","_monsterinsights_sitenote_category":0},"categories":[1],"tags":[],"aioseo_notices":[],"gutentor_comment":0,"rttpg_featured_image_url":{"full":["https:\/\/arantv.az\/wp-content\/uploads\/2019\/03\/737199.jpg",367,274,false],"landscape":["https:\/\/arantv.az\/wp-content\/uploads\/2019\/03\/737199.jpg",367,274,false],"portraits":["https:\/\/arantv.az\/wp-content\/uploads\/2019\/03\/737199.jpg",367,274,false],"thumbnail":["https:\/\/arantv.az\/wp-content\/uploads\/2019\/03\/737199-150x150.jpg",150,150,true],"medium":["https:\/\/arantv.az\/wp-content\/uploads\/2019\/03\/737199-300x224.jpg",300,224,true],"large":["https:\/\/arantv.az\/wp-content\/uploads\/2019\/03\/737199.jpg",367,274,false],"1536x1536":["https:\/\/arantv.az\/wp-content\/uploads\/2019\/03\/737199.jpg",367,274,false],"2048x2048":["https:\/\/arantv.az\/wp-content\/uploads\/2019\/03\/737199.jpg",367,274,false],"post-thumbnail":["https:\/\/arantv.az\/wp-content\/uploads\/2019\/03\/737199-240x172.jpg",240,172,true],"advps-thumb-one":["https:\/\/arantv.az\/wp-content\/uploads\/2019\/03\/737199.jpg",367,274,false]},"rttpg_author":{"display_name":"V\u00fcsal Rafiqo\u011flu","author_link":"https:\/\/arantv.az\/?author=2"},"rttpg_comment":0,"rttpg_category":"<a href=\"https:\/\/arantv.az\/?cat=1\" rel=\"category\">C\u0259miyy\u0259t<\/a>","rttpg_excerpt":"Bak\u0131da g\u00fccl\u00fc k\u00fcl\u0259k f\u0259sadlar t\u00f6r\u0259tm\u0259s\u0259 d\u0259, a\u011faclara ziyan vurub. ARANTV.AZ x\u0259b\u0259r verir ki, bunu\u00a0Trend-\u0259 a\u00e7\u0131qlamas\u0131nda Bak\u0131 \u015e\u0259h\u0259r \u0130cra Hakimiyy\u0259tinin Ya\u015f\u0131lla\u015fd\u0131rma T\u0259s\u0259rr\u00fcfat\u0131 Birliyinin Bitkil\u0259rin M\u00fchafiz\u0259si \u015f\u00f6b\u0259sinin r\u0259isi Orxan M\u0259mm\u0259dov deyib. Onun s\u00f6zl\u0259rin\u0259 g\u00f6r\u0259, k\u00fcl\u0259k n\u0259tic\u0259sind\u0259 iki a\u011fac a\u015f\u0131b: &#8220;Bir a\u011fac Nizami, dig\u0259ri is\u0259 Yasamal rayonu \u0259razisind\u0259 a\u015f\u0131b. Xo\u015fb\u0259xtlikd\u0259n a\u011faclar bo\u015f sah\u0259y\u0259 a\u015f\u0131b v\u0259 \u0259trafa ziyan vurmay\u0131b.&hellip;","_links":{"self":[{"href":"https:\/\/arantv.az\/index.php?rest_route=\/wp\/v2\/posts\/43804"}],"collection":[{"href":"https:\/\/arantv.az\/index.php?rest_route=\/wp\/v2\/posts"}],"about":[{"href":"https:\/\/arantv.az\/index.php?rest_route=\/wp\/v2\/types\/post"}],"author":[{"embeddable":true,"href":"https:\/\/arantv.az\/index.php?rest_route=\/wp\/v2\/users\/2"}],"replies":[{"embeddable":true,"href":"https:\/\/arantv.az\/index.php?rest_route=%2Fwp%2Fv2%2Fcomments&post=43804"}],"version-history":[{"count":0,"href":"https:\/\/arantv.az\/index.php?rest_route=\/wp\/v2\/posts\/43804\/revisions"}],"wp:featuredmedia":[{"embeddable":true,"href":"https:\/\/arantv.az\/index.php?rest_route=\/wp\/v2\/media\/43805"}],"wp:attachment":[{"href":"https:\/\/arantv.az\/index.php?rest_route=%2Fwp%2Fv2%2Fmedia&parent=43804"}],"wp:term":[{"taxonomy":"category","embeddable":true,"href":"https:\/\/arantv.az\/index.php?rest_route=%2Fwp%2Fv2%2Fcategories&post=43804"},{"taxonomy":"post_tag","embeddable":true,"href":"https:\/\/arantv.az\/index.php?rest_route=%2Fwp%2Fv2%2Ftags&post=43804"}],"curies":[{"name":"wp","href":"https:\/\/api.w.org\/{rel}","templated":true}]}}