{"id":438049,"date":"2022-02-12T10:18:13","date_gmt":"2022-02-12T07:18:13","guid":{"rendered":"http:\/\/arantv.az\/?p=438049"},"modified":"2022-02-12T10:18:13","modified_gmt":"2022-02-12T07:18:13","slug":"xidm%c9%99ti-muqavil%c9%99-il%c9%99-isl%c9%99y%c9%99n-jurnalist-guz%c9%99stli-ipoteka-kreditind%c9%99n-yararlana-bil%c9%99c%c9%99k-video","status":"publish","type":"post","link":"https:\/\/arantv.az\/?p=438049","title":{"rendered":"Xidm\u0259ti m\u00fcqavil\u0259 il\u0259 i\u015fl\u0259y\u0259n jurnalist g\u00fcz\u0259\u015ftli ipoteka kreditind\u0259n yararlana bil\u0259c\u0259k? &#8211; V\u0130DEO"},"content":{"rendered":"<p><strong>G\u00fcz\u0259\u015ftli, y\u0259ni 4%-lik ipoteka kreditind\u0259n yararlanmaq ist\u0259y\u0259n jurnalistl\u0259rin yaln\u0131z \u0259m\u0259k m\u00fcqavil\u0259si il\u0259 olan staj\u0131 n\u0259z\u0259r\u0259 al\u0131nacaq. Xidm\u0259ti m\u00fcqavil\u0259 il\u0259 olan m\u00fcdd\u0259t is\u0259 hesablanmayacaq.<\/strong><\/p>\n<p><strong>ARANTV.AZ\u00a0<\/strong> Xezerxeber.az-a istinad\u0259n x\u0259b\u0259r verir ki, bunu &#8220;Median\u0131n \u0130nki\u015faf\u0131 Agentliyi&#8221; nin m\u0259tbuat katibi S\u0259id\u0259 \u015e\u0259fiyeva deyib.<\/p>\n<p>O bildirib ki, ipoteka kreditin\u0259 m\u00fcraci\u0259t \u00fc\u00e7\u00fcn \u0259sas g\u00f6t\u00fcr\u00fcl\u0259n \u0259m\u0259k m\u00fcqavil\u0259sidir.<\/p>\n<p>Qurum r\u0259smisi &#8220;Median\u0131n \u0130nki\u015faf\u0131 Agentliyi&#8221; t\u0259r\u0259find\u0259n jurnalistl\u0259r\u0259 veril\u0259c\u0259k v\u0259siq\u0259l\u0259rd\u0259n d\u0259 dan\u0131\u015f\u0131b. Onun s\u00f6zl\u0259rin\u0259 g\u00f6r\u0259, v\u0259siq\u0259 Media Reyestrind\u0259n qeydiyyatdan ke\u00e7\u0259n jurnalistl\u0259r\u0259 t\u0259qdim olunacaq. Onun s\u00f6zl\u0259rin\u0259 g\u00f6r\u0259, Media Reyestrind\u0259 qeydiyyatdan ke\u00e7\u0259n jurnalistl\u0259r\u0259, h\u0259m\u00e7inin \u015f\u0259had\u0259tnam\u0259 t\u0259qdim olunacaq.<\/p>\n<p>V\u0259siq\u0259l\u0259rin \u00f6d\u0259ni\u015fli, yaxud \u00f6d\u0259ni\u015fsiz olmas\u0131 m\u0259s\u0259l\u0259si is\u0259 h\u0259l\u0259lik m\u0259lum deyil.<\/p>\n<div class=\"article_text\">\n<p>S\u0259id\u0259 \u015e\u0259fiyeva \u0259lav\u0259 edib ki, Media Reyestrinin apar\u0131lmas\u0131 qaydalar\u0131 Nazirl\u0259r Kabineti t\u0259r\u0259find\u0259n haz\u0131rlanaraq d\u00f6vl\u0259t ba\u015f\u00e7\u0131s\u0131na t\u0259qdim olunacaq. Qaydalar t\u0259sdiql\u0259ndikd\u0259n sonra detallar m\u0259lum olacaq.<\/p>\n<p>M\u00f6vzu il\u0259 ba\u011fl\u0131 daha \u0259trafl\u0131 videomaterial\u0131 t\u0259qdim edirik:<\/p>\n<p>&nbsp;<\/p>\n<p><iframe loading=\"lazy\" src=\"https:\/\/daytube.az\/az\/embed\/124501\" width=\"670\" height=\"400\" frameborder=\"0\" allowfullscreen=\"allowfullscreen\" data-mce-fragment=\"1\"><\/iframe><\/div>\n","protected":false},"excerpt":{"rendered":"<p>G\u00fcz\u0259\u015ftli, y\u0259ni 4%-lik ipoteka kreditind\u0259n yararlanmaq ist\u0259y\u0259n jurnalistl\u0259rin yaln\u0131z \u0259m\u0259k m\u00fcqavil\u0259si il\u0259 olan staj\u0131 n\u0259z\u0259r\u0259 al\u0131nacaq. Xidm\u0259ti m\u00fcqavil\u0259 il\u0259 olan m\u00fcdd\u0259t is\u0259 hesablanmayacaq. ARANTV.AZ\u00a0 Xezerxeber.az-a istinad\u0259n x\u0259b\u0259r verir ki, bunu &#8220;Median\u0131n \u0130nki\u015faf\u0131 Agentliyi&#8221; nin m\u0259tbuat katibi S\u0259id\u0259 \u015e\u0259fiyeva deyib. O bildirib ki, ipoteka kreditin\u0259 m\u00fcraci\u0259t \u00fc\u00e7\u00fcn \u0259sas g\u00f6t\u00fcr\u00fcl\u0259n \u0259m\u0259k m\u00fcqavil\u0259sidir. Qurum r\u0259smisi &#8220;Median\u0131n \u0130nki\u015faf\u0131 Agentliyi&#8221; t\u0259r\u0259find\u0259n jurnalistl\u0259r\u0259 veril\u0259c\u0259k v\u0259siq\u0259l\u0259rd\u0259n d\u0259 dan\u0131\u015f\u0131b. Onun s\u00f6zl\u0259rin\u0259 g\u00f6r\u0259, v\u0259siq\u0259 Media Reyestrind\u0259n qeydiyyatdan ke\u00e7\u0259n jurnalistl\u0259r\u0259 t\u0259qdim olunacaq. Onun s\u00f6zl\u0259rin\u0259 g\u00f6r\u0259, Media Reyestrind\u0259 qeydiyyatdan ke\u00e7\u0259n jurnalistl\u0259r\u0259, h\u0259m\u00e7inin \u015f\u0259had\u0259tnam\u0259 t\u0259qdim olunacaq. V\u0259siq\u0259l\u0259rin \u00f6d\u0259ni\u015fli, yaxud \u00f6d\u0259ni\u015fsiz olmas\u0131 m\u0259s\u0259l\u0259si&hellip;<\/p>\n","protected":false},"author":2,"featured_media":438050,"comment_status":"closed","ping_status":"closed","sticky":false,"template":"","format":"standard","meta":{"om_disable_all_campaigns":false,"_monsterinsights_skip_tracking":false,"_monsterinsights_sitenote_active":false,"_monsterinsights_sitenote_note":"","_monsterinsights_sitenote_category":0},"categories":[1],"tags":[],"aioseo_notices":[],"gutentor_comment":0,"rttpg_featured_image_url":{"full":["https:\/\/arantv.az\/wp-content\/uploads\/2022\/02\/jurnalist_0241.jpg",800,600,false],"landscape":["https:\/\/arantv.az\/wp-content\/uploads\/2022\/02\/jurnalist_0241.jpg",800,600,false],"portraits":["https:\/\/arantv.az\/wp-content\/uploads\/2022\/02\/jurnalist_0241.jpg",800,600,false],"thumbnail":["https:\/\/arantv.az\/wp-content\/uploads\/2022\/02\/jurnalist_0241-500x280.jpg",500,280,true],"medium":["https:\/\/arantv.az\/wp-content\/uploads\/2022\/02\/jurnalist_0241-487x365.jpg",487,365,true],"large":["https:\/\/arantv.az\/wp-content\/uploads\/2022\/02\/jurnalist_0241.jpg",640,480,false],"1536x1536":["https:\/\/arantv.az\/wp-content\/uploads\/2022\/02\/jurnalist_0241.jpg",800,600,false],"2048x2048":["https:\/\/arantv.az\/wp-content\/uploads\/2022\/02\/jurnalist_0241.jpg",800,600,false],"post-thumbnail":["https:\/\/arantv.az\/wp-content\/uploads\/2022\/02\/jurnalist_0241-240x172.jpg",240,172,true],"advps-thumb-one":["https:\/\/arantv.az\/wp-content\/uploads\/2022\/02\/jurnalist_0241.jpg",800,600,false]},"rttpg_author":{"display_name":"V\u00fcsal Rafiqo\u011flu","author_link":"https:\/\/arantv.az\/?author=2"},"rttpg_comment":0,"rttpg_category":"<a href=\"https:\/\/arantv.az\/?cat=1\" rel=\"category\">C\u0259miyy\u0259t<\/a>","rttpg_excerpt":"G\u00fcz\u0259\u015ftli, y\u0259ni 4%-lik ipoteka kreditind\u0259n yararlanmaq ist\u0259y\u0259n jurnalistl\u0259rin yaln\u0131z \u0259m\u0259k m\u00fcqavil\u0259si il\u0259 olan staj\u0131 n\u0259z\u0259r\u0259 al\u0131nacaq. Xidm\u0259ti m\u00fcqavil\u0259 il\u0259 olan m\u00fcdd\u0259t is\u0259 hesablanmayacaq. ARANTV.AZ\u00a0 Xezerxeber.az-a istinad\u0259n x\u0259b\u0259r verir ki, bunu &#8220;Median\u0131n \u0130nki\u015faf\u0131 Agentliyi&#8221; nin m\u0259tbuat katibi S\u0259id\u0259 \u015e\u0259fiyeva deyib. O bildirib ki, ipoteka kreditin\u0259 m\u00fcraci\u0259t \u00fc\u00e7\u00fcn \u0259sas g\u00f6t\u00fcr\u00fcl\u0259n \u0259m\u0259k m\u00fcqavil\u0259sidir. Qurum r\u0259smisi &#8220;Median\u0131n \u0130nki\u015faf\u0131 Agentliyi&#8221;&hellip;","_links":{"self":[{"href":"https:\/\/arantv.az\/index.php?rest_route=\/wp\/v2\/posts\/438049"}],"collection":[{"href":"https:\/\/arantv.az\/index.php?rest_route=\/wp\/v2\/posts"}],"about":[{"href":"https:\/\/arantv.az\/index.php?rest_route=\/wp\/v2\/types\/post"}],"author":[{"embeddable":true,"href":"https:\/\/arantv.az\/index.php?rest_route=\/wp\/v2\/users\/2"}],"replies":[{"embeddable":true,"href":"https:\/\/arantv.az\/index.php?rest_route=%2Fwp%2Fv2%2Fcomments&post=438049"}],"version-history":[{"count":0,"href":"https:\/\/arantv.az\/index.php?rest_route=\/wp\/v2\/posts\/438049\/revisions"}],"wp:featuredmedia":[{"embeddable":true,"href":"https:\/\/arantv.az\/index.php?rest_route=\/wp\/v2\/media\/438050"}],"wp:attachment":[{"href":"https:\/\/arantv.az\/index.php?rest_route=%2Fwp%2Fv2%2Fmedia&parent=438049"}],"wp:term":[{"taxonomy":"category","embeddable":true,"href":"https:\/\/arantv.az\/index.php?rest_route=%2Fwp%2Fv2%2Fcategories&post=438049"},{"taxonomy":"post_tag","embeddable":true,"href":"https:\/\/arantv.az\/index.php?rest_route=%2Fwp%2Fv2%2Ftags&post=438049"}],"curies":[{"name":"wp","href":"https:\/\/api.w.org\/{rel}","templated":true}]}}