{"id":438052,"date":"2022-02-12T10:19:03","date_gmt":"2022-02-12T07:19:03","guid":{"rendered":"http:\/\/arantv.az\/?p=438052"},"modified":"2022-02-12T10:19:03","modified_gmt":"2022-02-12T07:19:03","slug":"idman-sah%c9%99sin%c9%99-gost%c9%99ril%c9%99n-xu%cc%88susi-diqq%c9%99t%c9%99-go%cc%88r%c9%99-birinci-vitse-prezident-mehriban-%c9%99liyevaya-t%c9%99s%cc%a7%c9%99kku%cc%88r-edir%c9%99m-mariana-vasile","status":"publish","type":"post","link":"https:\/\/arantv.az\/?p=438052","title":{"rendered":"\u0130dman sah\u0259sin\u0259 g\u00f6st\u0259ril\u0259n xu\u0308susi diqq\u0259t\u0259 go\u0308r\u0259 Birinci vitse-prezident Mehriban \u018fliyevaya t\u0259s\u0327\u0259kku\u0308r edir\u0259m &#8211; Mariana Vasileva"},"content":{"rendered":"<p><strong>\u0130dman sah\u0259sin\u0259 g\u00f6st\u0259ril\u0259n xu\u0308susi diqq\u0259t\u0259 go\u0308r\u0259 Birinci vitse-prezident Mehriban \u018fliyevaya t\u0259s\u0327\u0259kku\u0308r edir\u0259m.<\/strong><\/p>\n<p><strong>ARANTV.AZ<\/strong>\u00a0 <a href=\"https:\/\/az.trend.az\/\" target=\"_blank\" rel=\"noopener\">Trend<\/a>-\u0259 istinad\u0259n bildirir ki,\u00a0bunu G\u0259ncl\u0259r v\u0259 \u0130dman nazirinin m\u00fcavini Mariana Vasileva Batut gimnastikas\u0131 \u00fczr\u0259 D\u00fcnya kubokunun a\u00e7\u0131l\u0131\u015f m\u0259rasimind\u0259 \u00e7\u0131x\u0131\u015f\u0131 zaman\u0131 deyib.<\/p>\n<p>&#8220;\u018fziz idmanc\u0327\u0131lar, ho\u0308rm\u0259tli qonaqlar, xan\u0131mlar v\u0259 c\u0259nablar! Sizi yenid\u0259n Bak\u0131da salamlamag\u0306a s\u0327adam!<\/p>\n<p>C\u0259mi u\u0308c\u0327 ay \u0259vv\u0259l Az\u0259rbaycan Gimnastika Federasiyas\u0131 batut gimnastikas\u0131 v\u0259 tamblinq u\u0308zr\u0259 35-ci Du\u0308nya C\u0327empionat\u0131na v\u0259 28-ci Du\u0308nya Yas\u0327 Qrupu yar\u0131s\u0327lar\u0131na ev sahibliyi etmis\u0327dir. Gimnastikada batut v\u0259 tamblinq no\u0308vl\u0259rinin inkis\u0327af\u0131na, u\u0308mumilikd\u0259 idman sah\u0259sin\u0259 g\u00f6st\u0259ril\u0259n xu\u0308susi diqq\u0259t\u0259 go\u0308r\u0259 Az\u0259rbaycan Respublikas\u0131n\u0131n Birinci vitse-prezidenti, Az\u0259rbaycan Gimnastika Federasiyas\u0131n\u0131n prezidenti, Mehriban xan\u0131m \u018fliyevaya t\u0259s\u0327\u0259kku\u0308r edir\u0259m!<\/p>\n<p>C\u0327ox s\u0327adam ki, pandemiyan\u0131n ag\u0306\u0131r gu\u0308nl\u0259rind\u0259n sonra yenid\u0259n bir yerd\u0259yik. Bu o dem\u0259kdir ki, idman ruhu v\u0259 q\u0259l\u0259b\u0259 arzusu bu\u0308tu\u0308n c\u0327\u0259tinlikl\u0259ri d\u0259f etm\u0259k u\u0308c\u0327u\u0308n biz\u0259 stimul verir.<\/p>\n<p>Buraya 14 o\u0308lk\u0259d\u0259n 63 idmanc\u0327\u0131 toplas\u0327\u0131b. G\u0259ncl\u0259r v\u0259 I\u0307dman Nazirliyi ad\u0131ndan ham\u0131ya ug\u0306urlu yar\u0131s\u0327lar, cansag\u0306l\u0131g\u0306\u0131 v\u0259 yeni q\u0259l\u0259b\u0259l\u0259r arzulay\u0131ram! Batut Gimnastikas\u0131 u\u0308zr\u0259 Du\u0308nya Kubokunu ac\u0327\u0131q elan edir\u0259m!&#8221; &#8211; dey\u0259 o qeyd edib.<\/p>\n","protected":false},"excerpt":{"rendered":"<p>\u0130dman sah\u0259sin\u0259 g\u00f6st\u0259ril\u0259n xu\u0308susi diqq\u0259t\u0259 go\u0308r\u0259 Birinci vitse-prezident Mehriban \u018fliyevaya t\u0259s\u0327\u0259kku\u0308r edir\u0259m. ARANTV.AZ\u00a0 Trend-\u0259 istinad\u0259n bildirir ki,\u00a0bunu G\u0259ncl\u0259r v\u0259 \u0130dman nazirinin m\u00fcavini Mariana Vasileva Batut gimnastikas\u0131 \u00fczr\u0259 D\u00fcnya kubokunun a\u00e7\u0131l\u0131\u015f m\u0259rasimind\u0259 \u00e7\u0131x\u0131\u015f\u0131 zaman\u0131 deyib. &#8220;\u018fziz idmanc\u0327\u0131lar, ho\u0308rm\u0259tli qonaqlar, xan\u0131mlar v\u0259 c\u0259nablar! Sizi yenid\u0259n Bak\u0131da salamlamag\u0306a s\u0327adam! C\u0259mi u\u0308c\u0327 ay \u0259vv\u0259l Az\u0259rbaycan Gimnastika Federasiyas\u0131 batut gimnastikas\u0131 v\u0259 tamblinq u\u0308zr\u0259 35-ci Du\u0308nya C\u0327empionat\u0131na v\u0259 28-ci Du\u0308nya Yas\u0327 Qrupu yar\u0131s\u0327lar\u0131na ev sahibliyi etmis\u0327dir. Gimnastikada batut v\u0259 tamblinq no\u0308vl\u0259rinin inkis\u0327af\u0131na, u\u0308mumilikd\u0259 idman sah\u0259sin\u0259 g\u00f6st\u0259ril\u0259n xu\u0308susi diqq\u0259t\u0259 go\u0308r\u0259 Az\u0259rbaycan Respublikas\u0131n\u0131n Birinci vitse-prezidenti, Az\u0259rbaycan Gimnastika Federasiyas\u0131n\u0131n&hellip;<\/p>\n","protected":false},"author":2,"featured_media":438053,"comment_status":"closed","ping_status":"closed","sticky":false,"template":"","format":"standard","meta":{"om_disable_all_campaigns":false,"_monsterinsights_skip_tracking":false,"_monsterinsights_sitenote_active":false,"_monsterinsights_sitenote_note":"","_monsterinsights_sitenote_category":0},"categories":[4],"tags":[],"aioseo_notices":[],"gutentor_comment":0,"rttpg_featured_image_url":{"full":["https:\/\/arantv.az\/wp-content\/uploads\/2022\/02\/1019058.jpg",800,600,false],"landscape":["https:\/\/arantv.az\/wp-content\/uploads\/2022\/02\/1019058.jpg",800,600,false],"portraits":["https:\/\/arantv.az\/wp-content\/uploads\/2022\/02\/1019058.jpg",800,600,false],"thumbnail":["https:\/\/arantv.az\/wp-content\/uploads\/2022\/02\/1019058-500x280.jpg",500,280,true],"medium":["https:\/\/arantv.az\/wp-content\/uploads\/2022\/02\/1019058-487x365.jpg",487,365,true],"large":["https:\/\/arantv.az\/wp-content\/uploads\/2022\/02\/1019058.jpg",640,480,false],"1536x1536":["https:\/\/arantv.az\/wp-content\/uploads\/2022\/02\/1019058.jpg",800,600,false],"2048x2048":["https:\/\/arantv.az\/wp-content\/uploads\/2022\/02\/1019058.jpg",800,600,false],"post-thumbnail":["https:\/\/arantv.az\/wp-content\/uploads\/2022\/02\/1019058-240x172.jpg",240,172,true],"advps-thumb-one":["https:\/\/arantv.az\/wp-content\/uploads\/2022\/02\/1019058.jpg",800,600,false]},"rttpg_author":{"display_name":"V\u00fcsal Rafiqo\u011flu","author_link":"https:\/\/arantv.az\/?author=2"},"rttpg_comment":0,"rttpg_category":"<a href=\"https:\/\/arantv.az\/?cat=4\" rel=\"category\">Siyas\u0259t<\/a>","rttpg_excerpt":"\u0130dman sah\u0259sin\u0259 g\u00f6st\u0259ril\u0259n xu\u0308susi diqq\u0259t\u0259 go\u0308r\u0259 Birinci vitse-prezident Mehriban \u018fliyevaya t\u0259s\u0327\u0259kku\u0308r edir\u0259m. ARANTV.AZ\u00a0 Trend-\u0259 istinad\u0259n bildirir ki,\u00a0bunu G\u0259ncl\u0259r v\u0259 \u0130dman nazirinin m\u00fcavini Mariana Vasileva Batut gimnastikas\u0131 \u00fczr\u0259 D\u00fcnya kubokunun a\u00e7\u0131l\u0131\u015f m\u0259rasimind\u0259 \u00e7\u0131x\u0131\u015f\u0131 zaman\u0131 deyib. &#8220;\u018fziz idmanc\u0327\u0131lar, ho\u0308rm\u0259tli qonaqlar, xan\u0131mlar v\u0259 c\u0259nablar! Sizi yenid\u0259n Bak\u0131da salamlamag\u0306a s\u0327adam! C\u0259mi u\u0308c\u0327 ay \u0259vv\u0259l Az\u0259rbaycan Gimnastika Federasiyas\u0131 batut gimnastikas\u0131&hellip;","_links":{"self":[{"href":"https:\/\/arantv.az\/index.php?rest_route=\/wp\/v2\/posts\/438052"}],"collection":[{"href":"https:\/\/arantv.az\/index.php?rest_route=\/wp\/v2\/posts"}],"about":[{"href":"https:\/\/arantv.az\/index.php?rest_route=\/wp\/v2\/types\/post"}],"author":[{"embeddable":true,"href":"https:\/\/arantv.az\/index.php?rest_route=\/wp\/v2\/users\/2"}],"replies":[{"embeddable":true,"href":"https:\/\/arantv.az\/index.php?rest_route=%2Fwp%2Fv2%2Fcomments&post=438052"}],"version-history":[{"count":0,"href":"https:\/\/arantv.az\/index.php?rest_route=\/wp\/v2\/posts\/438052\/revisions"}],"wp:featuredmedia":[{"embeddable":true,"href":"https:\/\/arantv.az\/index.php?rest_route=\/wp\/v2\/media\/438053"}],"wp:attachment":[{"href":"https:\/\/arantv.az\/index.php?rest_route=%2Fwp%2Fv2%2Fmedia&parent=438052"}],"wp:term":[{"taxonomy":"category","embeddable":true,"href":"https:\/\/arantv.az\/index.php?rest_route=%2Fwp%2Fv2%2Fcategories&post=438052"},{"taxonomy":"post_tag","embeddable":true,"href":"https:\/\/arantv.az\/index.php?rest_route=%2Fwp%2Fv2%2Ftags&post=438052"}],"curies":[{"name":"wp","href":"https:\/\/api.w.org\/{rel}","templated":true}]}}