{"id":43807,"date":"2019-03-08T12:58:02","date_gmt":"2019-03-08T09:58:02","guid":{"rendered":"http:\/\/arantv.az\/?p=43807"},"modified":"2019-03-08T12:58:02","modified_gmt":"2019-03-08T09:58:02","slug":"iran-prezident-aparatinin-r%c9%99hb%c9%99ri-plakat-qalmaqalindan-az%c9%99rbaycan-mediasi-vasit%c9%99sil%c9%99-x%c9%99b%c9%99r-tutduq","status":"publish","type":"post","link":"https:\/\/arantv.az\/?p=43807","title":{"rendered":"\u0130ran Prezident Aparat\u0131n\u0131n r\u0259hb\u0259ri: &#8220;Plakat qalmaqal\u0131ndan Az\u0259rbaycan medias\u0131 vasit\u0259sil\u0259 x\u0259b\u0259r tutduq&#8221;"},"content":{"rendered":"<blockquote><p><em><strong>Qonaql\u0131q tipli t\u0259dbird\u0259 ka\u011f\u0131z par\u00e7as\u0131n\u0131n n\u00fcmayi\u015f etdirilm\u0259si d\u0259y\u0259rsiz v\u0259 \u0259h\u0259miyy\u0259tsizdir. Biz n\u0259 daxild\u0259, n\u0259 d\u0259 xaricd\u0259 he\u00e7 bir q\u00fcvv\u0259y\u0259 icaz\u0259 verm\u0259y\u0259c\u0259yik ki, Az\u0259rbaycanla olan yax\u015f\u0131 \u0259laq\u0259l\u0259rimiz\u0259 z\u0259r\u0259r vursun.<\/strong><\/em><\/p><\/blockquote>\n<p><strong>ARANTV.AZ<\/strong>-\u0131n x\u0259b\u0259rin\u0259 g\u00f6r\u0259, bunu REAL-a ekskl\u00fcziv m\u00fcsahib\u0259sind\u0259 \u0130ran Prezident Aparat\u0131n\u0131n r\u0259hb\u0259ri Mahmud Vaezi Erm\u0259nistan\u0131n ba\u015f naziri Nikol Pa\u015finyan\u0131n \u0130rana s\u0259f\u0259ri zaman\u0131 &#8220;Da\u011fl\u0131q Qaraba\u011f Erm\u0259nistan\u0131nd\u0131r&#8221; \u015f\u00fcar\u0131 yaz\u0131lm\u0131\u015f plakat \u00f6n\u00fcnd\u0259 \u00e7\u0259kdirdiyi selfini \u015f\u0259rh ed\u0259rk\u0259n deyib.<\/p>\n<p>O qeyd edib ki, Az\u0259rbaycanla \u0259laq\u0259l\u0259rin inki\u015faf\u0131 v\u0259 m\u00f6hk\u0259ml\u0259nm\u0259si \u0130ran \u00fc\u00e7\u00fcn \u00e7ox \u00f6n\u0259mlidir: &#8220;Ona g\u00f6r\u0259 d\u0259 r\u0259smi m\u00fczakir\u0259l\u0259rimizd\u0259 v\u0259 a\u00e7\u0131q g\u00f6r\u00fc\u015fl\u0259rimizd\u0259 he\u00e7 bir v\u0259chl\u0259 icaz\u0259 vermirik ki, Az\u0259rbaycanla \u0130ran aras\u0131nda \u0259laq\u0259l\u0259r\u0259 z\u0259r\u0259r vuran s\u00f6z deyilsin. Erm\u0259nistan ba\u015f nazirinin Tehrana s\u0259f\u0259ri zaman\u0131 ke\u00e7irdiyi he\u00e7 bir r\u0259smi g\u00f6r\u00fc\u015fd\u0259, m\u0259tbuat a\u00e7\u0131qlamalar\u0131nda v\u0259 \u0130ran\u0131n r\u0259smi \u015f\u0259xsl\u0259ri il\u0259 ke\u00e7irdiyi r\u0259smi g\u00f6r\u00fc\u015fl\u0259rind\u0259 Az\u0259rbaycanla, Qaraba\u011fla \u0259laq\u0259dar he\u00e7 bir s\u00f6z deyilm\u0259di, he\u00e7 bir m\u0259s\u0259l\u0259 qald\u0131r\u0131lmad\u0131, \u00fcmumiyy\u0259tl\u0259, bu kimi m\u0259s\u0259l\u0259l\u0259r m\u00fczakir\u0259 olunmad\u0131&#8221;.<\/p>\n<p>M.Vaezi plakat qalmaqal\u0131ndan Az\u0259rbaycan medias\u0131 vasit\u0259sil\u0259 m\u0259lumatl\u0131 olduqlar\u0131n\u0131 dil\u0259 g\u0259tirib: &#8220;O, h\u0259min ax\u015fam Tehranda erm\u0259nil\u0259rin topla\u015fd\u0131\u011f\u0131 bir t\u0259dbir\u0259 qat\u0131ld\u0131. Orada ev sahibl\u0259rind\u0259n biri erm\u0259ni dilind\u0259 &#8211; bizim ba\u015fa d\u00fc\u015fm\u0259diyimiz dild\u0259 plakat as\u0131b. Bu m\u0259s\u0259l\u0259 Az\u0259rbaycan medias\u0131nda yay\u0131ld\u0131qdan sonra biz n\u0259 ba\u015f verdiyini anlad\u0131q v\u0259 bildik ki, burada \u0130ran \u0130slam Respublikas\u0131n\u0131n siyas\u0259tin\u0259 zidd olan hadis\u0259 ba\u015f verib. Bizim siyas\u0259timiz \u00e7ox ayd\u0131nd\u0131r. Biz daim elan etmi\u015fik ki, Az\u0259rbaycan\u0131n \u0259razi b\u00fct\u00f6vl\u00fcy\u00fc r\u0259sm\u0259n tan\u0131nmal\u0131d\u0131r, h\u00f6rm\u0259t olunmal\u0131d\u0131r v\u0259 biz \u00f6z\u00fcm\u00fcz d\u0259 Az\u0259rbaycan\u0131n \u0259razi b\u00fct\u00f6vl\u00fcy\u00fcn\u0259 daim h\u00f6rm\u0259tl\u0259 yana\u015fm\u0131\u015f\u0131q. Bunu biz d\u0259f\u0259l\u0259rl\u0259 elan etmi\u015fik. Bu, bizim prinsipial m\u00f6vqeyimizdir. Biz m\u00fcxt\u0259lif s\u0259viyy\u0259l\u0259rd\u0259 Az\u0259rbaycan\u0131n \u0259razi b\u00fct\u00f6vl\u00fcy\u00fcn\u00fc d\u0259st\u0259kl\u0259diyimizi elan etmi\u015fik. \u0130ndi bir n\u0259f\u0259rin qeyri-r\u0259smi t\u0259dbird\u0259, \u0259slind\u0259 qonaql\u0131q tipli m\u0259rasimd\u0259 ka\u011f\u0131z par\u00e7as\u0131n\u0131n n\u00fcmayi\u015f etdirilm\u0259si d\u0259y\u0259rsiz v\u0259 \u0259h\u0259miyy\u0259tsizdir&#8221;.<\/p>\n","protected":false},"excerpt":{"rendered":"<p>Qonaql\u0131q tipli t\u0259dbird\u0259 ka\u011f\u0131z par\u00e7as\u0131n\u0131n n\u00fcmayi\u015f etdirilm\u0259si d\u0259y\u0259rsiz v\u0259 \u0259h\u0259miyy\u0259tsizdir. Biz n\u0259 daxild\u0259, n\u0259 d\u0259 xaricd\u0259 he\u00e7 bir q\u00fcvv\u0259y\u0259 icaz\u0259 verm\u0259y\u0259c\u0259yik ki, Az\u0259rbaycanla olan yax\u015f\u0131 \u0259laq\u0259l\u0259rimiz\u0259 z\u0259r\u0259r vursun. ARANTV.AZ-\u0131n x\u0259b\u0259rin\u0259 g\u00f6r\u0259, bunu REAL-a ekskl\u00fcziv m\u00fcsahib\u0259sind\u0259 \u0130ran Prezident Aparat\u0131n\u0131n r\u0259hb\u0259ri Mahmud Vaezi Erm\u0259nistan\u0131n ba\u015f naziri Nikol Pa\u015finyan\u0131n \u0130rana s\u0259f\u0259ri zaman\u0131 &#8220;Da\u011fl\u0131q Qaraba\u011f Erm\u0259nistan\u0131nd\u0131r&#8221; \u015f\u00fcar\u0131 yaz\u0131lm\u0131\u015f plakat \u00f6n\u00fcnd\u0259 \u00e7\u0259kdirdiyi selfini \u015f\u0259rh ed\u0259rk\u0259n deyib. O qeyd edib ki, Az\u0259rbaycanla \u0259laq\u0259l\u0259rin inki\u015faf\u0131 v\u0259 m\u00f6hk\u0259ml\u0259nm\u0259si \u0130ran \u00fc\u00e7\u00fcn \u00e7ox \u00f6n\u0259mlidir: &#8220;Ona g\u00f6r\u0259 d\u0259 r\u0259smi m\u00fczakir\u0259l\u0259rimizd\u0259 v\u0259 a\u00e7\u0131q g\u00f6r\u00fc\u015fl\u0259rimizd\u0259 he\u00e7 bir v\u0259chl\u0259 icaz\u0259 vermirik ki, Az\u0259rbaycanla \u0130ran&hellip;<\/p>\n","protected":false},"author":2,"featured_media":43808,"comment_status":"closed","ping_status":"closed","sticky":false,"template":"","format":"standard","meta":{"om_disable_all_campaigns":false,"_monsterinsights_skip_tracking":false,"_monsterinsights_sitenote_active":false,"_monsterinsights_sitenote_note":"","_monsterinsights_sitenote_category":0},"categories":[4],"tags":[],"aioseo_notices":[],"gutentor_comment":0,"rttpg_featured_image_url":{"full":["https:\/\/arantv.az\/wp-content\/uploads\/2019\/03\/737149.jpg",750,500,false],"landscape":["https:\/\/arantv.az\/wp-content\/uploads\/2019\/03\/737149.jpg",750,500,false],"portraits":["https:\/\/arantv.az\/wp-content\/uploads\/2019\/03\/737149.jpg",750,500,false],"thumbnail":["https:\/\/arantv.az\/wp-content\/uploads\/2019\/03\/737149-150x150.jpg",150,150,true],"medium":["https:\/\/arantv.az\/wp-content\/uploads\/2019\/03\/737149-300x200.jpg",300,200,true],"large":["https:\/\/arantv.az\/wp-content\/uploads\/2019\/03\/737149.jpg",640,427,false],"1536x1536":["https:\/\/arantv.az\/wp-content\/uploads\/2019\/03\/737149.jpg",750,500,false],"2048x2048":["https:\/\/arantv.az\/wp-content\/uploads\/2019\/03\/737149.jpg",750,500,false],"post-thumbnail":["https:\/\/arantv.az\/wp-content\/uploads\/2019\/03\/737149-240x172.jpg",240,172,true],"advps-thumb-one":["https:\/\/arantv.az\/wp-content\/uploads\/2019\/03\/737149.jpg",750,500,false]},"rttpg_author":{"display_name":"V\u00fcsal Rafiqo\u011flu","author_link":"https:\/\/arantv.az\/?author=2"},"rttpg_comment":0,"rttpg_category":"<a href=\"https:\/\/arantv.az\/?cat=4\" rel=\"category\">Siyas\u0259t<\/a>","rttpg_excerpt":"Qonaql\u0131q tipli t\u0259dbird\u0259 ka\u011f\u0131z par\u00e7as\u0131n\u0131n n\u00fcmayi\u015f etdirilm\u0259si d\u0259y\u0259rsiz v\u0259 \u0259h\u0259miyy\u0259tsizdir. Biz n\u0259 daxild\u0259, n\u0259 d\u0259 xaricd\u0259 he\u00e7 bir q\u00fcvv\u0259y\u0259 icaz\u0259 verm\u0259y\u0259c\u0259yik ki, Az\u0259rbaycanla olan yax\u015f\u0131 \u0259laq\u0259l\u0259rimiz\u0259 z\u0259r\u0259r vursun. ARANTV.AZ-\u0131n x\u0259b\u0259rin\u0259 g\u00f6r\u0259, bunu REAL-a ekskl\u00fcziv m\u00fcsahib\u0259sind\u0259 \u0130ran Prezident Aparat\u0131n\u0131n r\u0259hb\u0259ri Mahmud Vaezi Erm\u0259nistan\u0131n ba\u015f naziri Nikol Pa\u015finyan\u0131n \u0130rana s\u0259f\u0259ri zaman\u0131 &#8220;Da\u011fl\u0131q Qaraba\u011f Erm\u0259nistan\u0131nd\u0131r&#8221; \u015f\u00fcar\u0131 yaz\u0131lm\u0131\u015f plakat&hellip;","_links":{"self":[{"href":"https:\/\/arantv.az\/index.php?rest_route=\/wp\/v2\/posts\/43807"}],"collection":[{"href":"https:\/\/arantv.az\/index.php?rest_route=\/wp\/v2\/posts"}],"about":[{"href":"https:\/\/arantv.az\/index.php?rest_route=\/wp\/v2\/types\/post"}],"author":[{"embeddable":true,"href":"https:\/\/arantv.az\/index.php?rest_route=\/wp\/v2\/users\/2"}],"replies":[{"embeddable":true,"href":"https:\/\/arantv.az\/index.php?rest_route=%2Fwp%2Fv2%2Fcomments&post=43807"}],"version-history":[{"count":0,"href":"https:\/\/arantv.az\/index.php?rest_route=\/wp\/v2\/posts\/43807\/revisions"}],"wp:featuredmedia":[{"embeddable":true,"href":"https:\/\/arantv.az\/index.php?rest_route=\/wp\/v2\/media\/43808"}],"wp:attachment":[{"href":"https:\/\/arantv.az\/index.php?rest_route=%2Fwp%2Fv2%2Fmedia&parent=43807"}],"wp:term":[{"taxonomy":"category","embeddable":true,"href":"https:\/\/arantv.az\/index.php?rest_route=%2Fwp%2Fv2%2Fcategories&post=43807"},{"taxonomy":"post_tag","embeddable":true,"href":"https:\/\/arantv.az\/index.php?rest_route=%2Fwp%2Fv2%2Ftags&post=43807"}],"curies":[{"name":"wp","href":"https:\/\/api.w.org\/{rel}","templated":true}]}}