{"id":438070,"date":"2022-02-12T10:38:03","date_gmt":"2022-02-12T07:38:03","guid":{"rendered":"http:\/\/arantv.az\/?p=438070"},"modified":"2022-02-12T10:38:03","modified_gmt":"2022-02-12T07:38:03","slug":"din-d%c9%99n-25-yasli-sevgilisi-t%c9%99r%c9%99find%c9%99n-oldurul%c9%99n-dord-usaq-anasi-bar%c9%99d%c9%99-aciqlama","status":"publish","type":"post","link":"https:\/\/arantv.az\/?p=438070","title":{"rendered":"D\u0130N-d\u0259n 25 ya\u015fl\u0131 sevgilisi t\u0259r\u0259find\u0259n \u00f6ld\u00fcr\u00fcl\u0259n d\u00f6rd u\u015faq anas\u0131 bar\u0259d\u0259 A\u00c7IQLAMA"},"content":{"rendered":"<p>\u0130smay\u0131ll\u0131 Rayon Polis \u015e\u00f6b\u0259sin\u0259 fevral\u0131n 11-d\u0259 saat 09:00 rad\u0259l\u0259rind\u0259 Basqal q\u0259s\u0259b\u0259si \u0259razisind\u0259 yerl\u0259\u015f\u0259n tam orta m\u0259kt\u0259bin h\u0259y\u0259tind\u0259 orada xadim\u0259 i\u015fl\u0259y\u0259n q\u0259s\u0259b\u0259 sakini G\u00fclar\u0259 Q\u0259hr\u0259manovan\u0131n \u00f6ld\u00fcr\u00fclm\u0259si bar\u0259d\u0259 m\u0259lumat daxil olub.<\/p>\n<p>Daxili \u0130\u015fl\u0259r Nazirliyind\u0259n veril\u0259n m\u0259lumata g\u00f6r\u0259, rayonun polis v\u0259 prokurorluq orqanlar\u0131n\u0131n \u0259m\u0259kda\u015flar\u0131 t\u0259r\u0259find\u0259n d\u0259rhal m\u00fcvafiq t\u0259dbirl\u0259r h\u0259yata ke\u00e7irilib. \u0130stintaq-\u0259m\u0259liyyat t\u0259dbirl\u0259ri il\u0259 h\u0259min m\u0259kt\u0259bin g\u00f6z\u0259t\u00e7isi B\u0259xtiyar \u018fhm\u0259dlinin m\u00fcnaqi\u015f\u0259 z\u0259minind\u0259 G.Q\u0259hr\u0259manovan\u0131 b\u0131\u00e7aqla q\u0259tl\u0259 yetirm\u0259sin\u0259 \u0259sasl\u0131 \u015f\u00fcbh\u0259l\u0259r m\u00fc\u0259yy\u0259n edilib.<\/p>\n<div class=\"AdviadNativeVideo\"><\/div>\n<p>Polis \u0259m\u0259kda\u015flar\u0131n\u0131n ke\u00e7irdikl\u0259ri \u0259m\u0259liyyat t\u0259dbirl\u0259ri il\u0259 B.\u018fhm\u0259dli \u015f\u00fcbh\u0259li \u015f\u0259xs qismind\u0259 tutularaq istintaqa t\u0259hvil verilib.<\/p>\n<p>Faktla \u0259laq\u0259dar cinay\u0259t i\u015fi ba\u015flan\u0131l\u0131b.<\/p>\n<p>Qeyd ed\u0259k ki, hadis\u0259ni t\u00f6r\u0259d\u0259n 25 ya\u015fl\u0131 \u015f\u0259xsl\u0259\u00a0d\u00f6rd u\u015faq anas\u0131n\u0131 olan G\u00fclar\u0259 Q\u0259hr\u0259manova aras\u0131nda\u00a0sevgi m\u00fcnasib\u0259tl\u0259ri olub.<\/p>\n<p>\u0130smay\u0131ll\u0131 Rayon Prokurorlu\u011funda ara\u015fd\u0131rma apar\u0131l\u0131r.<\/p>\n","protected":false},"excerpt":{"rendered":"<p>\u0130smay\u0131ll\u0131 Rayon Polis \u015e\u00f6b\u0259sin\u0259 fevral\u0131n 11-d\u0259 saat 09:00 rad\u0259l\u0259rind\u0259 Basqal q\u0259s\u0259b\u0259si \u0259razisind\u0259 yerl\u0259\u015f\u0259n tam orta m\u0259kt\u0259bin h\u0259y\u0259tind\u0259 orada xadim\u0259 i\u015fl\u0259y\u0259n q\u0259s\u0259b\u0259 sakini G\u00fclar\u0259 Q\u0259hr\u0259manovan\u0131n \u00f6ld\u00fcr\u00fclm\u0259si bar\u0259d\u0259 m\u0259lumat daxil olub. Daxili \u0130\u015fl\u0259r Nazirliyind\u0259n veril\u0259n m\u0259lumata g\u00f6r\u0259, rayonun polis v\u0259 prokurorluq orqanlar\u0131n\u0131n \u0259m\u0259kda\u015flar\u0131 t\u0259r\u0259find\u0259n d\u0259rhal m\u00fcvafiq t\u0259dbirl\u0259r h\u0259yata ke\u00e7irilib. \u0130stintaq-\u0259m\u0259liyyat t\u0259dbirl\u0259ri il\u0259 h\u0259min m\u0259kt\u0259bin g\u00f6z\u0259t\u00e7isi B\u0259xtiyar \u018fhm\u0259dlinin m\u00fcnaqi\u015f\u0259 z\u0259minind\u0259 G.Q\u0259hr\u0259manovan\u0131 b\u0131\u00e7aqla q\u0259tl\u0259 yetirm\u0259sin\u0259 \u0259sasl\u0131 \u015f\u00fcbh\u0259l\u0259r m\u00fc\u0259yy\u0259n edilib. Polis \u0259m\u0259kda\u015flar\u0131n\u0131n ke\u00e7irdikl\u0259ri \u0259m\u0259liyyat t\u0259dbirl\u0259ri il\u0259 B.\u018fhm\u0259dli \u015f\u00fcbh\u0259li \u015f\u0259xs qismind\u0259 tutularaq istintaqa t\u0259hvil verilib. Faktla \u0259laq\u0259dar cinay\u0259t i\u015fi ba\u015flan\u0131l\u0131b. Qeyd ed\u0259k ki, hadis\u0259ni t\u00f6r\u0259d\u0259n 25&hellip;<\/p>\n","protected":false},"author":2,"featured_media":371167,"comment_status":"closed","ping_status":"closed","sticky":false,"template":"","format":"standard","meta":{"om_disable_all_campaigns":false,"_monsterinsights_skip_tracking":false,"_monsterinsights_sitenote_active":false,"_monsterinsights_sitenote_note":"","_monsterinsights_sitenote_category":0},"categories":[3],"tags":[],"aioseo_notices":[],"gutentor_comment":0,"rttpg_featured_image_url":{"full":["https:\/\/arantv.az\/wp-content\/uploads\/2021\/08\/bicaq-1.jpg",800,450,false],"landscape":["https:\/\/arantv.az\/wp-content\/uploads\/2021\/08\/bicaq-1.jpg",800,450,false],"portraits":["https:\/\/arantv.az\/wp-content\/uploads\/2021\/08\/bicaq-1.jpg",800,450,false],"thumbnail":["https:\/\/arantv.az\/wp-content\/uploads\/2021\/08\/bicaq-1-500x280.jpg",500,280,true],"medium":["https:\/\/arantv.az\/wp-content\/uploads\/2021\/08\/bicaq-1-649x365.jpg",649,365,true],"large":["https:\/\/arantv.az\/wp-content\/uploads\/2021\/08\/bicaq-1.jpg",640,360,false],"1536x1536":["https:\/\/arantv.az\/wp-content\/uploads\/2021\/08\/bicaq-1.jpg",800,450,false],"2048x2048":["https:\/\/arantv.az\/wp-content\/uploads\/2021\/08\/bicaq-1.jpg",800,450,false],"post-thumbnail":["https:\/\/arantv.az\/wp-content\/uploads\/2021\/08\/bicaq-1-240x172.jpg",240,172,true],"advps-thumb-one":["https:\/\/arantv.az\/wp-content\/uploads\/2021\/08\/bicaq-1.jpg",800,450,false]},"rttpg_author":{"display_name":"V\u00fcsal Rafiqo\u011flu","author_link":"https:\/\/arantv.az\/?author=2"},"rttpg_comment":0,"rttpg_category":"<a href=\"https:\/\/arantv.az\/?cat=3\" rel=\"category\">Kriminal<\/a>","rttpg_excerpt":"\u0130smay\u0131ll\u0131 Rayon Polis \u015e\u00f6b\u0259sin\u0259 fevral\u0131n 11-d\u0259 saat 09:00 rad\u0259l\u0259rind\u0259 Basqal q\u0259s\u0259b\u0259si \u0259razisind\u0259 yerl\u0259\u015f\u0259n tam orta m\u0259kt\u0259bin h\u0259y\u0259tind\u0259 orada xadim\u0259 i\u015fl\u0259y\u0259n q\u0259s\u0259b\u0259 sakini G\u00fclar\u0259 Q\u0259hr\u0259manovan\u0131n \u00f6ld\u00fcr\u00fclm\u0259si bar\u0259d\u0259 m\u0259lumat daxil olub. Daxili \u0130\u015fl\u0259r Nazirliyind\u0259n veril\u0259n m\u0259lumata g\u00f6r\u0259, rayonun polis v\u0259 prokurorluq orqanlar\u0131n\u0131n \u0259m\u0259kda\u015flar\u0131 t\u0259r\u0259find\u0259n d\u0259rhal m\u00fcvafiq t\u0259dbirl\u0259r h\u0259yata ke\u00e7irilib. \u0130stintaq-\u0259m\u0259liyyat t\u0259dbirl\u0259ri il\u0259 h\u0259min m\u0259kt\u0259bin g\u00f6z\u0259t\u00e7isi B\u0259xtiyar \u018fhm\u0259dlinin&hellip;","_links":{"self":[{"href":"https:\/\/arantv.az\/index.php?rest_route=\/wp\/v2\/posts\/438070"}],"collection":[{"href":"https:\/\/arantv.az\/index.php?rest_route=\/wp\/v2\/posts"}],"about":[{"href":"https:\/\/arantv.az\/index.php?rest_route=\/wp\/v2\/types\/post"}],"author":[{"embeddable":true,"href":"https:\/\/arantv.az\/index.php?rest_route=\/wp\/v2\/users\/2"}],"replies":[{"embeddable":true,"href":"https:\/\/arantv.az\/index.php?rest_route=%2Fwp%2Fv2%2Fcomments&post=438070"}],"version-history":[{"count":0,"href":"https:\/\/arantv.az\/index.php?rest_route=\/wp\/v2\/posts\/438070\/revisions"}],"wp:featuredmedia":[{"embeddable":true,"href":"https:\/\/arantv.az\/index.php?rest_route=\/wp\/v2\/media\/371167"}],"wp:attachment":[{"href":"https:\/\/arantv.az\/index.php?rest_route=%2Fwp%2Fv2%2Fmedia&parent=438070"}],"wp:term":[{"taxonomy":"category","embeddable":true,"href":"https:\/\/arantv.az\/index.php?rest_route=%2Fwp%2Fv2%2Fcategories&post=438070"},{"taxonomy":"post_tag","embeddable":true,"href":"https:\/\/arantv.az\/index.php?rest_route=%2Fwp%2Fv2%2Ftags&post=438070"}],"curies":[{"name":"wp","href":"https:\/\/api.w.org\/{rel}","templated":true}]}}