{"id":438072,"date":"2022-02-12T10:45:41","date_gmt":"2022-02-12T07:45:41","guid":{"rendered":"http:\/\/arantv.az\/?p=438072"},"modified":"2022-02-12T10:45:41","modified_gmt":"2022-02-12T07:45:41","slug":"rusiya-da-diplomatlarini-ukraynadan-cixarir","status":"publish","type":"post","link":"https:\/\/arantv.az\/?p=438072","title":{"rendered":"Rusiya da diplomatlar\u0131n\u0131 Ukraynadan \u00e7\u0131xar\u0131r"},"content":{"rendered":"<p>Rusiya diplomatik missiyas\u0131n\u0131n \u0259m\u0259kda\u015flar\u0131 Ukraynan\u0131 t\u0259rk edirl\u0259r.<\/p>\n<p>Bu bar\u0259d\u0259 m\u0259lumatl\u0131 m\u0259nb\u0259\u00a0R\u0130A Novosti agentliyin\u0259 bildirib.<\/p>\n<div class=\"AdviadNativeVideo\"><\/div>\n<p>\u201cUkrayna v\u0259t\u0259nda\u015flar\u0131n\u0131n ifad\u0259l\u0259rin\u0259 \u0259sas\u0259n, Ukraynadak\u0131 rusiyal\u0131 diplomatlar v\u0259 konsulluq \u0259m\u0259kda\u015flar\u0131 Rusiyaya getm\u0259y\u0259 ba\u015flay\u0131blar. Bunu x\u00fcsusil\u0259 konsulluqlar v\u0259 s\u0259firlikl\u0259rl\u0259 g\u00f6r\u00fc\u015f zaman\u0131 yaranan \u00e7\u0259tinlikl\u0259r s\u00fcbut edir\u201d, &#8211; dey\u0259 o vur\u011fulay\u0131b.<\/p>\n<p>Agentliyin h\u0259ms\u00f6hb\u0259tinin s\u00f6zl\u0259rin\u0259 g\u00f6r\u0259, b\u0259zi Q\u0259rb \u00f6lk\u0259l\u0259rinin r\u0259sm\u0259n elan etdiyi t\u0259xliy\u0259 fonunda bu, \u201cMoskvan\u0131n da eyni yolla getm\u0259y\u0259 q\u0259rar verdiyini dem\u0259y\u0259 \u0259sas verir\u201d.<\/p>\n<p>\u201cYeri g\u0259lmi\u015fk\u0259n, Sergey Lavrov B\u00f6y\u00fck Britaniyan\u0131n xarici i\u015fl\u0259r naziri Elizabet Trussla dan\u0131\u015f\u0131qlardan sonra ke\u00e7iril\u0259n m\u0259tbuat konfrans\u0131nda bel\u0259 bir ssenarinin m\u00fcmk\u00fcnl\u00fcy\u00fcn\u0259 eyham vurmu\u015fdu\u201d, &#8211; dey\u0259 o xat\u0131rlad\u0131b.<\/p>\n<p>Qeyd ed\u0259k ki, art\u0131q bir ne\u00e7\u0259 g\u00fcnd\u00fcr Avropa \u00f6lk\u0259l\u0259rinin r\u0259smi n\u00fcmay\u0259nd\u0259l\u0259ri v\u0259t\u0259nda\u015flar\u0131n\u0131 Ukraynan\u0131 t\u0259rk etm\u0259y\u0259 \u00e7a\u011f\u0131r\u0131r.<\/p>\n","protected":false},"excerpt":{"rendered":"<p>Rusiya diplomatik missiyas\u0131n\u0131n \u0259m\u0259kda\u015flar\u0131 Ukraynan\u0131 t\u0259rk edirl\u0259r. Bu bar\u0259d\u0259 m\u0259lumatl\u0131 m\u0259nb\u0259\u00a0R\u0130A Novosti agentliyin\u0259 bildirib. \u201cUkrayna v\u0259t\u0259nda\u015flar\u0131n\u0131n ifad\u0259l\u0259rin\u0259 \u0259sas\u0259n, Ukraynadak\u0131 rusiyal\u0131 diplomatlar v\u0259 konsulluq \u0259m\u0259kda\u015flar\u0131 Rusiyaya getm\u0259y\u0259 ba\u015flay\u0131blar. Bunu x\u00fcsusil\u0259 konsulluqlar v\u0259 s\u0259firlikl\u0259rl\u0259 g\u00f6r\u00fc\u015f zaman\u0131 yaranan \u00e7\u0259tinlikl\u0259r s\u00fcbut edir\u201d, &#8211; dey\u0259 o vur\u011fulay\u0131b. Agentliyin h\u0259ms\u00f6hb\u0259tinin s\u00f6zl\u0259rin\u0259 g\u00f6r\u0259, b\u0259zi Q\u0259rb \u00f6lk\u0259l\u0259rinin r\u0259sm\u0259n elan etdiyi t\u0259xliy\u0259 fonunda bu, \u201cMoskvan\u0131n da eyni yolla getm\u0259y\u0259 q\u0259rar verdiyini dem\u0259y\u0259 \u0259sas verir\u201d. \u201cYeri g\u0259lmi\u015fk\u0259n, Sergey Lavrov B\u00f6y\u00fck Britaniyan\u0131n xarici i\u015fl\u0259r naziri Elizabet Trussla dan\u0131\u015f\u0131qlardan sonra ke\u00e7iril\u0259n m\u0259tbuat konfrans\u0131nda bel\u0259 bir ssenarinin m\u00fcmk\u00fcnl\u00fcy\u00fcn\u0259 eyham vurmu\u015fdu\u201d, &#8211; dey\u0259 o&hellip;<\/p>\n","protected":false},"author":2,"featured_media":438073,"comment_status":"closed","ping_status":"closed","sticky":false,"template":"","format":"standard","meta":{"om_disable_all_campaigns":false,"_monsterinsights_skip_tracking":false,"_monsterinsights_sitenote_active":false,"_monsterinsights_sitenote_note":"","_monsterinsights_sitenote_category":0},"categories":[7],"tags":[],"aioseo_notices":[],"gutentor_comment":0,"rttpg_featured_image_url":{"full":["https:\/\/arantv.az\/wp-content\/uploads\/2022\/02\/273548474_3060357287536939_6280340980887952205_n.jpg",620,413,false],"landscape":["https:\/\/arantv.az\/wp-content\/uploads\/2022\/02\/273548474_3060357287536939_6280340980887952205_n.jpg",620,413,false],"portraits":["https:\/\/arantv.az\/wp-content\/uploads\/2022\/02\/273548474_3060357287536939_6280340980887952205_n.jpg",620,413,false],"thumbnail":["https:\/\/arantv.az\/wp-content\/uploads\/2022\/02\/273548474_3060357287536939_6280340980887952205_n-500x280.jpg",500,280,true],"medium":["https:\/\/arantv.az\/wp-content\/uploads\/2022\/02\/273548474_3060357287536939_6280340980887952205_n-548x365.jpg",548,365,true],"large":["https:\/\/arantv.az\/wp-content\/uploads\/2022\/02\/273548474_3060357287536939_6280340980887952205_n.jpg",620,413,false],"1536x1536":["https:\/\/arantv.az\/wp-content\/uploads\/2022\/02\/273548474_3060357287536939_6280340980887952205_n.jpg",620,413,false],"2048x2048":["https:\/\/arantv.az\/wp-content\/uploads\/2022\/02\/273548474_3060357287536939_6280340980887952205_n.jpg",620,413,false],"post-thumbnail":["https:\/\/arantv.az\/wp-content\/uploads\/2022\/02\/273548474_3060357287536939_6280340980887952205_n-240x172.jpg",240,172,true],"advps-thumb-one":["https:\/\/arantv.az\/wp-content\/uploads\/2022\/02\/273548474_3060357287536939_6280340980887952205_n.jpg",620,413,false]},"rttpg_author":{"display_name":"V\u00fcsal Rafiqo\u011flu","author_link":"https:\/\/arantv.az\/?author=2"},"rttpg_comment":0,"rttpg_category":"<a href=\"https:\/\/arantv.az\/?cat=7\" rel=\"category\">D\u00fcnya<\/a>","rttpg_excerpt":"Rusiya diplomatik missiyas\u0131n\u0131n \u0259m\u0259kda\u015flar\u0131 Ukraynan\u0131 t\u0259rk edirl\u0259r. Bu bar\u0259d\u0259 m\u0259lumatl\u0131 m\u0259nb\u0259\u00a0R\u0130A Novosti agentliyin\u0259 bildirib. \u201cUkrayna v\u0259t\u0259nda\u015flar\u0131n\u0131n ifad\u0259l\u0259rin\u0259 \u0259sas\u0259n, Ukraynadak\u0131 rusiyal\u0131 diplomatlar v\u0259 konsulluq \u0259m\u0259kda\u015flar\u0131 Rusiyaya getm\u0259y\u0259 ba\u015flay\u0131blar. Bunu x\u00fcsusil\u0259 konsulluqlar v\u0259 s\u0259firlikl\u0259rl\u0259 g\u00f6r\u00fc\u015f zaman\u0131 yaranan \u00e7\u0259tinlikl\u0259r s\u00fcbut edir\u201d, &#8211; dey\u0259 o vur\u011fulay\u0131b. Agentliyin h\u0259ms\u00f6hb\u0259tinin s\u00f6zl\u0259rin\u0259 g\u00f6r\u0259, b\u0259zi Q\u0259rb \u00f6lk\u0259l\u0259rinin r\u0259sm\u0259n elan etdiyi t\u0259xliy\u0259 fonunda bu,&hellip;","_links":{"self":[{"href":"https:\/\/arantv.az\/index.php?rest_route=\/wp\/v2\/posts\/438072"}],"collection":[{"href":"https:\/\/arantv.az\/index.php?rest_route=\/wp\/v2\/posts"}],"about":[{"href":"https:\/\/arantv.az\/index.php?rest_route=\/wp\/v2\/types\/post"}],"author":[{"embeddable":true,"href":"https:\/\/arantv.az\/index.php?rest_route=\/wp\/v2\/users\/2"}],"replies":[{"embeddable":true,"href":"https:\/\/arantv.az\/index.php?rest_route=%2Fwp%2Fv2%2Fcomments&post=438072"}],"version-history":[{"count":0,"href":"https:\/\/arantv.az\/index.php?rest_route=\/wp\/v2\/posts\/438072\/revisions"}],"wp:featuredmedia":[{"embeddable":true,"href":"https:\/\/arantv.az\/index.php?rest_route=\/wp\/v2\/media\/438073"}],"wp:attachment":[{"href":"https:\/\/arantv.az\/index.php?rest_route=%2Fwp%2Fv2%2Fmedia&parent=438072"}],"wp:term":[{"taxonomy":"category","embeddable":true,"href":"https:\/\/arantv.az\/index.php?rest_route=%2Fwp%2Fv2%2Fcategories&post=438072"},{"taxonomy":"post_tag","embeddable":true,"href":"https:\/\/arantv.az\/index.php?rest_route=%2Fwp%2Fv2%2Ftags&post=438072"}],"curies":[{"name":"wp","href":"https:\/\/api.w.org\/{rel}","templated":true}]}}