{"id":438088,"date":"2022-02-12T11:16:03","date_gmt":"2022-02-12T08:16:03","guid":{"rendered":"http:\/\/arantv.az\/?p=438088"},"modified":"2022-02-12T11:16:03","modified_gmt":"2022-02-12T08:16:03","slug":"pasinyanin-casus-ovuna-cixmasinin-s%c9%99b%c9%99bl%c9%99ri-s%c9%99rh","status":"publish","type":"post","link":"https:\/\/arantv.az\/?p=438088","title":{"rendered":"Pa\u015finyan\u0131n \u201ccasus ovu\u201dna \u00e7\u0131xmas\u0131n\u0131n s\u0259b\u0259bl\u0259ri \u2013 \u015e\u018fRH"},"content":{"rendered":"<p>Erm\u0259nistan\u0131n ba\u015f naziri Nikol Pa\u015finyan Az\u0259rbaycana siyasi, diplomatik v\u0259 h\u0259rbi c\u0259bh\u0259d\u0259 ard-arda m\u0259\u011flub olmas\u0131n\u0131n \u201cs\u0259b\u0259bl\u0259rini\u201d izah etm\u0259k \u00fc\u00e7\u00fcn \u201ccasus ovu\u201dna \u00e7\u0131x\u0131r.<\/p>\n<p>S\u00f6hb\u0259t ondan gedir ki, Erm\u0259nistan\u0131n Milli T\u0259hl\u00fck\u0259sizlik Xidm\u0259ti bir \u00e7ox erm\u0259ni zabitinin sosial \u015f\u0259b\u0259k\u0259l\u0259rd\u0259 xarici x\u00fcsusi xidm\u0259t orqanlar\u0131 t\u0259r\u0259find\u0259n \u0259l\u0259 al\u0131nmas\u0131 ehtimal\u0131 il\u0259 19 n\u0259f\u0259ri saxlay\u0131b.<\/p>\n<div class=\"AdviadNativeVideo\"><\/div>\n<p>\u0130ddialara \u0259sas\u0259n, h\u0259min zabitl\u0259rin bir qismi Az\u0259rbaycana i\u015fl\u0259yirmi\u015f.<\/p>\n<p>Erm\u0259nistan\u0131n bulan\u0131q suda bal\u0131q tutmas\u0131n\u0131n arxas\u0131nda postm\u00fcnaqi\u015f\u0259 d\u00f6vr\u00fcnd\u0259ki m\u0259\u011flubiyy\u0259tl\u0259rini \u0259sasland\u0131rmaq c\u0259hdl\u0259ri dayan\u0131r.<\/p>\n<p>Erm\u0259nistan\u0131n m\u0259\u011flubiyy\u0259t pill\u0259l\u0259rind\u0259 \u201cu\u011furla\u201d ir\u0259lil\u0259m\u0259m\u0259si Pa\u015finyan administrasiyas\u0131nda v\u0259 erm\u0259ni c\u0259miyy\u0259tind\u0259 \u00e7a\u015fq\u0131nl\u0131q sindromunu g\u00fccl\u0259ndirir.<\/p>\n<p>M\u0259\u011flubiyy\u0259t \u015f\u00fcuru h\u0259mi\u015f\u0259 xain axtar\u0131\u015flar\u0131 \u00fc\u00e7\u00fcn b\u0259han\u0259 yaradan amil\u0259 \u00e7evrilir.<\/p>\n<p>\u00dcst\u0259g\u0259l, Erm\u0259nistandak\u0131 \u201ccasus ovu\u201d Pa\u015finyan\u0131n g\u0259l\u0259c\u0259k \u00fc\u00e7\u00fcn yeni g\u00fcz\u0259\u015ft aktlar\u0131na imza atmas\u0131n\u0131n anonsu kimi d\u0259 d\u0259y\u0259rl\u0259ndiril\u0259 bil\u0259r.<\/p>\n<p>Y\u0259ni Pa\u015finyan axar\u0131 hakimiyy\u0259tini qorumaq v\u0259 etibar qazanmaq \u00fc\u00e7\u00fcn \u00f6z maraqlar\u0131 s\u0259mtin\u0259 \u00e7evirir.<\/p>\n<p>\u0130ttihamlarda g\u00f6st\u0259rilir ki, erm\u0259ni h\u0259rb\u00e7il\u0259r qo\u015funlar\u0131n dislokasiyas\u0131, h\u0259rbi texnikalar\u0131n say\u0131 v\u0259 n\u00f6vl\u0259ri haqq\u0131nda \u201cqar\u015f\u0131 t\u0259r\u0259f\u0259\u201d m\u0259lumatlar \u00f6t\u00fcr\u00fcb.<\/p>\n<p>Az\u0259rbaycan\u0131n bel\u0259 \u201cm\u0259lumatlara\u201d ehtiyac\u0131 yoxdur, Az\u0259rbaycan \u00f6z\u00fc \u0259lind\u0259 olan texniki v\u0259 h\u0259rbi vasit\u0259l\u0259rl\u0259 Erm\u0259nistan ordusunun h\u0259r\u0259k\u0259t trayektoras\u0131n\u0131, silahlar\u0131n\u0131, h\u0259tta Erm\u0259nistana veril\u0259n silahlar haqq\u0131nda m\u0259lumatlara malikdir.<\/p>\n<p>Erm\u0259nistan postm\u00fcnaqi\u015f\u0259 d\u00f6vr\u00fcnd\u0259 Az\u0259rbaycan\u0131n s\u0259rh\u0259d\u0259 \u00e7\u0131x\u0131\u015f\u0131n\u0131 \u0259ng\u0259ll\u0259m\u0259k \u00fc\u00e7\u00fcn bir s\u0131ra h\u0259rbi t\u0259xribata \u0259l atd\u0131.<\/p>\n<p>Postkonflikt d\u00f6vr\u00fcn\u00fcn \u0259n g\u00fccl\u00fc h\u0259rbi toqqu\u015fmas\u0131 2021-ci ilin noyabr ay\u0131nda La\u00e7\u0131n v\u0259 K\u0259lb\u0259c\u0259r istiqam\u0259tind\u0259 oldu v\u0259 n\u0259tic\u0259d\u0259 Az\u0259rbaycan t\u0259xribatlara cavab olaraq daha b\u00f6y\u00fck strateji \u0259h\u0259miyy\u0259t\u0259 malik n\u00f6qt\u0259l\u0259rd\u0259 m\u00f6hk\u0259ml\u0259ndi.<\/p>\n<p>\u0130ndi Pa\u015finyan h\u00f6kum\u0259ti \u00e7\u0131x\u0131lmaz v\u0259ziyy\u0259t\u0259 qalaraq Z\u0259ng\u0259zur d\u0259hlizinin a\u00e7\u0131lmas\u0131 prosesini icra etm\u0259y\u0259 m\u0259cbur qal\u0131r, amma normalla\u015fma prosesin\u0259 qar\u015f\u0131 \u00e7\u0131xan revan\u015fist q\u00fcvv\u0259l\u0259rin m\u00fcqavim\u0259tini q\u0131rmaq v\u0259 irad\u0259sini s\u0131nd\u0131rmaq Pa\u015finyan\u0131n \u00f6lk\u0259daxili m\u0259suliyy\u0259ti kimi onun \u00e7iynin\u0259 y\u00fckl\u0259nir.<\/p>\n<p>Yox, \u0259g\u0259r Pa\u015finyan bu m\u0259suliyy\u0259tin \u00f6hd\u0259sind\u0259n g\u0259lm\u0259yi bacarmasa v\u0259 onlar\u0131n irad\u0259sind\u0259n qidalan\u0131b h\u0259r\u0259k\u0259t\u0259 ke\u00e7\u0259c\u0259ks\u0259, o zaman yeni z\u0259rb\u0259l\u0259r\u0259 m\u0259ruz qalacaq.<\/p>\n<p>Az\u0259rbaycan t\u0259r\u0259find\u0259n bu c\u00fcr ssenaril\u0259r\u0259 qar\u015f\u0131 h\u0259yata ke\u00e7ir\u0259c\u0259yi add\u0131mlar\u0131n miqyas v\u0259 xarakteri haqq\u0131nda geni\u015f dan\u0131\u015fma\u011fa d\u0259ym\u0259z.<\/p>\n<p>\u0130ndi Pa\u015finyan n\u0259 edir, hans\u0131 t\u0259dbir g\u00f6r\u00fcr, c\u0259miyy\u0259ti hans\u0131 hadis\u0259l\u0259r\u0259 haz\u0131rlay\u0131r \u2013 \u00f6z\u00fc bil\u0259r, amma Az\u0259rbaycanla v\u0259 T\u00fcrkiy\u0259 il\u0259 m\u00fcnasib\u0259tl\u0259ri normalla\u015fd\u0131rma\u011fa m\u0259hkumdur.<\/p>\n","protected":false},"excerpt":{"rendered":"<p>Erm\u0259nistan\u0131n ba\u015f naziri Nikol Pa\u015finyan Az\u0259rbaycana siyasi, diplomatik v\u0259 h\u0259rbi c\u0259bh\u0259d\u0259 ard-arda m\u0259\u011flub olmas\u0131n\u0131n \u201cs\u0259b\u0259bl\u0259rini\u201d izah etm\u0259k \u00fc\u00e7\u00fcn \u201ccasus ovu\u201dna \u00e7\u0131x\u0131r. S\u00f6hb\u0259t ondan gedir ki, Erm\u0259nistan\u0131n Milli T\u0259hl\u00fck\u0259sizlik Xidm\u0259ti bir \u00e7ox erm\u0259ni zabitinin sosial \u015f\u0259b\u0259k\u0259l\u0259rd\u0259 xarici x\u00fcsusi xidm\u0259t orqanlar\u0131 t\u0259r\u0259find\u0259n \u0259l\u0259 al\u0131nmas\u0131 ehtimal\u0131 il\u0259 19 n\u0259f\u0259ri saxlay\u0131b. \u0130ddialara \u0259sas\u0259n, h\u0259min zabitl\u0259rin bir qismi Az\u0259rbaycana i\u015fl\u0259yirmi\u015f. Erm\u0259nistan\u0131n bulan\u0131q suda bal\u0131q tutmas\u0131n\u0131n arxas\u0131nda postm\u00fcnaqi\u015f\u0259 d\u00f6vr\u00fcnd\u0259ki m\u0259\u011flubiyy\u0259tl\u0259rini \u0259sasland\u0131rmaq c\u0259hdl\u0259ri dayan\u0131r. Erm\u0259nistan\u0131n m\u0259\u011flubiyy\u0259t pill\u0259l\u0259rind\u0259 \u201cu\u011furla\u201d ir\u0259lil\u0259m\u0259m\u0259si Pa\u015finyan administrasiyas\u0131nda v\u0259 erm\u0259ni c\u0259miyy\u0259tind\u0259 \u00e7a\u015fq\u0131nl\u0131q sindromunu g\u00fccl\u0259ndirir. M\u0259\u011flubiyy\u0259t \u015f\u00fcuru h\u0259mi\u015f\u0259 xain axtar\u0131\u015flar\u0131 \u00fc\u00e7\u00fcn b\u0259han\u0259 yaradan amil\u0259 \u00e7evrilir.&hellip;<\/p>\n","protected":false},"author":2,"featured_media":438089,"comment_status":"closed","ping_status":"closed","sticky":false,"template":"","format":"standard","meta":{"om_disable_all_campaigns":false,"_monsterinsights_skip_tracking":false,"_monsterinsights_sitenote_active":false,"_monsterinsights_sitenote_note":"","_monsterinsights_sitenote_category":0},"categories":[4],"tags":[],"aioseo_notices":[],"gutentor_comment":0,"rttpg_featured_image_url":{"full":["https:\/\/arantv.az\/wp-content\/uploads\/2022\/02\/FotoJet-6-8.jpg",620,413,false],"landscape":["https:\/\/arantv.az\/wp-content\/uploads\/2022\/02\/FotoJet-6-8.jpg",620,413,false],"portraits":["https:\/\/arantv.az\/wp-content\/uploads\/2022\/02\/FotoJet-6-8.jpg",620,413,false],"thumbnail":["https:\/\/arantv.az\/wp-content\/uploads\/2022\/02\/FotoJet-6-8-500x280.jpg",500,280,true],"medium":["https:\/\/arantv.az\/wp-content\/uploads\/2022\/02\/FotoJet-6-8-548x365.jpg",548,365,true],"large":["https:\/\/arantv.az\/wp-content\/uploads\/2022\/02\/FotoJet-6-8.jpg",620,413,false],"1536x1536":["https:\/\/arantv.az\/wp-content\/uploads\/2022\/02\/FotoJet-6-8.jpg",620,413,false],"2048x2048":["https:\/\/arantv.az\/wp-content\/uploads\/2022\/02\/FotoJet-6-8.jpg",620,413,false],"post-thumbnail":["https:\/\/arantv.az\/wp-content\/uploads\/2022\/02\/FotoJet-6-8-240x172.jpg",240,172,true],"advps-thumb-one":["https:\/\/arantv.az\/wp-content\/uploads\/2022\/02\/FotoJet-6-8.jpg",620,413,false]},"rttpg_author":{"display_name":"V\u00fcsal Rafiqo\u011flu","author_link":"https:\/\/arantv.az\/?author=2"},"rttpg_comment":0,"rttpg_category":"<a href=\"https:\/\/arantv.az\/?cat=4\" rel=\"category\">Siyas\u0259t<\/a>","rttpg_excerpt":"Erm\u0259nistan\u0131n ba\u015f naziri Nikol Pa\u015finyan Az\u0259rbaycana siyasi, diplomatik v\u0259 h\u0259rbi c\u0259bh\u0259d\u0259 ard-arda m\u0259\u011flub olmas\u0131n\u0131n \u201cs\u0259b\u0259bl\u0259rini\u201d izah etm\u0259k \u00fc\u00e7\u00fcn \u201ccasus ovu\u201dna \u00e7\u0131x\u0131r. S\u00f6hb\u0259t ondan gedir ki, Erm\u0259nistan\u0131n Milli T\u0259hl\u00fck\u0259sizlik Xidm\u0259ti bir \u00e7ox erm\u0259ni zabitinin sosial \u015f\u0259b\u0259k\u0259l\u0259rd\u0259 xarici x\u00fcsusi xidm\u0259t orqanlar\u0131 t\u0259r\u0259find\u0259n \u0259l\u0259 al\u0131nmas\u0131 ehtimal\u0131 il\u0259 19 n\u0259f\u0259ri saxlay\u0131b. \u0130ddialara \u0259sas\u0259n, h\u0259min zabitl\u0259rin bir qismi Az\u0259rbaycana i\u015fl\u0259yirmi\u015f.&hellip;","_links":{"self":[{"href":"https:\/\/arantv.az\/index.php?rest_route=\/wp\/v2\/posts\/438088"}],"collection":[{"href":"https:\/\/arantv.az\/index.php?rest_route=\/wp\/v2\/posts"}],"about":[{"href":"https:\/\/arantv.az\/index.php?rest_route=\/wp\/v2\/types\/post"}],"author":[{"embeddable":true,"href":"https:\/\/arantv.az\/index.php?rest_route=\/wp\/v2\/users\/2"}],"replies":[{"embeddable":true,"href":"https:\/\/arantv.az\/index.php?rest_route=%2Fwp%2Fv2%2Fcomments&post=438088"}],"version-history":[{"count":0,"href":"https:\/\/arantv.az\/index.php?rest_route=\/wp\/v2\/posts\/438088\/revisions"}],"wp:featuredmedia":[{"embeddable":true,"href":"https:\/\/arantv.az\/index.php?rest_route=\/wp\/v2\/media\/438089"}],"wp:attachment":[{"href":"https:\/\/arantv.az\/index.php?rest_route=%2Fwp%2Fv2%2Fmedia&parent=438088"}],"wp:term":[{"taxonomy":"category","embeddable":true,"href":"https:\/\/arantv.az\/index.php?rest_route=%2Fwp%2Fv2%2Fcategories&post=438088"},{"taxonomy":"post_tag","embeddable":true,"href":"https:\/\/arantv.az\/index.php?rest_route=%2Fwp%2Fv2%2Ftags&post=438088"}],"curies":[{"name":"wp","href":"https:\/\/api.w.org\/{rel}","templated":true}]}}