{"id":438109,"date":"2022-02-12T12:06:33","date_gmt":"2022-02-12T09:06:33","guid":{"rendered":"http:\/\/arantv.az\/?p=438109"},"modified":"2022-02-12T12:06:33","modified_gmt":"2022-02-12T09:06:33","slug":"yaponiya-sayti-prezident-ilham-%c9%99liyevin-musahib%c9%99sini-yayib","status":"publish","type":"post","link":"https:\/\/arantv.az\/?p=438109","title":{"rendered":"Yaponiya sayt\u0131 Prezident \u0130lham \u018fliyevin m\u00fcsahib\u0259sini yay\u0131b"},"content":{"rendered":"<div class=\"content lead font-weight-normal\">\n<p>Yaponiyan\u0131n \u201cajmedia.jp\u201d sayt\u0131 Prezident \u0130lham \u018fliyevin fevral\u0131n 11-d\u0259 \u201cQobu\u201d Enerji Qov\u015fa\u011f\u0131n\u0131n a\u00e7\u0131l\u0131\u015f\u0131ndan sonra Az\u0259rbaycan D\u00f6vl\u0259t \u0130nformasiya Agentliyin\u0259 &#8211;\u00a0AZ\u018fRTAC-a verdiyi m\u00fcsahib\u0259sini yay\u0131b.<\/p>\n<p><strong>ARANTV.AZ<\/strong>\u00a0 x\u0259b\u0259r verir ki, yapon v\u0259 ingilis dill\u0259rind\u0259 yay\u0131mlanan materialda Az\u0259rbaycan\u0131n enerji siyas\u0259tinin m\u00fcxt\u0259lif istiqam\u0259tl\u0259ri v\u0259 bu sah\u0259d\u0259 qazan\u0131lan b\u00f6y\u00fck u\u011furlar bar\u0259d\u0259 \u0259trafl\u0131 m\u0259lumat verilib. Az\u0259rbaycan Prezidenti qeyd edib ki, \u00f6lk\u0259miz t\u0259kc\u0259 neftd\u0259n, qazdan yox, eyni zamanda, elektrik enerjisind\u0259n d\u0259 valyuta qazanacaq v\u0259 \u0259hali daha da firavan ya\u015fayacaq. Bildirilib ki, yeni a\u00e7\u0131lan obyekt Az\u0259rbaycan\u0131n g\u00fcc\u00fcn\u00fc bir daha b\u00fct\u00fcn d\u00fcnyaya g\u00f6st\u0259rir. H\u0259m\u00e7inin bu, Az\u0259rbaycan r\u0259hb\u0259rliyinin qar\u015f\u0131ya qoydu\u011fu b\u00fct\u00fcn v\u0259zif\u0259l\u0259ri u\u011furla icra etdiyini bir daha t\u0259sdiq edir.<\/p>\n<p>Prezident \u0130lham \u018fliyevin \u201cQobu\u201d Enerji Qov\u015fa\u011f\u0131n\u0131n son ill\u0259r \u0259rzind\u0259 in\u015fa edil\u0259n \u0259n b\u00f6y\u00fck enerji obyektl\u0259rind\u0259n biri oldu\u011funu qeyd etm\u0259si materialda x\u00fcsusi vur\u011fulan\u0131b.<\/p>\n<div class=\"clearfix\"><\/div>\n<\/div>\n<div class=\"fotorama--hidden\"><\/div>\n<div id=\"galleryList\" class=\"fotorama fotorama1644660271517\" data-nav=\"thumbs\" data-width=\"100%\" data-thumbwidth=\"90\" data-thumbheight=\"60\" data-allowfullscreen=\"true\" data-autoplay=\"3000\" data-ratio=\"1.5\" data-keyboard=\"true\" data-fit=\"contain\">\n<div class=\"fotorama__wrap fotorama__wrap--css3 fotorama__wrap--slide fotorama__wrap--toggle-arrows fotorama__wrap--no-controls\">\n<div class=\"fotorama__stage fotorama__pointer\">\n<div class=\"fotorama__fullscreen-icon\" tabindex=\"0\" role=\"button\"><\/div>\n<div class=\"fotorama__stage__shaft\">\n<div class=\"fotorama__stage__frame fotorama__loaded fotorama__loaded--img\"><img class=\"fotorama__img\" src=\"https:\/\/ikisahil.az\/photo\/0x0_2\/upload\/gallery\/2022\/02\/12\/-d28a3097164465569541688527310065185.jpg\" \/><\/div>\n<div class=\"fotorama__stage__frame fotorama__loaded fotorama__loaded--img fotorama__active\"><img class=\"fotorama__img\" src=\"https:\/\/ikisahil.az\/photo\/0x0_2\/upload\/gallery\/2022\/02\/12\/-67606d48164465569630472326610368799.jpg\" \/><\/div>\n<\/div>\n<div class=\"fotorama__arr fotorama__arr--prev\" tabindex=\"0\" role=\"button\"><\/div>\n<div class=\"fotorama__arr fotorama__arr--next fotorama__arr--disabled\" tabindex=\"-1\" role=\"button\"><\/div>\n<div class=\"fotorama__video-close\"><\/div>\n<\/div>\n<div class=\"fotorama__nav-wrap\">\n<div class=\"fotorama__nav fotorama__nav--thumbs\">\n<div class=\"fotorama__nav__shaft\">\n<div class=\"fotorama__thumb-border\"><\/div>\n<div class=\"fotorama__nav__frame fotorama__nav__frame--thumb\" tabindex=\"0\" role=\"button\">\n<div class=\"fotorama__thumb fotorama__loaded fotorama__loaded--img\"><img class=\"fotorama__img\" src=\"https:\/\/ikisahil.az\/photo\/150x100_2\/upload\/gallery\/2022\/02\/12\/-d28a3097164465569541688527310065185.jpg\" \/><\/div>\n<\/div>\n<div class=\"fotorama__nav__frame fotorama__nav__frame--thumb fotorama__active\" tabindex=\"0\" role=\"button\">\n<div class=\"fotorama__thumb fotorama__loaded fotorama__loaded--img\"><img class=\"fotorama__img\" src=\"https:\/\/ikisahil.az\/photo\/150x100_2\/upload\/gallery\/2022\/02\/12\/-67606d48164465569630472326610368799.jpg\" \/><\/div>\n<\/div>\n<\/div>\n<\/div>\n<\/div>\n<\/div>\n<\/div>\n<div class=\"sharing my-2 row no-gutters d-print-none\">\n<div class=\"col-md-3\"><\/div>\n<\/div>\n","protected":false},"excerpt":{"rendered":"<p>Yaponiyan\u0131n \u201cajmedia.jp\u201d sayt\u0131 Prezident \u0130lham \u018fliyevin fevral\u0131n 11-d\u0259 \u201cQobu\u201d Enerji Qov\u015fa\u011f\u0131n\u0131n a\u00e7\u0131l\u0131\u015f\u0131ndan sonra Az\u0259rbaycan D\u00f6vl\u0259t \u0130nformasiya Agentliyin\u0259 &#8211;\u00a0AZ\u018fRTAC-a verdiyi m\u00fcsahib\u0259sini yay\u0131b. ARANTV.AZ\u00a0 x\u0259b\u0259r verir ki, yapon v\u0259 ingilis dill\u0259rind\u0259 yay\u0131mlanan materialda Az\u0259rbaycan\u0131n enerji siyas\u0259tinin m\u00fcxt\u0259lif istiqam\u0259tl\u0259ri v\u0259 bu sah\u0259d\u0259 qazan\u0131lan b\u00f6y\u00fck u\u011furlar bar\u0259d\u0259 \u0259trafl\u0131 m\u0259lumat verilib. Az\u0259rbaycan Prezidenti qeyd edib ki, \u00f6lk\u0259miz t\u0259kc\u0259 neftd\u0259n, qazdan yox, eyni zamanda, elektrik enerjisind\u0259n d\u0259 valyuta qazanacaq v\u0259 \u0259hali daha da firavan ya\u015fayacaq. Bildirilib ki, yeni a\u00e7\u0131lan obyekt Az\u0259rbaycan\u0131n g\u00fcc\u00fcn\u00fc bir daha b\u00fct\u00fcn d\u00fcnyaya g\u00f6st\u0259rir. H\u0259m\u00e7inin bu, Az\u0259rbaycan r\u0259hb\u0259rliyinin qar\u015f\u0131ya qoydu\u011fu b\u00fct\u00fcn v\u0259zif\u0259l\u0259ri u\u011furla&hellip;<\/p>\n","protected":false},"author":2,"featured_media":438110,"comment_status":"closed","ping_status":"closed","sticky":false,"template":"","format":"standard","meta":{"om_disable_all_campaigns":false,"_monsterinsights_skip_tracking":false,"_monsterinsights_sitenote_active":false,"_monsterinsights_sitenote_note":"","_monsterinsights_sitenote_category":0},"categories":[4],"tags":[],"aioseo_notices":[],"gutentor_comment":0,"rttpg_featured_image_url":{"full":["https:\/\/arantv.az\/wp-content\/uploads\/2022\/02\/d4a93297164465558041626839210349030.jpg",975,540,false],"landscape":["https:\/\/arantv.az\/wp-content\/uploads\/2022\/02\/d4a93297164465558041626839210349030.jpg",975,540,false],"portraits":["https:\/\/arantv.az\/wp-content\/uploads\/2022\/02\/d4a93297164465558041626839210349030.jpg",975,540,false],"thumbnail":["https:\/\/arantv.az\/wp-content\/uploads\/2022\/02\/d4a93297164465558041626839210349030-500x280.jpg",500,280,true],"medium":["https:\/\/arantv.az\/wp-content\/uploads\/2022\/02\/d4a93297164465558041626839210349030-660x365.jpg",660,365,true],"large":["https:\/\/arantv.az\/wp-content\/uploads\/2022\/02\/d4a93297164465558041626839210349030-840x465.jpg",640,354,true],"1536x1536":["https:\/\/arantv.az\/wp-content\/uploads\/2022\/02\/d4a93297164465558041626839210349030.jpg",975,540,false],"2048x2048":["https:\/\/arantv.az\/wp-content\/uploads\/2022\/02\/d4a93297164465558041626839210349030.jpg",975,540,false],"post-thumbnail":["https:\/\/arantv.az\/wp-content\/uploads\/2022\/02\/d4a93297164465558041626839210349030-240x172.jpg",240,172,true],"advps-thumb-one":["https:\/\/arantv.az\/wp-content\/uploads\/2022\/02\/d4a93297164465558041626839210349030.jpg",975,540,false]},"rttpg_author":{"display_name":"V\u00fcsal Rafiqo\u011flu","author_link":"https:\/\/arantv.az\/?author=2"},"rttpg_comment":0,"rttpg_category":"<a href=\"https:\/\/arantv.az\/?cat=4\" rel=\"category\">Siyas\u0259t<\/a>","rttpg_excerpt":"Yaponiyan\u0131n \u201cajmedia.jp\u201d sayt\u0131 Prezident \u0130lham \u018fliyevin fevral\u0131n 11-d\u0259 \u201cQobu\u201d Enerji Qov\u015fa\u011f\u0131n\u0131n a\u00e7\u0131l\u0131\u015f\u0131ndan sonra Az\u0259rbaycan D\u00f6vl\u0259t \u0130nformasiya Agentliyin\u0259 &#8211;\u00a0AZ\u018fRTAC-a verdiyi m\u00fcsahib\u0259sini yay\u0131b. ARANTV.AZ\u00a0 x\u0259b\u0259r verir ki, yapon v\u0259 ingilis dill\u0259rind\u0259 yay\u0131mlanan materialda Az\u0259rbaycan\u0131n enerji siyas\u0259tinin m\u00fcxt\u0259lif istiqam\u0259tl\u0259ri v\u0259 bu sah\u0259d\u0259 qazan\u0131lan b\u00f6y\u00fck u\u011furlar bar\u0259d\u0259 \u0259trafl\u0131 m\u0259lumat verilib. Az\u0259rbaycan Prezidenti qeyd edib ki, \u00f6lk\u0259miz t\u0259kc\u0259 neftd\u0259n, qazdan&hellip;","_links":{"self":[{"href":"https:\/\/arantv.az\/index.php?rest_route=\/wp\/v2\/posts\/438109"}],"collection":[{"href":"https:\/\/arantv.az\/index.php?rest_route=\/wp\/v2\/posts"}],"about":[{"href":"https:\/\/arantv.az\/index.php?rest_route=\/wp\/v2\/types\/post"}],"author":[{"embeddable":true,"href":"https:\/\/arantv.az\/index.php?rest_route=\/wp\/v2\/users\/2"}],"replies":[{"embeddable":true,"href":"https:\/\/arantv.az\/index.php?rest_route=%2Fwp%2Fv2%2Fcomments&post=438109"}],"version-history":[{"count":0,"href":"https:\/\/arantv.az\/index.php?rest_route=\/wp\/v2\/posts\/438109\/revisions"}],"wp:featuredmedia":[{"embeddable":true,"href":"https:\/\/arantv.az\/index.php?rest_route=\/wp\/v2\/media\/438110"}],"wp:attachment":[{"href":"https:\/\/arantv.az\/index.php?rest_route=%2Fwp%2Fv2%2Fmedia&parent=438109"}],"wp:term":[{"taxonomy":"category","embeddable":true,"href":"https:\/\/arantv.az\/index.php?rest_route=%2Fwp%2Fv2%2Fcategories&post=438109"},{"taxonomy":"post_tag","embeddable":true,"href":"https:\/\/arantv.az\/index.php?rest_route=%2Fwp%2Fv2%2Ftags&post=438109"}],"curies":[{"name":"wp","href":"https:\/\/api.w.org\/{rel}","templated":true}]}}