{"id":43811,"date":"2019-03-08T13:01:44","date_gmt":"2019-03-08T10:01:44","guid":{"rendered":"http:\/\/arantv.az\/?p=43811"},"modified":"2019-03-08T13:01:44","modified_gmt":"2019-03-08T10:01:44","slug":"ilham-%c9%99liyev-bir-daha-subut-etdi-ki-o-h%c9%99r-bir-v%c9%99t%c9%99ndasin-prezidentidir","status":"publish","type":"post","link":"https:\/\/arantv.az\/?p=43811","title":{"rendered":"\u0130lham \u018fliyev bir daha s\u00fcbut etdi ki, o, h\u0259r bir v\u0259t\u0259nda\u015f\u0131n prezidentidir"},"content":{"rendered":"<p><strong>Prezident \u0130lham \u018fliyevin A\u011fsuya s\u0259f\u0259ri rayon sakinl\u0259ri aras\u0131nda b\u00f6y\u00fck sevinc\u0259 s\u0259b\u0259b oldu.<\/strong><\/p>\n<p>Bunu A\u011fsu rayon sakini G\u00fclo\u011flan H\u0259bibov deyib.<\/p>\n<p>Onun s\u00f6zl\u0259rin\u0259 g\u00f6r\u0259, d\u00f6vl\u0259t ba\u015f\u00e7\u0131s\u0131 s\u0259f\u0259r zaman\u0131 \u0259sas\u0259n rayon sakinl\u0259rinin probleml\u0259ri il\u0259 maraqlan\u0131b: &#8220;C\u0259nab Prezidentin sakinl\u0259rl\u0259 g\u00f6r\u00fc\u015f\u00fc, probleml\u0259rl\u0259 yerind\u0259 maraqlanmas\u0131 v\u0259 onlar\u0131n h\u0259lli il\u0259 ba\u011fl\u0131 m\u00fcvafiq icra orqanlar\u0131na verdiyi operativ tap\u015f\u0131r\u0131qlar \u0259halid\u0259 ruh y\u00fcks\u0259kliyi yaratd\u0131. A\u011fsu sakinl\u0259ri bir daha \u0259min oldu ki, Az\u0259rbaycan Prezidentin\u0259 arxalanmaqda yan\u0131lmay\u0131blar. S\u0259f\u0259r zaman\u0131 bizim C\u0259nab Prezidentl\u0259 g\u00f6r\u00fc\u015f\u00fcm\u00fcz\u0259 he\u00e7 bir problem yarad\u0131lmad\u0131. H\u0259r bir sakin yax\u0131nla\u015faraq Prezident\u0259 \u00f6z problemini, s\u00f6z\u00fcn\u00fc dey\u0259 bildi. O, \u00f6z\u00fc buna \u015f\u0259rait yaratd\u0131 v\u0259 b\u00fct\u00fcn sakinl\u0259rin d\u0259rdini dinl\u0259di. Bir daha b\u0259yan etdi ki, \u0259halinin probleml\u0259rini \u00f6z\u00fc daim diqq\u0259td\u0259 saxlay\u0131r v\u0259 bu probleml\u0259rin h\u0259llin\u0259 \u00e7al\u0131\u015f\u0131r. Prezident sakinl\u0259rl\u0259 g\u00f6r\u00fc\u015f zaman\u0131 xeyli m\u0259ktublar ald\u0131 v\u0259 s\u00f6z verdi ki, h\u0259min m\u0259ktublar\u0131n h\u0259r birin\u0259 \u015f\u0259xs\u0259n baxacaq, probleml\u0259ri h\u0259ll ed\u0259c\u0259k&#8221;.<\/p>\n<p>Rayon sakin daha sonra bildirdi ki, Prezident bir daha s\u00fcbut etdi ki, o, h\u0259r bir v\u0259t\u0259nda\u015f\u0131n prezidentidir v\u0259 h\u0259r bir sakinin problemin\u0259 \u00f6z problemi kimi bax\u0131r: &#8220;D\u00f6vl\u0259t ba\u015f\u00e7\u0131s\u0131 A\u011fsuda z\u0259lz\u0259l\u0259nin ziyan vurdu\u011fu m\u0259nzill\u0259r\u0259 d\u0259 bax\u0131\u015f ke\u00e7irdi, q\u0259zal\u0131 v\u0259ziyy\u0259td\u0259 olan evl\u0259rin yenid\u0259n tikilm\u0259si il\u0259 \u015f\u0259xs\u0259n maraqland\u0131, laz\u0131mi tap\u015f\u0131r\u0131qlar\u0131n\u0131 verdi. Art\u0131q A\u011fsu sakinl\u0259ri tam arxay\u0131nd\u0131rlar ki, Az\u0259rbaycan d\u00f6vl\u0259ti daim xalq\u0131n, v\u0259t\u0259nda\u015flar\u0131n yan\u0131ndad\u0131r. \u018fminik ki, Prezident he\u00e7 vaxt bizi darda qoymayacaq&#8221;.<\/p>\n<p>Qeyd ed\u0259k ki, fevral\u0131n 5-d\u0259 v\u0259 6-da ba\u015f vermi\u015f z\u0259lz\u0259l\u0259 \u015eamax\u0131, \u0130smay\u0131ll\u0131 v\u0259 A\u011fsu rayonlar\u0131nda bir s\u0131ra f\u0259sadlar t\u00f6r\u0259tmi\u015fdi. D\u00f6vl\u0259timizin ba\u015f\u00e7\u0131s\u0131n\u0131n s\u0259r\u0259ncam v\u0259 tap\u015f\u0131r\u0131qlar\u0131na \u0259sas\u0259n t\u0259bii f\u0259lak\u0259tin t\u00f6r\u0259tdiyi f\u0259sadlar aradan qald\u0131r\u0131l\u0131r.<\/p>\n<p>S\u0259r\u0259ncam\u0131n icras\u0131 il\u0259 \u0259laq\u0259dar g\u00f6r\u00fcl\u0259n i\u015fl\u0259rl\u0259 yerind\u0259 tan\u0131\u015f olmaq \u00fc\u00e7\u00fcn Az\u0259rbaycan Prezidenti \u0130lham \u018fliyev mart\u0131n 6-da A\u011fsu rayonuna s\u0259f\u0259r\u0259 g\u0259lib. (Trend)<\/p>\n","protected":false},"excerpt":{"rendered":"<p>Prezident \u0130lham \u018fliyevin A\u011fsuya s\u0259f\u0259ri rayon sakinl\u0259ri aras\u0131nda b\u00f6y\u00fck sevinc\u0259 s\u0259b\u0259b oldu. Bunu A\u011fsu rayon sakini G\u00fclo\u011flan H\u0259bibov deyib. Onun s\u00f6zl\u0259rin\u0259 g\u00f6r\u0259, d\u00f6vl\u0259t ba\u015f\u00e7\u0131s\u0131 s\u0259f\u0259r zaman\u0131 \u0259sas\u0259n rayon sakinl\u0259rinin probleml\u0259ri il\u0259 maraqlan\u0131b: &#8220;C\u0259nab Prezidentin sakinl\u0259rl\u0259 g\u00f6r\u00fc\u015f\u00fc, probleml\u0259rl\u0259 yerind\u0259 maraqlanmas\u0131 v\u0259 onlar\u0131n h\u0259lli il\u0259 ba\u011fl\u0131 m\u00fcvafiq icra orqanlar\u0131na verdiyi operativ tap\u015f\u0131r\u0131qlar \u0259halid\u0259 ruh y\u00fcks\u0259kliyi yaratd\u0131. A\u011fsu sakinl\u0259ri bir daha \u0259min oldu ki, Az\u0259rbaycan Prezidentin\u0259 arxalanmaqda yan\u0131lmay\u0131blar. S\u0259f\u0259r zaman\u0131 bizim C\u0259nab Prezidentl\u0259 g\u00f6r\u00fc\u015f\u00fcm\u00fcz\u0259 he\u00e7 bir problem yarad\u0131lmad\u0131. H\u0259r bir sakin yax\u0131nla\u015faraq Prezident\u0259 \u00f6z problemini, s\u00f6z\u00fcn\u00fc dey\u0259 bildi. O, \u00f6z\u00fc buna \u015f\u0259rait yaratd\u0131&hellip;<\/p>\n","protected":false},"author":2,"featured_media":43812,"comment_status":"closed","ping_status":"closed","sticky":false,"template":"","format":"standard","meta":{"om_disable_all_campaigns":false,"_monsterinsights_skip_tracking":false,"_monsterinsights_sitenote_active":false,"_monsterinsights_sitenote_note":"","_monsterinsights_sitenote_category":0},"categories":[19],"tags":[],"aioseo_notices":[],"gutentor_comment":0,"rttpg_featured_image_url":{"full":["https:\/\/arantv.az\/wp-content\/uploads\/2019\/03\/15519632104919758382_1000x669.jpg",800,450,false],"landscape":["https:\/\/arantv.az\/wp-content\/uploads\/2019\/03\/15519632104919758382_1000x669.jpg",800,450,false],"portraits":["https:\/\/arantv.az\/wp-content\/uploads\/2019\/03\/15519632104919758382_1000x669.jpg",800,450,false],"thumbnail":["https:\/\/arantv.az\/wp-content\/uploads\/2019\/03\/15519632104919758382_1000x669-150x150.jpg",150,150,true],"medium":["https:\/\/arantv.az\/wp-content\/uploads\/2019\/03\/15519632104919758382_1000x669-300x169.jpg",300,169,true],"large":["https:\/\/arantv.az\/wp-content\/uploads\/2019\/03\/15519632104919758382_1000x669.jpg",640,360,false],"1536x1536":["https:\/\/arantv.az\/wp-content\/uploads\/2019\/03\/15519632104919758382_1000x669.jpg",800,450,false],"2048x2048":["https:\/\/arantv.az\/wp-content\/uploads\/2019\/03\/15519632104919758382_1000x669.jpg",800,450,false],"post-thumbnail":["https:\/\/arantv.az\/wp-content\/uploads\/2019\/03\/15519632104919758382_1000x669-240x172.jpg",240,172,true],"advps-thumb-one":["https:\/\/arantv.az\/wp-content\/uploads\/2019\/03\/15519632104919758382_1000x669.jpg",800,450,false]},"rttpg_author":{"display_name":"V\u00fcsal Rafiqo\u011flu","author_link":"https:\/\/arantv.az\/?author=2"},"rttpg_comment":0,"rttpg_category":"<a href=\"https:\/\/arantv.az\/?cat=19\" rel=\"category\">G\u00fcnd\u0259m<\/a>","rttpg_excerpt":"Prezident \u0130lham \u018fliyevin A\u011fsuya s\u0259f\u0259ri rayon sakinl\u0259ri aras\u0131nda b\u00f6y\u00fck sevinc\u0259 s\u0259b\u0259b oldu. Bunu A\u011fsu rayon sakini G\u00fclo\u011flan H\u0259bibov deyib. Onun s\u00f6zl\u0259rin\u0259 g\u00f6r\u0259, d\u00f6vl\u0259t ba\u015f\u00e7\u0131s\u0131 s\u0259f\u0259r zaman\u0131 \u0259sas\u0259n rayon sakinl\u0259rinin probleml\u0259ri il\u0259 maraqlan\u0131b: &#8220;C\u0259nab Prezidentin sakinl\u0259rl\u0259 g\u00f6r\u00fc\u015f\u00fc, probleml\u0259rl\u0259 yerind\u0259 maraqlanmas\u0131 v\u0259 onlar\u0131n h\u0259lli il\u0259 ba\u011fl\u0131 m\u00fcvafiq icra orqanlar\u0131na verdiyi operativ tap\u015f\u0131r\u0131qlar \u0259halid\u0259 ruh y\u00fcks\u0259kliyi yaratd\u0131. A\u011fsu&hellip;","_links":{"self":[{"href":"https:\/\/arantv.az\/index.php?rest_route=\/wp\/v2\/posts\/43811"}],"collection":[{"href":"https:\/\/arantv.az\/index.php?rest_route=\/wp\/v2\/posts"}],"about":[{"href":"https:\/\/arantv.az\/index.php?rest_route=\/wp\/v2\/types\/post"}],"author":[{"embeddable":true,"href":"https:\/\/arantv.az\/index.php?rest_route=\/wp\/v2\/users\/2"}],"replies":[{"embeddable":true,"href":"https:\/\/arantv.az\/index.php?rest_route=%2Fwp%2Fv2%2Fcomments&post=43811"}],"version-history":[{"count":0,"href":"https:\/\/arantv.az\/index.php?rest_route=\/wp\/v2\/posts\/43811\/revisions"}],"wp:featuredmedia":[{"embeddable":true,"href":"https:\/\/arantv.az\/index.php?rest_route=\/wp\/v2\/media\/43812"}],"wp:attachment":[{"href":"https:\/\/arantv.az\/index.php?rest_route=%2Fwp%2Fv2%2Fmedia&parent=43811"}],"wp:term":[{"taxonomy":"category","embeddable":true,"href":"https:\/\/arantv.az\/index.php?rest_route=%2Fwp%2Fv2%2Fcategories&post=43811"},{"taxonomy":"post_tag","embeddable":true,"href":"https:\/\/arantv.az\/index.php?rest_route=%2Fwp%2Fv2%2Ftags&post=43811"}],"curies":[{"name":"wp","href":"https:\/\/api.w.org\/{rel}","templated":true}]}}