{"id":438112,"date":"2022-02-12T12:07:21","date_gmt":"2022-02-12T09:07:21","guid":{"rendered":"http:\/\/arantv.az\/?p=438112"},"modified":"2022-02-12T12:07:21","modified_gmt":"2022-02-12T09:07:21","slug":"ramiz-mehdiyevin-elm%c9%99-aidiyy%c9%99ti-yoxdur","status":"publish","type":"post","link":"https:\/\/arantv.az\/?p=438112","title":{"rendered":"Ramiz Mehdiyevin elm\u0259 aidiyy\u0259ti yoxdur"},"content":{"rendered":"<p><em><strong>Eldar Namazov: AMEA prezidenti ba\u015fda olmaqla bu qurumun b\u00fct\u00fcn r\u0259hb\u0259rliyi d\u0259yi\u015fm\u0259lidir<\/strong><\/em><\/p>\n<p>AMEA prezidenti Ramiz Mehdiyev \u00f6t\u0259n g\u00fcn ona qar\u015f\u0131 s\u0259sl\u0259ndiril\u0259n t\u0259nqidl\u0259r\u0259 d\u00f6vl\u0259t\u0259 qar\u015f\u0131 t\u0259hdid v\u0259 \u015fantajlar s\u0259sl\u0259ndirm\u0259kl\u0259 cavab verib. Mehdiyev r\u0259hb\u0259rlik etdiyi qurumun r\u0259smi sayt\u0131nda yerl\u0259\u015fdiril\u0259n cavab\u0131nda onu t\u0259nqid ed\u0259n siyas\u0259t\u00e7il\u0259r\u0259 v\u0259 deputatlara, elm adamlar\u0131na qar\u015f\u0131 t\u0259hqirtamiz fikirl\u0259r s\u0259sl\u0259ndirib.<\/p>\n<p><strong>ARANTV.AZ\u00a0 x\u0259b\u0259r verir ki,<\/strong>\u00a0\u00a0bu m\u00f6vzu\u00a0il\u0259 ba\u011fl\u0131 suallar\u0131 politoloq Eldar Namazov cavabland\u0131r\u0131b:<\/p>\n<p><strong>&#8211; Eldar m\u00fc\u0259llim, Ramiz Mehdiyevin AMEA Prezidenti se\u00e7ilm\u0259sini ilk t\u0259nqid ed\u0259n v\u0259 \u00fcmumiyy\u0259tl\u0259, onun akademik olmad\u0131\u011f\u0131n\u0131 bildir\u0259n siz olmusunuz. Haz\u0131rda Mehdiyevin \u0259traf\u0131nda ba\u015f ver\u0259nl\u0259ri nec\u0259 qiym\u0259tl\u0259ndirirsiniz?<\/strong><\/p>\n<p>&#8211; M\u0259n h\u0259qiq\u0259t\u0259n iki il \u0259vv\u0259l bu m\u0259s\u0259l\u0259y\u0259 toxunmu\u015fdum v\u0259 o zaman he\u00e7 kim bu bar\u0259d\u0259 dan\u0131\u015fm\u0131rd\u0131. M\u0259n ona g\u00f6r\u0259 dan\u0131\u015f\u0131rd\u0131m ki, s\u00f6hb\u0259t Ramiz Mehdiyevd\u0259n yox, Az\u0259rbaycan elminin bu g\u00fcn\u00fcnd\u0259n v\u0259 sabah\u0131ndan gedirdi. \u00dcmumiyy\u0259tl\u0259, SSR\u0130 da\u011f\u0131ld\u0131qdan sonra b\u00fct\u00fcn \u00f6lk\u0259l\u0259rd\u0259 akademiyalar \u00e7\u0259tin v\u0259ziyy\u0259t\u0259 d\u00fc\u015f\u00fcb. V\u0259ziyy\u0259td\u0259n \u00e7\u0131xmaq \u00fc\u00e7\u00fcn onlar\u0131n \u0259ks\u0259riyy\u0259tind\u0259 d\u0259rin islahatlara gedildi. Bizd\u0259 d\u0259 bel\u0259 islahatlar\u0131n ke\u00e7irilm\u0259si laz\u0131md\u0131r. Bel\u0259 \u00e7\u0259tin situasiya il\u0259 \u00fczl\u0259\u015fdiyimiz d\u00f6vrd\u0259 Az\u0259rbaycan elminin ba\u015f\u0131na elmi nailiyy\u0259tl\u0259ri, m\u0259kt\u0259bi, \u00fcmumiyy\u0259tl\u0259 elm\u0259 aidiyyat\u0131 olmayan, xarici akademiyalar t\u0259r\u0259find\u0259n alim kimi q\u0259bul edilm\u0259y\u0259n bir \u015f\u0259xsin ge\u00e7m\u0259si \u0259slind\u0259 Az\u0259rbaycan elmin\u0259 b\u00f6y\u00fck z\u0259rb\u0259 idi. M\u0259n bu kontekstd\u0259 fikirl\u0259rimi demi\u015fdim. T\u0259\u0259ss\u00fcfl\u0259r olsun ki, fikirl\u0259\u015fdikl\u0259rim d\u0259 d\u00fcz \u00e7\u0131xd\u0131.<\/p>\n<p>\u0130ndi ham\u0131n\u0131n g\u00f6z\u00fc qar\u015f\u0131s\u0131na ba\u015f ver\u0259n odur ki, AMEA r\u0259hb\u0259rliyi elmin inki\u015faf\u0131, islahatlar, elmi k\u0259\u015ffl\u0259r v\u0259 nailiyy\u0259tl\u0259rl\u0259 deyil, elm\u0259 aid olmayan ba\u015fqa i\u015fl\u0259rl\u0259 m\u0259\u015f\u011fuldur. Bu, aliml\u0259r aras\u0131nda da ciddi naraz\u0131l\u0131qlara s\u0259b\u0259b olur. Ya\u015fananlar bunu g\u00f6st\u0259rir. M\u0259s\u0259l\u0259n, AMEA-n\u0131n institut direktorlar\u0131, aliml\u0259r ortaya a\u00e7\u0131q m\u00f6vqe qoyurlar. G\u00f6r\u00fcn\u0259n odur ki, prosesl\u0259r daha da \u015fidd\u0259tl\u0259nir.<\/p>\n<p><strong>&#8211; Ramiz Mehdiyevin onu t\u0259nqid ed\u0259nl\u0259r\u0259 cavab\u0131n\u0131 n\u0259z\u0259rd\u0259 tutursunuz?<\/strong><\/p>\n<p>&#8211; B\u0259li, cavablar verilir. Buna etiraz\u0131m yoxdur. Amma g\u00f6r\u00fcn\u0259n budur ki, AMEA-n\u0131n sayt\u0131 vasit\u0259sil\u0259 m\u0259nas\u0131z polemikalara giri\u015filir. Y\u0259ni elmi k\u0259\u015ffl\u0259rd\u0259n, aliml\u0259rin nailiyy\u0259tl\u0259rind\u0259n yazmal\u0131 olan AMEA-n\u0131n informasiya resursu tamam ba\u015fqa istiqam\u0259t\u0259 y\u00f6nl\u0259ndirilir. O ba\u015fqa m\u00f6vzudur ki, Mehdiyev cavab\u0131nda onu t\u0259nqid ed\u0259n \u015f\u0259xsl\u0259rin \u201csaxta deputat\u201d, \u201ccib m\u00fcxalif\u0259ti\u201d, el\u0259c\u0259 d\u0259 vaxtil\u0259 ona yaltaqlanan \u015f\u0259xsl\u0259r oldu\u011funu bildirir. M\u0259nc\u0259, bunun \u00f6z\u00fcnd\u0259 d\u0259 ilahi \u0259dal\u0259t prinsipi var. O m\u0259nada ki, Mehdiyev n\u0259 i\u015fl\u0259r g\u00f6rm\u00fc\u015fd\u00fcs\u0259, indi bir-bir qar\u015f\u0131s\u0131na \u00e7\u0131x\u0131r. \u018fg\u0259r saxta deputatlar, \u201ccib m\u00fcxalif\u0259ti\u201d, kim\u0259s\u0259 yaltaqlana-yaltaqlana elmi d\u0259r\u0259c\u0259l\u0259r alanlar varsa, el\u0259 bunun da s\u0259b\u0259bkarlar\u0131ndan biri Mehdiyevin \u00f6z\u00fcd\u00fcr. Lakin m\u0259n daha \u00e7ox m\u0259s\u0259l\u0259ni Az\u0259rbayan elminin \u00fcz\u0259rin\u0259 g\u0259tirm\u0259yin t\u0259r\u0259fdar\u0131yam. Burada vacib m\u0259s\u0259l\u0259 elmdir, onun inki\u015faf\u0131d\u0131r, onun d\u00fc\u015fd\u00fcy\u00fc \u00e7\u0259tin v\u0259ziyy\u0259td\u0259n \u00e7\u0131xar\u0131lmas\u0131d\u0131r. Bunu d\u00fc\u015f\u00fcnm\u0259k daha vacibdir, n\u0259inki Mehdiyev intriqalar\u0131n\u0131&#8230;<\/p>\n<p><strong>&#8211; Sizc\u0259, n\u0259d\u0259n Ramiz Mehdiyev c\u0259miyy\u0259tin m\u00fcxt\u0259lif t\u0259b\u0259q\u0259l\u0259rini t\u0259msil ed\u0259n \u015f\u0259xsl\u0259rin \u00e7a\u011f\u0131r\u0131\u015flar\u0131n\u0131 qulaqard\u0131na vurur?<\/strong><\/p>\n<p>&#8211; \u018fslind\u0259, bu hadis\u0259l\u0259r g\u00f6st\u0259rir ki, ba\u015f ver\u0259nl\u0259rin Az\u0259rbaycan elmi v\u0259 onun g\u0259l\u0259c\u0259yi m\u0259s\u0259l\u0259sin\u0259 he\u00e7 bir aidiyy\u0259ti yoxdur. \u00dcmumiyy\u0259tl\u0259, bu m\u00fcbahis\u0259l\u0259rd\u0259 elm rol oynam\u0131r, n\u0259z\u0259r\u0259 bel\u0259 al\u0131nm\u0131r. \u015e\u0259xsi m\u00fcnasib\u0259tl\u0259r, q\u0259r\u0259z, \u00f6z\u00fcn\u0259 yax\u0131n bildiyi \u015f\u0259xsl\u0259ri harasa yerl\u0259\u015fdirm\u0259k, yax\u0131n olmayanlar\u0131 \u00e7\u0131xda\u015f etm\u0259k v\u0259 s. Budur ba\u015f ver\u0259nl\u0259r. Amma bu \u00e7irkin \u0259m\u0259ll\u0259rin Az\u0259rbaycan elmin\u0259 n\u0259 aidiyyat\u0131 var ax\u0131?<\/p>\n<p>Mehdiyev yerind\u0259 deyil v\u0259 bu, a\u00e7\u0131q-ayd\u0131n g\u00f6r\u00fcn\u00fcr. Onun AMEA sayt\u0131nda qoyulan t\u0259rc\u00fcmeyi-hal\u0131na baxanda g\u00f6r\u00fcrs\u0259n ki, bu \u015f\u0259xsin elm\u0259 aidiyy\u0259ti yoxdur, haz\u0131rlad\u0131\u011f\u0131 elmi kadrlar yoxdur, xarici n\u00fcfuzlu elm ocaqlar\u0131 t\u0259r\u0259find\u0259n q\u0259bul edilm\u0259sin\u0259 dair he\u00e7 n\u0259 yoxdur. B\u00fct\u00fcn bunlar dem\u0259y\u0259 \u0259sas yarad\u0131r ki, Az\u0259rbaycan elmin\u0259 ba\u015fqa t\u0259f\u0259kk\u00fcrl\u00fc insanlar r\u0259hb\u0259rlik etm\u0259lidirl\u0259r.<\/p>\n<p>\u00dcmumiyy\u0259tl\u0259, AMEA-da ciddi i\u015fl\u0259r g\u00f6r\u00fcls\u0259ydi adam\u0131n n\u0259 vaxt\u0131, n\u0259 d\u0259 h\u0259v\u0259si olard\u0131 ki, kiml\u0259rins\u0259 t\u0259nqidl\u0259rin\u0259 cavab versin. M\u0259tbuatda daim kims\u0259 kimis\u0259 t\u0259nqid edir. El\u0259 AMEA-n\u0131n ke\u00e7mi\u015f r\u0259hb\u0259rl\u0259ri il\u0259 d\u0259 ba\u011fl\u0131 vaxta\u015f\u0131r\u0131 yaz\u0131lar v\u0259 t\u0259nqidl\u0259r olurdu. Amma Mehdiyevd\u0259n f\u0259rqli olaraq onlar real i\u015fl\u0259rl\u0259 m\u0259\u015f\u011ful oldu\u011fundan h\u0259v\u0259sl\u0259ri v\u0259 vaxtlar\u0131 qalm\u0131rd\u0131 ki, bel\u0259 m\u0259s\u0259l\u0259l\u0259r\u0259 cavab vesinl\u0259r. \u0130ndi is\u0259 h\u0259v\u0259sl\u0259 sa\u011fa-sola cavab verm\u0259si onu g\u00f6st\u0259rir ki, Mehdiyev AMEA-da ciddi i\u015fl\u0259rl\u0259 m\u0259\u015f\u011ful deyil v\u0259 vaxt\u0131n\u0131 m\u0259tbuat vasit\u0259sil\u0259 kiml\u0259rl\u0259s\u0259 m\u00fcnasib\u0259tl\u0259rini ayd\u0131nla\u015fd\u0131rma\u011fa s\u0259rf edir.<\/p>\n<p><strong>&#8211; Dem\u0259k ist\u0259yirsiniz ki, Mehdiyev AMEA il\u0259 deyil, siyas\u0259tl\u0259 m\u0259\u015f\u011fuldur?<\/strong><\/p>\n<p>&#8211; S\u00f6zs\u00fcz ki, g\u00f6r\u00fcn\u0259n budur. Bu yana\u015fma bir qrupun, \u015f\u0259b\u0259k\u0259nin maraqlar\u0131 \u00fcz\u0259rind\u0259 qurulan yana\u015fmad\u0131r. Elm tamamil\u0259 bir k\u0259narda qal\u0131b, burada daha \u00e7ox \u00f6z qrupunu, \u015f\u0259b\u0259k\u0259sini m\u00fcdafi\u0259 etm\u0259k, kiml\u0259rl\u0259s\u0259 m\u00fcbariz\u0259 aparmaq niyy\u0259ti var. T\u0259\u0259ss\u00fcfl\u0259r olsun ki, AMEA kimi m\u00fcq\u0259dd\u0259s elm oca\u011f\u0131n\u0131 bel\u0259 ac\u0131nacaql\u0131 duruma sal\u0131blar.<\/p>\n<p><strong>&#8211; Mehdiyev onu t\u0259nqid ed\u0259n b\u0259zi aliml\u0259r\u0259 qar\u015f\u0131 ittihamlar ir\u0259li s\u00fcr\u00fcb v\u0259 iddia edib ki, bu \u015f\u0259xsl\u0259r elm\u0259 ayr\u0131lan v\u0259saitl\u0259ri m\u0259nims\u0259yibl\u0259r, korrupsiya il\u0259 m\u0259\u015f\u011ful olublar. H\u0259tta elan edib ki, bununla ba\u011fl\u0131 h\u00fcquq-m\u00fchafiz\u0259 orqanlar\u0131na faktlar t\u0259qdim edil\u0259c\u0259k&#8230;<\/strong><\/p>\n<p>&#8211; S\u00f6zs\u00fcz ki, h\u0259r bir sah\u0259d\u0259 problem ola bil\u0259r. Kims\u0259 bundan s\u0131\u011fortalanmay\u0131b. Amma i\u015f ondad\u0131r ki, AMEA-ya h\u0259r zaman Mehdiyev n\u0259zar\u0259t edib. Mehdiyev Prezident Administrasiyas\u0131nda i\u015fl\u0259diyi d\u00f6vrd\u0259 AMEA onun kurasiyas\u0131nda olub. \u0130ndi Mehdiyev kimd\u0259n kim\u0259 \u015fikay\u0259t edir? \u018fn az\u0131 buna g\u00f6r\u0259 gileyl\u0259nm\u0259k anla\u015f\u0131lmazd\u0131r.<\/p>\n<p>\u0130kincisi d\u0259, bel\u0259 xo\u015fag\u0259lm\u0259z hallar\u0131 aradan qald\u0131rmaq \u00fc\u00e7\u00fcn AMEA-da t\u0259cili islahatlar laz\u0131md\u0131r, \u015f\u0259ffaf mexanizml\u0259rin qurulmas\u0131, qrant sistemin\u0259 ke\u00e7id vacibdir. Siz pulu adama deyil, m\u00f6vzu v\u0259 m\u0259qs\u0259d\u0259 ay\u0131rmal\u0131s\u0131n\u0131z. M\u00f6vzunu yax\u015f\u0131 bil\u0259n v\u0259 m\u0259qs\u0259d\u0259 \u00e7ata bil\u0259c\u0259k kadrlar o qrantlar\u0131 almal\u0131d\u0131rlar. Bu sistemi yaratmaq laz\u0131md\u0131r. \u018fg\u0259r, bu sistemi yaratmaq qabiliyy\u0259tin\u0259 malik deyils\u0259ns\u0259, \u00fcmumi gileyl\u0259nm\u0259k v\u0259 sa\u011fa-sola ittihamlar ya\u011fd\u0131rmaq yersiz g\u00f6r\u00fcn\u00fcr.<\/p>\n<p><strong>&#8211; V\u0259ziyy\u0259td\u0259n \u00e7\u0131x\u0131\u015f yolunu n\u0259d\u0259 g\u00f6r\u00fcrs\u00fcn\u00fcz?<\/strong><\/p>\n<p>&#8211; \u0130lk n\u00f6vb\u0259d\u0259 AMEA Prezidenti ba\u015fda olmaqla bu qurumun b\u00fct\u00fcn r\u0259hb\u0259rliyi d\u0259yi\u015fm\u0259lidir. M\u00fcasir elmin t\u0259l\u0259bl\u0259rini bil\u0259n, bu sah\u0259nin rolunu c\u0259miyy\u0259td\u0259, iqtisadiyyatda v\u0259 s\u0259nayed\u0259 ba\u015fa d\u00fc\u015f\u0259n insanlar r\u0259hb\u0259rliy\u0259 g\u0259tirilm\u0259lidir. Orada ciddi islahatlar apar\u0131lmal\u0131d\u0131r. Elm m\u0259s\u0259l\u0259sin\u0259 ciddi yana\u015fmaq vacibdir.<\/p>\n<p>Qeyd edim ki, SSR\u0130 zaman\u0131 m\u00fcxt\u0259lif sah\u0259l\u0259rd\u0259, x\u00fcsusil\u0259 d\u0259qiq elml\u0259rd\u0259 ciddi inki\u015faf yolu q\u0259t edilmi\u015fdi. Amma buna baxmayaraq SSR\u0130 inki\u015fafda Q\u0259rb \u00f6lk\u0259l\u0259rind\u0259n gerid\u0259 qal\u0131rd\u0131. \u00c7\u00fcnki elmin t\u0259hsil v\u0259 istehsalat sah\u0259l\u0259ri il\u0259 v\u0259hd\u0259ti t\u0259min edilmirdi. Elm inki\u015faf yolu il\u0259 gedirdi, amma t\u0259hsil v\u0259 istehsalla o q\u0259d\u0259r d\u0259 ba\u011fl\u0131 deyildi. Sovetl\u0259r Birliyind\u0259n f\u0259rqli olaraq Q\u0259rb bu v\u0259hd\u0259ti t\u0259min ed\u0259 bildi. Bu yolla ir\u0259lil\u0259y\u0259n Q\u0259rb SSR\u0130 \u00fcz\u0259rind\u0259 texnoloji \u00fcst\u00fcnl\u00fcy\u00fcn\u00fc t\u0259min etdi.<\/p>\n<p>Az\u0259rbaycanda is\u0259 bu problem h\u0259l\u0259 d\u0259 h\u0259llini tapmay\u0131b. H\u0259l\u0259 d\u0259 AMEA qapal\u0131 v\u0259 ayr\u0131ca sistem kimi f\u0259aliyy\u0259t g\u00f6st\u0259rir. Onun t\u0259hsil v\u0259 istehsalatla vahid sistemd\u0259 birl\u0259\u015fdirilm\u0259si y\u00f6n\u00fcnd\u0259 ciddi add\u0131mlar at\u0131lmay\u0131b. Bu, ciddi problemdir. Bunun da h\u0259lli \u00fc\u00e7\u00fcn ilk n\u00f6vb\u0259d\u0259 AMEA r\u0259hb\u0259rliyin\u0259 m\u00fcasir yana\u015fmalar\u0131 d\u0259rk ed\u0259n pe\u015f\u0259kar aliml\u0259r g\u0259lm\u0259lidir. \u0130lkin add\u0131m at\u0131lmayana q\u0259d\u0259r ba\u015fqa add\u0131mlar\u0131 g\u00f6zl\u0259m\u0259k sad\u0259l\u00f6vhl\u00fck olard\u0131. (\u201cAzPolitika.info\u201d)<\/p>\n","protected":false},"excerpt":{"rendered":"<p>Eldar Namazov: AMEA prezidenti ba\u015fda olmaqla bu qurumun b\u00fct\u00fcn r\u0259hb\u0259rliyi d\u0259yi\u015fm\u0259lidir AMEA prezidenti Ramiz Mehdiyev \u00f6t\u0259n g\u00fcn ona qar\u015f\u0131 s\u0259sl\u0259ndiril\u0259n t\u0259nqidl\u0259r\u0259 d\u00f6vl\u0259t\u0259 qar\u015f\u0131 t\u0259hdid v\u0259 \u015fantajlar s\u0259sl\u0259ndirm\u0259kl\u0259 cavab verib. Mehdiyev r\u0259hb\u0259rlik etdiyi qurumun r\u0259smi sayt\u0131nda yerl\u0259\u015fdiril\u0259n cavab\u0131nda onu t\u0259nqid ed\u0259n siyas\u0259t\u00e7il\u0259r\u0259 v\u0259 deputatlara, elm adamlar\u0131na qar\u015f\u0131 t\u0259hqirtamiz fikirl\u0259r s\u0259sl\u0259ndirib. ARANTV.AZ\u00a0 x\u0259b\u0259r verir ki,\u00a0\u00a0bu m\u00f6vzu\u00a0il\u0259 ba\u011fl\u0131 suallar\u0131 politoloq Eldar Namazov cavabland\u0131r\u0131b: &#8211; Eldar m\u00fc\u0259llim, Ramiz Mehdiyevin AMEA Prezidenti se\u00e7ilm\u0259sini ilk t\u0259nqid ed\u0259n v\u0259 \u00fcmumiyy\u0259tl\u0259, onun akademik olmad\u0131\u011f\u0131n\u0131 bildir\u0259n siz olmusunuz. Haz\u0131rda Mehdiyevin \u0259traf\u0131nda ba\u015f ver\u0259nl\u0259ri nec\u0259 qiym\u0259tl\u0259ndirirsiniz? &#8211; M\u0259n h\u0259qiq\u0259t\u0259n iki&hellip;<\/p>\n","protected":false},"author":2,"featured_media":438113,"comment_status":"closed","ping_status":"closed","sticky":false,"template":"","format":"standard","meta":{"om_disable_all_campaigns":false,"_monsterinsights_skip_tracking":false,"_monsterinsights_sitenote_active":false,"_monsterinsights_sitenote_note":"","_monsterinsights_sitenote_category":0},"categories":[4],"tags":[],"aioseo_notices":[],"gutentor_comment":0,"rttpg_featured_image_url":{"full":["https:\/\/arantv.az\/wp-content\/uploads\/2022\/02\/d8567273164465647728698756410852718.jpg",975,540,false],"landscape":["https:\/\/arantv.az\/wp-content\/uploads\/2022\/02\/d8567273164465647728698756410852718.jpg",975,540,false],"portraits":["https:\/\/arantv.az\/wp-content\/uploads\/2022\/02\/d8567273164465647728698756410852718.jpg",975,540,false],"thumbnail":["https:\/\/arantv.az\/wp-content\/uploads\/2022\/02\/d8567273164465647728698756410852718-500x280.jpg",500,280,true],"medium":["https:\/\/arantv.az\/wp-content\/uploads\/2022\/02\/d8567273164465647728698756410852718-660x365.jpg",660,365,true],"large":["https:\/\/arantv.az\/wp-content\/uploads\/2022\/02\/d8567273164465647728698756410852718-840x465.jpg",640,354,true],"1536x1536":["https:\/\/arantv.az\/wp-content\/uploads\/2022\/02\/d8567273164465647728698756410852718.jpg",975,540,false],"2048x2048":["https:\/\/arantv.az\/wp-content\/uploads\/2022\/02\/d8567273164465647728698756410852718.jpg",975,540,false],"post-thumbnail":["https:\/\/arantv.az\/wp-content\/uploads\/2022\/02\/d8567273164465647728698756410852718-240x172.jpg",240,172,true],"advps-thumb-one":["https:\/\/arantv.az\/wp-content\/uploads\/2022\/02\/d8567273164465647728698756410852718.jpg",975,540,false]},"rttpg_author":{"display_name":"V\u00fcsal Rafiqo\u011flu","author_link":"https:\/\/arantv.az\/?author=2"},"rttpg_comment":0,"rttpg_category":"<a href=\"https:\/\/arantv.az\/?cat=4\" rel=\"category\">Siyas\u0259t<\/a>","rttpg_excerpt":"Eldar Namazov: AMEA prezidenti ba\u015fda olmaqla bu qurumun b\u00fct\u00fcn r\u0259hb\u0259rliyi d\u0259yi\u015fm\u0259lidir AMEA prezidenti Ramiz Mehdiyev \u00f6t\u0259n g\u00fcn ona qar\u015f\u0131 s\u0259sl\u0259ndiril\u0259n t\u0259nqidl\u0259r\u0259 d\u00f6vl\u0259t\u0259 qar\u015f\u0131 t\u0259hdid v\u0259 \u015fantajlar s\u0259sl\u0259ndirm\u0259kl\u0259 cavab verib. Mehdiyev r\u0259hb\u0259rlik etdiyi qurumun r\u0259smi sayt\u0131nda yerl\u0259\u015fdiril\u0259n cavab\u0131nda onu t\u0259nqid ed\u0259n siyas\u0259t\u00e7il\u0259r\u0259 v\u0259 deputatlara, elm adamlar\u0131na qar\u015f\u0131 t\u0259hqirtamiz fikirl\u0259r s\u0259sl\u0259ndirib. ARANTV.AZ\u00a0 x\u0259b\u0259r verir ki,\u00a0\u00a0bu m\u00f6vzu\u00a0il\u0259 ba\u011fl\u0131&hellip;","_links":{"self":[{"href":"https:\/\/arantv.az\/index.php?rest_route=\/wp\/v2\/posts\/438112"}],"collection":[{"href":"https:\/\/arantv.az\/index.php?rest_route=\/wp\/v2\/posts"}],"about":[{"href":"https:\/\/arantv.az\/index.php?rest_route=\/wp\/v2\/types\/post"}],"author":[{"embeddable":true,"href":"https:\/\/arantv.az\/index.php?rest_route=\/wp\/v2\/users\/2"}],"replies":[{"embeddable":true,"href":"https:\/\/arantv.az\/index.php?rest_route=%2Fwp%2Fv2%2Fcomments&post=438112"}],"version-history":[{"count":0,"href":"https:\/\/arantv.az\/index.php?rest_route=\/wp\/v2\/posts\/438112\/revisions"}],"wp:featuredmedia":[{"embeddable":true,"href":"https:\/\/arantv.az\/index.php?rest_route=\/wp\/v2\/media\/438113"}],"wp:attachment":[{"href":"https:\/\/arantv.az\/index.php?rest_route=%2Fwp%2Fv2%2Fmedia&parent=438112"}],"wp:term":[{"taxonomy":"category","embeddable":true,"href":"https:\/\/arantv.az\/index.php?rest_route=%2Fwp%2Fv2%2Fcategories&post=438112"},{"taxonomy":"post_tag","embeddable":true,"href":"https:\/\/arantv.az\/index.php?rest_route=%2Fwp%2Fv2%2Ftags&post=438112"}],"curies":[{"name":"wp","href":"https:\/\/api.w.org\/{rel}","templated":true}]}}