{"id":438125,"date":"2022-02-12T12:31:20","date_gmt":"2022-02-12T09:31:20","guid":{"rendered":"http:\/\/arantv.az\/?p=438125"},"modified":"2022-02-12T12:31:20","modified_gmt":"2022-02-12T09:31:20","slug":"nazir-bu-rayonun-polis-r%c9%99isini-v%c9%99zif%c9%99sind%c9%99n-azad-etdi-%c9%99mr","status":"publish","type":"post","link":"https:\/\/arantv.az\/?p=438125","title":{"rendered":"Nazir bu rayonun polis r\u0259isini v\u0259zif\u0259sind\u0259n azad etdi &#8211; \u018fMR"},"content":{"rendered":"<p>Nax\u00e7\u0131van MR Daxili \u0130\u015fl\u0259r orqanlar\u0131nda kadr d\u0259yi\u015fikliyi ba\u015f tutub.<\/p>\n<p><strong>ARANTV.AZ<\/strong>\u00a0 Man\u015fet.az-a istinad\u0259n bildirir ki, Nax\u00e7\u0131van MR Daxili \u0130\u015fl\u0259r naziri, polis polkovniki R\u0259\u015fad \u0130smay\u0131lovun m\u00fcvafiq \u0259mri il\u0259 polis polkovnik-leytenant\u0131 Teymur Quliyev Nax\u00e7\u0131van MR Bab\u0259k Rayon Polis \u0130dar\u0259sinin r\u0259isi v\u0259zif\u0259sind\u0259n azad olunub.<\/p>\n<p>Qeyd ed\u0259k ki, bir ne\u00e7\u0259 g\u00fcn bundan \u0259vv\u0259l\u00a0Nax\u00e7\u0131van MR Ali M\u0259clisinin s\u0259dri Vasif Tal\u0131bovun imzalad\u0131\u011f\u0131 F\u0259rmanla polis polkovniki R\u0259\u015fad \u0130smay\u0131lov Nax\u00e7\u0131van MR\u00a0\u00a0Daxili \u0130\u015fl\u0259r naziri t\u0259yin edilib.<\/p>\n","protected":false},"excerpt":{"rendered":"<p>Nax\u00e7\u0131van MR Daxili \u0130\u015fl\u0259r orqanlar\u0131nda kadr d\u0259yi\u015fikliyi ba\u015f tutub. ARANTV.AZ\u00a0 Man\u015fet.az-a istinad\u0259n bildirir ki, Nax\u00e7\u0131van MR Daxili \u0130\u015fl\u0259r naziri, polis polkovniki R\u0259\u015fad \u0130smay\u0131lovun m\u00fcvafiq \u0259mri il\u0259 polis polkovnik-leytenant\u0131 Teymur Quliyev Nax\u00e7\u0131van MR Bab\u0259k Rayon Polis \u0130dar\u0259sinin r\u0259isi v\u0259zif\u0259sind\u0259n azad olunub. Qeyd ed\u0259k ki, bir ne\u00e7\u0259 g\u00fcn bundan \u0259vv\u0259l\u00a0Nax\u00e7\u0131van MR Ali M\u0259clisinin s\u0259dri Vasif Tal\u0131bovun imzalad\u0131\u011f\u0131 F\u0259rmanla polis polkovniki R\u0259\u015fad \u0130smay\u0131lov Nax\u00e7\u0131van MR\u00a0\u00a0Daxili \u0130\u015fl\u0259r naziri t\u0259yin edilib.<\/p>\n","protected":false},"author":2,"featured_media":438126,"comment_status":"closed","ping_status":"closed","sticky":false,"template":"","format":"standard","meta":{"om_disable_all_campaigns":false,"_monsterinsights_skip_tracking":false,"_monsterinsights_sitenote_active":false,"_monsterinsights_sitenote_note":"","_monsterinsights_sitenote_category":0},"categories":[1],"tags":[],"aioseo_notices":[],"gutentor_comment":0,"rttpg_featured_image_url":{"full":["https:\/\/arantv.az\/wp-content\/uploads\/2022\/02\/1019109.jpg",800,600,false],"landscape":["https:\/\/arantv.az\/wp-content\/uploads\/2022\/02\/1019109.jpg",800,600,false],"portraits":["https:\/\/arantv.az\/wp-content\/uploads\/2022\/02\/1019109.jpg",800,600,false],"thumbnail":["https:\/\/arantv.az\/wp-content\/uploads\/2022\/02\/1019109-500x280.jpg",500,280,true],"medium":["https:\/\/arantv.az\/wp-content\/uploads\/2022\/02\/1019109-487x365.jpg",487,365,true],"large":["https:\/\/arantv.az\/wp-content\/uploads\/2022\/02\/1019109.jpg",640,480,false],"1536x1536":["https:\/\/arantv.az\/wp-content\/uploads\/2022\/02\/1019109.jpg",800,600,false],"2048x2048":["https:\/\/arantv.az\/wp-content\/uploads\/2022\/02\/1019109.jpg",800,600,false],"post-thumbnail":["https:\/\/arantv.az\/wp-content\/uploads\/2022\/02\/1019109-240x172.jpg",240,172,true],"advps-thumb-one":["https:\/\/arantv.az\/wp-content\/uploads\/2022\/02\/1019109.jpg",800,600,false]},"rttpg_author":{"display_name":"V\u00fcsal Rafiqo\u011flu","author_link":"https:\/\/arantv.az\/?author=2"},"rttpg_comment":0,"rttpg_category":"<a href=\"https:\/\/arantv.az\/?cat=1\" rel=\"category\">C\u0259miyy\u0259t<\/a>","rttpg_excerpt":"Nax\u00e7\u0131van MR Daxili \u0130\u015fl\u0259r orqanlar\u0131nda kadr d\u0259yi\u015fikliyi ba\u015f tutub. ARANTV.AZ\u00a0 Man\u015fet.az-a istinad\u0259n bildirir ki, Nax\u00e7\u0131van MR Daxili \u0130\u015fl\u0259r naziri, polis polkovniki R\u0259\u015fad \u0130smay\u0131lovun m\u00fcvafiq \u0259mri il\u0259 polis polkovnik-leytenant\u0131 Teymur Quliyev Nax\u00e7\u0131van MR Bab\u0259k Rayon Polis \u0130dar\u0259sinin r\u0259isi v\u0259zif\u0259sind\u0259n azad olunub. Qeyd ed\u0259k ki, bir ne\u00e7\u0259 g\u00fcn bundan \u0259vv\u0259l\u00a0Nax\u00e7\u0131van MR Ali M\u0259clisinin s\u0259dri Vasif Tal\u0131bovun imzalad\u0131\u011f\u0131&hellip;","_links":{"self":[{"href":"https:\/\/arantv.az\/index.php?rest_route=\/wp\/v2\/posts\/438125"}],"collection":[{"href":"https:\/\/arantv.az\/index.php?rest_route=\/wp\/v2\/posts"}],"about":[{"href":"https:\/\/arantv.az\/index.php?rest_route=\/wp\/v2\/types\/post"}],"author":[{"embeddable":true,"href":"https:\/\/arantv.az\/index.php?rest_route=\/wp\/v2\/users\/2"}],"replies":[{"embeddable":true,"href":"https:\/\/arantv.az\/index.php?rest_route=%2Fwp%2Fv2%2Fcomments&post=438125"}],"version-history":[{"count":0,"href":"https:\/\/arantv.az\/index.php?rest_route=\/wp\/v2\/posts\/438125\/revisions"}],"wp:featuredmedia":[{"embeddable":true,"href":"https:\/\/arantv.az\/index.php?rest_route=\/wp\/v2\/media\/438126"}],"wp:attachment":[{"href":"https:\/\/arantv.az\/index.php?rest_route=%2Fwp%2Fv2%2Fmedia&parent=438125"}],"wp:term":[{"taxonomy":"category","embeddable":true,"href":"https:\/\/arantv.az\/index.php?rest_route=%2Fwp%2Fv2%2Fcategories&post=438125"},{"taxonomy":"post_tag","embeddable":true,"href":"https:\/\/arantv.az\/index.php?rest_route=%2Fwp%2Fv2%2Ftags&post=438125"}],"curies":[{"name":"wp","href":"https:\/\/api.w.org\/{rel}","templated":true}]}}