{"id":438128,"date":"2022-02-12T12:40:22","date_gmt":"2022-02-12T09:40:22","guid":{"rendered":"http:\/\/arantv.az\/?p=438128"},"modified":"2022-02-12T12:40:22","modified_gmt":"2022-02-12T09:40:22","slug":"turkm%c9%99nistanda-novb%c9%99d%c9%99nk%c9%99nar-prezident-seckil%c9%99ri-keciril%c9%99c%c9%99k","status":"publish","type":"post","link":"https:\/\/arantv.az\/?p=438128","title":{"rendered":"T\u00fcrkm\u0259nistanda n\u00f6vb\u0259d\u0259nk\u0259nar prezident se\u00e7kil\u0259ri ke\u00e7iril\u0259c\u0259k"},"content":{"rendered":"<p>T\u00fcrkm\u0259nistanda n\u00f6vb\u0259d\u0259nk\u0259nar prezident se\u00e7kil\u0259ri bu il mart\u0131n 12-d\u0259 ke\u00e7iril\u0259c\u0259k.<\/p>\n<p>Bu bar\u0259d\u0259 T\u00fcrkm\u0259nistan M\u0259rk\u0259zi Se\u00e7ki Komissiyas\u0131 s\u0259drinin k\u00f6m\u0259k\u00e7isi Bezirgen Karayev bildirib.<\/p>\n<div class=\"AdviadNativeVideo\"><\/div>\n<p>T\u00fcrkm\u0259nistan Prezidenti Qurbanqulu Berdim\u0259h\u0259mm\u0259dov parlamentin yuxar\u0131 palatas\u0131n\u0131n (Xalk Maslaxat\u0131) n\u00f6vb\u0259d\u0259nk\u0259nar iclas\u0131nda bir g\u00fcn \u0259vv\u0259l bildirib ki, g\u0259nc liderl\u0259rin idar\u0259\u00e7iliyin\u0259 \u015f\u0259rait yaratmaq laz\u0131md\u0131r.<\/p>\n<p>T\u00fcrkm\u0259nistan m\u0259tbuat\u0131n\u0131n m\u0259lumat\u0131na g\u00f6r\u0259, bununla \u0259laq\u0259dar Se\u00e7kil\u0259r v\u0259 Referendumlar \u00fczr\u0259 M\u0259rk\u0259zi Komissiyan\u0131n s\u0259drin\u0259 T\u00fcrkm\u0259nistan Konstitusiyas\u0131na v\u0259 qanunvericiliyin\u0259 uy\u011fun olaraq m\u00fcvafiq i\u015f\u0259 ba\u015flamaq tap\u015f\u0131r\u0131l\u0131b.<\/p>\n<p>Qeyd edilir ki, T\u00fcrkm\u0259nistan prezidentinin tap\u015f\u0131r\u0131\u011f\u0131na uy\u011fun olaraq, \u00f6lk\u0259nin M\u0259rk\u0259zi Se\u00e7ki Komissiyas\u0131 mart\u0131n 12-d\u0259 ke\u00e7iril\u0259c\u0259k n\u00f6vb\u0259d\u0259nk\u0259nar prezident se\u00e7kil\u0259rin\u0259 haz\u0131rl\u0131\u011fa ba\u015flay\u0131b.<\/p>\n<p>M\u0259nb\u0259: R\u0130A Novosti<\/p>\n","protected":false},"excerpt":{"rendered":"<p>T\u00fcrkm\u0259nistanda n\u00f6vb\u0259d\u0259nk\u0259nar prezident se\u00e7kil\u0259ri bu il mart\u0131n 12-d\u0259 ke\u00e7iril\u0259c\u0259k. Bu bar\u0259d\u0259 T\u00fcrkm\u0259nistan M\u0259rk\u0259zi Se\u00e7ki Komissiyas\u0131 s\u0259drinin k\u00f6m\u0259k\u00e7isi Bezirgen Karayev bildirib. T\u00fcrkm\u0259nistan Prezidenti Qurbanqulu Berdim\u0259h\u0259mm\u0259dov parlamentin yuxar\u0131 palatas\u0131n\u0131n (Xalk Maslaxat\u0131) n\u00f6vb\u0259d\u0259nk\u0259nar iclas\u0131nda bir g\u00fcn \u0259vv\u0259l bildirib ki, g\u0259nc liderl\u0259rin idar\u0259\u00e7iliyin\u0259 \u015f\u0259rait yaratmaq laz\u0131md\u0131r. T\u00fcrkm\u0259nistan m\u0259tbuat\u0131n\u0131n m\u0259lumat\u0131na g\u00f6r\u0259, bununla \u0259laq\u0259dar Se\u00e7kil\u0259r v\u0259 Referendumlar \u00fczr\u0259 M\u0259rk\u0259zi Komissiyan\u0131n s\u0259drin\u0259 T\u00fcrkm\u0259nistan Konstitusiyas\u0131na v\u0259 qanunvericiliyin\u0259 uy\u011fun olaraq m\u00fcvafiq i\u015f\u0259 ba\u015flamaq tap\u015f\u0131r\u0131l\u0131b. Qeyd edilir ki, T\u00fcrkm\u0259nistan prezidentinin tap\u015f\u0131r\u0131\u011f\u0131na uy\u011fun olaraq, \u00f6lk\u0259nin M\u0259rk\u0259zi Se\u00e7ki Komissiyas\u0131 mart\u0131n 12-d\u0259 ke\u00e7iril\u0259c\u0259k n\u00f6vb\u0259d\u0259nk\u0259nar prezident se\u00e7kil\u0259rin\u0259 haz\u0131rl\u0131\u011fa ba\u015flay\u0131b. M\u0259nb\u0259: R\u0130A Novosti<\/p>\n","protected":false},"author":2,"featured_media":438129,"comment_status":"closed","ping_status":"closed","sticky":false,"template":"","format":"standard","meta":{"om_disable_all_campaigns":false,"_monsterinsights_skip_tracking":false,"_monsterinsights_sitenote_active":false,"_monsterinsights_sitenote_note":"","_monsterinsights_sitenote_category":0},"categories":[7],"tags":[],"aioseo_notices":[],"gutentor_comment":0,"rttpg_featured_image_url":{"full":["https:\/\/arantv.az\/wp-content\/uploads\/2022\/02\/FotoJet-1-6.jpg",620,413,false],"landscape":["https:\/\/arantv.az\/wp-content\/uploads\/2022\/02\/FotoJet-1-6.jpg",620,413,false],"portraits":["https:\/\/arantv.az\/wp-content\/uploads\/2022\/02\/FotoJet-1-6.jpg",620,413,false],"thumbnail":["https:\/\/arantv.az\/wp-content\/uploads\/2022\/02\/FotoJet-1-6-500x280.jpg",500,280,true],"medium":["https:\/\/arantv.az\/wp-content\/uploads\/2022\/02\/FotoJet-1-6-548x365.jpg",548,365,true],"large":["https:\/\/arantv.az\/wp-content\/uploads\/2022\/02\/FotoJet-1-6.jpg",620,413,false],"1536x1536":["https:\/\/arantv.az\/wp-content\/uploads\/2022\/02\/FotoJet-1-6.jpg",620,413,false],"2048x2048":["https:\/\/arantv.az\/wp-content\/uploads\/2022\/02\/FotoJet-1-6.jpg",620,413,false],"post-thumbnail":["https:\/\/arantv.az\/wp-content\/uploads\/2022\/02\/FotoJet-1-6-240x172.jpg",240,172,true],"advps-thumb-one":["https:\/\/arantv.az\/wp-content\/uploads\/2022\/02\/FotoJet-1-6.jpg",620,413,false]},"rttpg_author":{"display_name":"V\u00fcsal Rafiqo\u011flu","author_link":"https:\/\/arantv.az\/?author=2"},"rttpg_comment":0,"rttpg_category":"<a href=\"https:\/\/arantv.az\/?cat=7\" rel=\"category\">D\u00fcnya<\/a>","rttpg_excerpt":"T\u00fcrkm\u0259nistanda n\u00f6vb\u0259d\u0259nk\u0259nar prezident se\u00e7kil\u0259ri bu il mart\u0131n 12-d\u0259 ke\u00e7iril\u0259c\u0259k. Bu bar\u0259d\u0259 T\u00fcrkm\u0259nistan M\u0259rk\u0259zi Se\u00e7ki Komissiyas\u0131 s\u0259drinin k\u00f6m\u0259k\u00e7isi Bezirgen Karayev bildirib. T\u00fcrkm\u0259nistan Prezidenti Qurbanqulu Berdim\u0259h\u0259mm\u0259dov parlamentin yuxar\u0131 palatas\u0131n\u0131n (Xalk Maslaxat\u0131) n\u00f6vb\u0259d\u0259nk\u0259nar iclas\u0131nda bir g\u00fcn \u0259vv\u0259l bildirib ki, g\u0259nc liderl\u0259rin idar\u0259\u00e7iliyin\u0259 \u015f\u0259rait yaratmaq laz\u0131md\u0131r. T\u00fcrkm\u0259nistan m\u0259tbuat\u0131n\u0131n m\u0259lumat\u0131na g\u00f6r\u0259, bununla \u0259laq\u0259dar Se\u00e7kil\u0259r v\u0259 Referendumlar \u00fczr\u0259 M\u0259rk\u0259zi Komissiyan\u0131n s\u0259drin\u0259&hellip;","_links":{"self":[{"href":"https:\/\/arantv.az\/index.php?rest_route=\/wp\/v2\/posts\/438128"}],"collection":[{"href":"https:\/\/arantv.az\/index.php?rest_route=\/wp\/v2\/posts"}],"about":[{"href":"https:\/\/arantv.az\/index.php?rest_route=\/wp\/v2\/types\/post"}],"author":[{"embeddable":true,"href":"https:\/\/arantv.az\/index.php?rest_route=\/wp\/v2\/users\/2"}],"replies":[{"embeddable":true,"href":"https:\/\/arantv.az\/index.php?rest_route=%2Fwp%2Fv2%2Fcomments&post=438128"}],"version-history":[{"count":0,"href":"https:\/\/arantv.az\/index.php?rest_route=\/wp\/v2\/posts\/438128\/revisions"}],"wp:featuredmedia":[{"embeddable":true,"href":"https:\/\/arantv.az\/index.php?rest_route=\/wp\/v2\/media\/438129"}],"wp:attachment":[{"href":"https:\/\/arantv.az\/index.php?rest_route=%2Fwp%2Fv2%2Fmedia&parent=438128"}],"wp:term":[{"taxonomy":"category","embeddable":true,"href":"https:\/\/arantv.az\/index.php?rest_route=%2Fwp%2Fv2%2Fcategories&post=438128"},{"taxonomy":"post_tag","embeddable":true,"href":"https:\/\/arantv.az\/index.php?rest_route=%2Fwp%2Fv2%2Ftags&post=438128"}],"curies":[{"name":"wp","href":"https:\/\/api.w.org\/{rel}","templated":true}]}}