{"id":438137,"date":"2022-02-12T12:52:54","date_gmt":"2022-02-12T09:52:54","guid":{"rendered":"http:\/\/arantv.az\/?p=438137"},"modified":"2022-02-12T12:52:54","modified_gmt":"2022-02-12T09:52:54","slug":"turkiy%c9%99-il%c9%99-israil-munasib%c9%99tl%c9%99rinin-normallasmasina-can-atirlar","status":"publish","type":"post","link":"https:\/\/arantv.az\/?p=438137","title":{"rendered":"T\u00fcrkiy\u0259 il\u0259 \u0130srail m\u00fcnasib\u0259tl\u0259rinin normalla\u015fmas\u0131na can at\u0131rlar"},"content":{"rendered":"<p>\u201cJerusalem Post\u201d: \u201cAz\u0259rbaycan h\u0259m \u0130srail, h\u0259m d\u0259 T\u00fcrkiy\u0259 il\u0259 g\u00fccl\u00fc \u0259laq\u0259l\u0259ri olan nadir \u00f6lk\u0259l\u0259rd\u0259n biridir. R\u0259smi Bak\u0131 m\u00fcxt\u0259lif \u00f6lk\u0259l\u0259r aras\u0131nda s\u00fclh prosesin\u0259 dair \u0259lveri\u015fli m\u00fchit yarada bil\u0259c\u0259k potensial\u0131n\u0131n oldu\u011funu da n\u00fcmayi\u015f etdirib\u201d.<\/p>\n<p>M\u00f6vzu il\u0259 ba\u011fl\u0131<a href=\"https:\/\/kaspi.az\/az\/turkiye-ile-israil-arasinda-buzlar-eriyir?fbclid=IwAR3_WqrBSAuGnCn4CvOX9mAPfLW5wX6bj0DVvIGQiUmiBcFj4aboCqyPMqs\" target=\"_blank\" rel=\"noopener\">\u00a0<strong>\u201cKaspi\u201d\u00a0<\/strong><\/a>q\u0259zetinin m\u0259qal\u0259sini t\u0259qdim edirik.<\/p>\n<div class=\"AdviadNativeVideo\"><\/div>\n<p>\u00d6t\u0259n h\u0259ft\u0259 T\u00fcrkiy\u0259 Prezidenti R\u0259c\u0259b Tayyib \u018frdo\u011fan israilli h\u0259mkar\u0131 \u0130saak Hersoqun T\u00fcrkiy\u0259y\u0259 s\u0259f\u0259r ed\u0259c\u0259yini bildirib. \u0130srail prezidentinin ba\u015f\u00e7\u0131l\u0131q ed\u0259c\u0259yi n\u00fcmay\u0259nd\u0259 hey\u0259tinin T\u00fcrkiy\u0259y\u0259 mart\u0131n ortalar\u0131nda s\u0259f\u0259ri g\u00f6zl\u0259nilir. \u0130srailin ba\u015f naziri Naftali Bennet d\u0259 \u0130saak Hersoqun R\u0259c\u0259b Tayyib \u018frdo\u011fanla g\u00f6r\u00fc\u015f\u00fcn\u00fcn m\u00fcmk\u00fcn oldu\u011funu b\u0259yan edib. \u0130ndi T\u00fcrkiy\u0259, \u0130srail v\u0259 Q\u0259rb siyasi ekspertl\u0259ri iki d\u00f6vl\u0259t aras\u0131nda m\u00fcnasib\u0259tl\u0259rin yenid\u0259n yax\u015f\u0131la\u015fa bil\u0259c\u0259yini qeyd edirl\u0259r.<\/p>\n<p><strong>Normalla\u015fma istiqam\u0259tind\u0259 yeni add\u0131mlar<\/strong><\/p>\n<p>Burhanettin Duran T\u00fcrkiy\u0259nin n\u00fcfuzlu \u201cDaily Sabah\u201d n\u0259\u015frind\u0259 d\u0259rc olunan m\u0259qal\u0259sind\u0259 qeyd edir ki, haz\u0131rda Ankara T\u0259l-\u018fvivl\u0259 m\u00fcnasib\u0259tl\u0259ri normalla\u015fd\u0131rmaq m\u0259qs\u0259dil\u0259 s\u0259yl\u0259ri ikiqat art\u0131r\u0131r:<\/p>\n<p>\u201c\u00d6t\u0259n il T\u00fcrkiy\u0259nin AB\u015e, Avropa \u0130ttifaq\u0131 (A\u0130), Yunan\u0131stan, Erm\u0259nistan, \u0130srail, B\u018f\u018f, Misir v\u0259 S\u0259udiyy\u0259 \u018fr\u0259bistan\u0131 il\u0259 \u0259laq\u0259l\u0259rd\u0259 yeni s\u0259hif\u0259 a\u00e7ma\u011fa \u00e7al\u0131\u015fmas\u0131 sirr deyil. Ankara il\u0259 Va\u015finqton, Br\u00fcssel v\u0259 Afina aras\u0131nda g\u0259rginlik azalsa da, h\u0259l\u0259 d\u0259 m\u00fcsb\u0259t add\u0131mlar at\u0131lmay\u0131b. \u018fksin\u0259, g\u00f6r\u00fcn\u0259n odur ki, T\u00fcrkiy\u0259nin Yax\u0131n \u015e\u0259rq v\u0259 C\u0259nubi Qafqaz \u00f6lk\u0259l\u0259ri il\u0259 m\u00fcnasib\u0259tl\u0259rin normalla\u015fd\u0131rmas\u0131 prosesi daha s\u00fcr\u0259tl\u0259 gedir\u201d.<\/p>\n<p>M\u00fc\u0259llifin fikrinc\u0259, AB\u015e-\u0131n \u201cEastMed\u201d layih\u0259sin\u0259 d\u0259st\u0259k g\u00f6st\u0259rm\u0259y\u0259c\u0259yini b\u0259yan etm\u0259sind\u0259n bir ne\u00e7\u0259 h\u0259ft\u0259 sonra T\u00fcrkiy\u0259 liderinin \u0130srail prezidentinin s\u0259f\u0259ri il\u0259 ba\u011fl\u0131 \u00e7\u0131x\u0131\u015f\u0131 t\u0259sad\u00fcfi deyil: &#8220;Sanki AB\u015e bu add\u0131m\u0131 T\u00fcrkiy\u0259 il\u0259 \u0130srail aras\u0131nda m\u00fcnasib\u0259tl\u0259rinin normalla\u015fd\u0131r\u0131lmas\u0131 \u00fc\u00e7\u00fcn at\u0131b. Ba\u015fqa s\u00f6zl\u0259 des\u0259k, indi T\u0259l-\u018fviv Ankara il\u0259 enerji \u0259m\u0259kda\u015fl\u0131\u011f\u0131na dair perspektivl\u0259ri m\u00fczakir\u0259 ed\u0259 bil\u0259r\u201d.<\/p>\n<p><strong>Obyektiv s\u0259b\u0259bl\u0259r<\/strong><\/p>\n<p>T\u00fcrkiy\u0259 haz\u0131rda \u0130srail d\u0259 daxil olmaqla, Yax\u0131n \u015e\u0259rq \u00f6lk\u0259l\u0259ri il\u0259, T\u0259l-\u018fviv is\u0259 \u018fbu-Dabi v\u0259 Ankara il\u0259 m\u00fcnasib\u0259tl\u0259ri normala\u015fd\u0131rma\u011fa can at\u0131r. B\u0259s bunun s\u0259b\u0259bi n\u0259dir? B.Duran hesab edir ki, sadalanan d\u00f6vl\u0259tl\u0259r regional v\u0259 qlobal d\u0259yi\u015fikl\u0259r fonunda siyasi q\u0259rarlar\u0131n\u0131 yenid\u0259n n\u0259z\u0259rd\u0259n ke\u00e7irir: \u201cCOVID-19 pandemiyas\u0131 \u00fcz\u00fcnd\u0259n f\u00f6vq\u0259ld\u00f6vl\u0259tl\u0259r aras\u0131nda r\u0259qab\u0259t daha da g\u00fccl\u0259nib. M\u0259s\u0259l\u0259n, Pekinl\u0259 Va\u015finqton aras\u0131nda. \u00dcst\u0259lik, AB\u015e Prezidenti Co Baydenin Va\u015finqtonun Yax\u0131n \u015e\u0259rq siyas\u0259tini yenid\u0259n n\u0259z\u0259rd\u0259n ke\u00e7irm\u0259si, Rusiyan\u0131n son add\u0131mlar\u0131, h\u0259m\u00e7inin \u0130ran v\u0259 Fars k\u00f6rf\u0259zi h\u00f6vz\u0259sind\u0259 yerl\u0259\u015f\u0259n \u00f6lk\u0259l\u0259rin regionda m\u00fcnasib\u0259tl\u0259ri normalla\u015fd\u0131rma\u011fa \u00e7al\u0131\u015fmas\u0131 b\u00f6lg\u0259d\u0259 d\u0259yi\u015fiklikl\u0259rin ba\u015f verdiyini g\u00f6st\u0259rir. \u018fslind\u0259, bu d\u0259yi\u015fiklikl\u0259r qeyri-m\u00fc\u0259yy\u0259n v\u0259 riskli v\u0259ziyy\u0259tin yaranmas\u0131na s\u0259b\u0259b olur\u201d.<\/p>\n<p>Onun s\u00f6zl\u0259rin\u0259 g\u00f6r\u0259, haz\u0131rda y\u0259hudi d\u00f6vl\u0259ti d\u0259 T\u00fcrkiy\u0259 il\u0259 m\u00fcnasib\u0259tl\u0259rin normalla\u015fmas\u0131nda maraql\u0131d\u0131r:<\/p>\n<p>\u201cDo\u011frudur, \u0130srailin \u0259r\u0259b \u00f6lk\u0259l\u0259ri il\u0259 \u0130brahimi sazi\u015fini imzalamas\u0131 onun regionda m\u00f6vqeyini g\u00fccl\u0259ndirib. Amma AB\u015e il\u0259 \u0130ran aras\u0131nda yeni n\u00fcv\u0259 sazi\u015finin imzalanmas\u0131 b\u00f6lg\u0259d\u0259 g\u00fcc balans\u0131n\u0131 d\u0259yi\u015f\u0259 bil\u0259r. Odur ki, \u0130srail T\u00fcrkiy\u0259 il\u0259 m\u00fcnasib\u0259tl\u0259ri normalla\u015fd\u0131rma\u011fa \u00e7al\u0131\u015fan sonuncu d\u00f6vl\u0259t olmaq ist\u0259m\u0259zdi\u201d.<\/p>\n<p><strong>\u201cJerusalem Post\u201d Az\u0259rbaycan\u0131n vacib rolu haqq\u0131nda<\/strong><\/p>\n<p>Bu arada, haz\u0131rda Az\u0259rbaycan\u0131n T\u00fcrkiy\u0259 v\u0259 \u0130sraill\u0259 s\u0131x, strateji \u0259h\u0259miyy\u0259t k\u0259sb ed\u0259n \u0259laq\u0259l\u0259ri var. Odur ki, Bak\u0131 Ankara il\u0259 T\u0259l-\u018fviv aras\u0131nda m\u00fcnasib\u0259tl\u0259rin b\u0259rpas\u0131nda maraql\u0131d\u0131r. \u00dcst\u0259lik, o, bu iki d\u00f6vl\u0259t aras\u0131nda \u0259laq\u0259l\u0259rin normalla\u015fmas\u0131nda vasit\u0259\u00e7i ola bil\u0259r.<\/p>\n<p>\u0130srailin n\u00fcfuzlu \u201cThe Jerusalem Post\u201d n\u0259\u015frind\u0259 amerikal\u0131 siyasi ekspert Ceykob Kamaras\u0131n d\u0259rc edil\u0259n m\u0259qal\u0259sind\u0259 qeyd olunur ki, \u0259halisinin \u0259ks\u0259riyy\u0259ti m\u00fcs\u0259lman olan C\u0259nubi Qafqaz \u00f6lk\u0259si \u2013 Az\u0259rbaycanla \u0130srail aras\u0131nda h\u0259l\u0259 1992-ci ild\u0259n b\u0259ri, y\u0259ni y\u0259hudi d\u00f6vl\u0259tinin \u0259r\u0259b \u00f6lk\u0259l\u0259ri il\u0259 \u0130brahimi sazi\u015fi imzalamas\u0131ndan uzun ill\u0259r \u00f6nc\u0259 s\u0131x m\u00fcnasib\u0259tl\u0259r m\u00f6vcuddur: \u201cOdur ki, Bak\u0131 Ankara il\u0259 T\u0259l-\u018fviv aras\u0131nda raz\u0131la\u015fman\u0131n imzalanmas\u0131nda vacib rol oynaya bil\u0259r. Az\u0259rbaycan h\u0259m \u0130srail, h\u0259m d\u0259 T\u00fcrkiy\u0259 il\u0259 g\u00fccl\u00fc \u0259laq\u0259l\u0259ri olan nadir \u00f6lk\u0259l\u0259rd\u0259n biridir. R\u0259smi Bak\u0131 m\u00fcxt\u0259lif \u00f6lk\u0259l\u0259r aras\u0131nda s\u00fclh prosesin\u0259 dair \u0259lveri\u015fli m\u00fchit yarada bil\u0259c\u0259k potensial\u0131n\u0131n oldu\u011funu da n\u00fcmayi\u015f etdirib\u201d.<\/p>\n<p>M\u0259qal\u0259d\u0259 qeyd edilir ki, Az\u0259rbaycan Prezidentinin k\u00f6m\u0259k\u00e7isi, Prezident Administrasiyas\u0131n\u0131n Xarici siyas\u0259t m\u0259s\u0259l\u0259l\u0259ri \u015f\u00f6b\u0259sinin m\u00fcdiri Hikm\u0259t Hac\u0131yev h\u0259l\u0259 \u00f6t\u0259n ilin aprelind\u0259 bildirmi\u015fdi ki, Bak\u0131 T\u00fcrkiy\u0259 v\u0259 \u0130srailin i\u015ftirak\u0131 il\u0259 \u00fc\u00e7t\u0259r\u0259fli sammitin t\u0259\u015fkilin\u0259 haz\u0131rd\u0131r: \u201cOnun s\u00f6zl\u0259rin\u0259 g\u00f6r\u0259, T\u00fcrkiy\u0259 Az\u0259rbaycanla qarda\u015f \u00f6lk\u0259dir, \u0130srail is\u0259 strateji t\u0259r\u0259fda\u015f\u0131m\u0131zd\u0131r: &#8220;Biz dostlar\u0131m\u0131z\u0131n bir-biri il\u0259 dostluq m\u00fcnasib\u0259tl\u0259rind\u0259 olmas\u0131n\u0131 ist\u0259yirik. \u018fg\u0259r t\u0259r\u0259fl\u0259r bizim t\u0259\u015f\u0259bb\u00fcs\u00fcm\u00fczl\u0259 ba\u011fl\u0131 raz\u0131l\u0131\u011fa g\u0259l\u0259rs\u0259, Az\u0259rbaycan bunu h\u0259r zaman alq\u0131\u015flayacaq\u201d.<\/p>\n<p><strong>T\u00fcrkiy\u0259-\u0130srail \u0259m\u0259kda\u015fl\u0131\u011f\u0131n\u0131n \u00fcst\u00fcnl\u00fckl\u0259ri<\/strong><\/p>\n<p>C.Kamaras qeyd edir ki, Az\u0259rbaycan r\u0259hb\u0259rliyi \u0130sraill\u0259 s\u0131x \u0259laq\u0259l\u0259rin \u00fcst\u00fcnl\u00fckl\u0259rini ba\u015fa d\u00fc\u015f\u00fcr: \u201cBak\u0131 y\u0259hudi d\u00f6vl\u0259tin\u0259 neft, \u0130srail is\u0259 Az\u0259rbaycana silah t\u0259dar\u00fck edir. Lakin onlar aras\u0131nda daha d\u0259rin m\u00fcnasib\u0259tl\u0259r m\u00f6vcuddur\u201d. M\u0259qal\u0259d\u0259 Az\u0259rbaycan il\u0259 y\u0259hudil\u0259r aras\u0131nda 2500 illik tarixi \u0259laq\u0259l\u0259rin oldu\u011fu vur\u011fulan\u0131r.<\/p>\n<p>M\u00fc\u0259llif xat\u0131rlad\u0131r ki, y\u0259hudil\u0259r T\u00fcrkiy\u0259d\u0259 2000 ild\u0259n \u00e7oxdur ki, ya\u015fay\u0131r: \u201cSon ill\u0259rd\u0259 diplomatik m\u00fcnasib\u0259tl\u0259rd\u0259 g\u0259rginliy\u0259 baxmayaraq, T\u00fcrkiy\u0259 il\u0259 \u0130srail aras\u0131nda g\u00fccl\u00fc iqtisadi \u0259laq\u0259l\u0259r var. M\u0259s\u0259l\u0259n, 2021-ci ilin noyabr\u0131nda T\u00fcrkiy\u0259d\u0259n \u0130srail\u0259 595 milyon dollar d\u0259y\u0259rind\u0259 m\u0259hsul ixrac edilib\u201d.<\/p>\n<p>Amerikal\u0131 siyasi ekspert sonda vur\u011fulay\u0131r ki, T\u00fcrkiy\u0259 il\u0259 \u0130srail aras\u0131nda isti m\u00fcnasib\u0259tl\u0259rin yaranmas\u0131 \u00fc\u00e7\u00fcn t\u0259m\u0259l m\u00f6vcuddur: \u201c\u0130brahimi sazi\u015fi g\u00f6st\u0259rib ki, bu proses n\u0259tic\u0259sind\u0259 h\u0259r iki \u00f6lk\u0259y\u0259 b\u00f6y\u00fck miqdarda investisiyalar c\u0259lb oluna bil\u0259r\u201d.<\/p>\n","protected":false},"excerpt":{"rendered":"<p>\u201cJerusalem Post\u201d: \u201cAz\u0259rbaycan h\u0259m \u0130srail, h\u0259m d\u0259 T\u00fcrkiy\u0259 il\u0259 g\u00fccl\u00fc \u0259laq\u0259l\u0259ri olan nadir \u00f6lk\u0259l\u0259rd\u0259n biridir. R\u0259smi Bak\u0131 m\u00fcxt\u0259lif \u00f6lk\u0259l\u0259r aras\u0131nda s\u00fclh prosesin\u0259 dair \u0259lveri\u015fli m\u00fchit yarada bil\u0259c\u0259k potensial\u0131n\u0131n oldu\u011funu da n\u00fcmayi\u015f etdirib\u201d. M\u00f6vzu il\u0259 ba\u011fl\u0131\u00a0\u201cKaspi\u201d\u00a0q\u0259zetinin m\u0259qal\u0259sini t\u0259qdim edirik. \u00d6t\u0259n h\u0259ft\u0259 T\u00fcrkiy\u0259 Prezidenti R\u0259c\u0259b Tayyib \u018frdo\u011fan israilli h\u0259mkar\u0131 \u0130saak Hersoqun T\u00fcrkiy\u0259y\u0259 s\u0259f\u0259r ed\u0259c\u0259yini bildirib. \u0130srail prezidentinin ba\u015f\u00e7\u0131l\u0131q ed\u0259c\u0259yi n\u00fcmay\u0259nd\u0259 hey\u0259tinin T\u00fcrkiy\u0259y\u0259 mart\u0131n ortalar\u0131nda s\u0259f\u0259ri g\u00f6zl\u0259nilir. \u0130srailin ba\u015f naziri Naftali Bennet d\u0259 \u0130saak Hersoqun R\u0259c\u0259b Tayyib \u018frdo\u011fanla g\u00f6r\u00fc\u015f\u00fcn\u00fcn m\u00fcmk\u00fcn oldu\u011funu b\u0259yan edib. \u0130ndi T\u00fcrkiy\u0259, \u0130srail v\u0259 Q\u0259rb siyasi ekspertl\u0259ri iki d\u00f6vl\u0259t aras\u0131nda&hellip;<\/p>\n","protected":false},"author":2,"featured_media":438138,"comment_status":"closed","ping_status":"closed","sticky":false,"template":"","format":"standard","meta":{"om_disable_all_campaigns":false,"_monsterinsights_skip_tracking":false,"_monsterinsights_sitenote_active":false,"_monsterinsights_sitenote_note":"","_monsterinsights_sitenote_category":0},"categories":[4],"tags":[],"aioseo_notices":[],"gutentor_comment":0,"rttpg_featured_image_url":{"full":["https:\/\/arantv.az\/wp-content\/uploads\/2022\/02\/FotoJet-6-9.jpg",620,413,false],"landscape":["https:\/\/arantv.az\/wp-content\/uploads\/2022\/02\/FotoJet-6-9.jpg",620,413,false],"portraits":["https:\/\/arantv.az\/wp-content\/uploads\/2022\/02\/FotoJet-6-9.jpg",620,413,false],"thumbnail":["https:\/\/arantv.az\/wp-content\/uploads\/2022\/02\/FotoJet-6-9-500x280.jpg",500,280,true],"medium":["https:\/\/arantv.az\/wp-content\/uploads\/2022\/02\/FotoJet-6-9-548x365.jpg",548,365,true],"large":["https:\/\/arantv.az\/wp-content\/uploads\/2022\/02\/FotoJet-6-9.jpg",620,413,false],"1536x1536":["https:\/\/arantv.az\/wp-content\/uploads\/2022\/02\/FotoJet-6-9.jpg",620,413,false],"2048x2048":["https:\/\/arantv.az\/wp-content\/uploads\/2022\/02\/FotoJet-6-9.jpg",620,413,false],"post-thumbnail":["https:\/\/arantv.az\/wp-content\/uploads\/2022\/02\/FotoJet-6-9-240x172.jpg",240,172,true],"advps-thumb-one":["https:\/\/arantv.az\/wp-content\/uploads\/2022\/02\/FotoJet-6-9.jpg",620,413,false]},"rttpg_author":{"display_name":"V\u00fcsal Rafiqo\u011flu","author_link":"https:\/\/arantv.az\/?author=2"},"rttpg_comment":0,"rttpg_category":"<a href=\"https:\/\/arantv.az\/?cat=4\" rel=\"category\">Siyas\u0259t<\/a>","rttpg_excerpt":"\u201cJerusalem Post\u201d: \u201cAz\u0259rbaycan h\u0259m \u0130srail, h\u0259m d\u0259 T\u00fcrkiy\u0259 il\u0259 g\u00fccl\u00fc \u0259laq\u0259l\u0259ri olan nadir \u00f6lk\u0259l\u0259rd\u0259n biridir. R\u0259smi Bak\u0131 m\u00fcxt\u0259lif \u00f6lk\u0259l\u0259r aras\u0131nda s\u00fclh prosesin\u0259 dair \u0259lveri\u015fli m\u00fchit yarada bil\u0259c\u0259k potensial\u0131n\u0131n oldu\u011funu da n\u00fcmayi\u015f etdirib\u201d. M\u00f6vzu il\u0259 ba\u011fl\u0131\u00a0\u201cKaspi\u201d\u00a0q\u0259zetinin m\u0259qal\u0259sini t\u0259qdim edirik. \u00d6t\u0259n h\u0259ft\u0259 T\u00fcrkiy\u0259 Prezidenti R\u0259c\u0259b Tayyib \u018frdo\u011fan israilli h\u0259mkar\u0131 \u0130saak Hersoqun T\u00fcrkiy\u0259y\u0259 s\u0259f\u0259r ed\u0259c\u0259yini bildirib. \u0130srail prezidentinin&hellip;","_links":{"self":[{"href":"https:\/\/arantv.az\/index.php?rest_route=\/wp\/v2\/posts\/438137"}],"collection":[{"href":"https:\/\/arantv.az\/index.php?rest_route=\/wp\/v2\/posts"}],"about":[{"href":"https:\/\/arantv.az\/index.php?rest_route=\/wp\/v2\/types\/post"}],"author":[{"embeddable":true,"href":"https:\/\/arantv.az\/index.php?rest_route=\/wp\/v2\/users\/2"}],"replies":[{"embeddable":true,"href":"https:\/\/arantv.az\/index.php?rest_route=%2Fwp%2Fv2%2Fcomments&post=438137"}],"version-history":[{"count":0,"href":"https:\/\/arantv.az\/index.php?rest_route=\/wp\/v2\/posts\/438137\/revisions"}],"wp:featuredmedia":[{"embeddable":true,"href":"https:\/\/arantv.az\/index.php?rest_route=\/wp\/v2\/media\/438138"}],"wp:attachment":[{"href":"https:\/\/arantv.az\/index.php?rest_route=%2Fwp%2Fv2%2Fmedia&parent=438137"}],"wp:term":[{"taxonomy":"category","embeddable":true,"href":"https:\/\/arantv.az\/index.php?rest_route=%2Fwp%2Fv2%2Fcategories&post=438137"},{"taxonomy":"post_tag","embeddable":true,"href":"https:\/\/arantv.az\/index.php?rest_route=%2Fwp%2Fv2%2Ftags&post=438137"}],"curies":[{"name":"wp","href":"https:\/\/api.w.org\/{rel}","templated":true}]}}