{"id":438143,"date":"2022-02-12T12:54:58","date_gmt":"2022-02-12T09:54:58","guid":{"rendered":"http:\/\/arantv.az\/?p=438143"},"modified":"2022-02-12T12:54:58","modified_gmt":"2022-02-12T09:54:58","slug":"litva-respublikasinin-xususi-istintaq-xidm%c9%99tinin-r%c9%99hb%c9%99rinin-olk%c9%99miz%c9%99-s%c9%99f%c9%99ri-basa-catmisdir","status":"publish","type":"post","link":"https:\/\/arantv.az\/?p=438143","title":{"rendered":"Litva Respublikas\u0131n\u0131n X\u00fcsusi \u0130stintaq Xidm\u0259tinin r\u0259hb\u0259rinin \u00f6lk\u0259miz\u0259 s\u0259f\u0259ri ba\u015fa \u00e7atm\u0131\u015fd\u0131r"},"content":{"rendered":"<div class=\"row\">\n<div class=\"col-12\">\n<p>X\u0259b\u0259r verdiyimiz kimi, Avropa \u0130ttifaq\u0131n\u0131n \u201cAvropa Qon\u015fuluq Siyas\u0259ti\u201d plan\u0131 \u00e7\u0259r\u00e7iv\u0259sind\u0259 h\u0259min quruma \u00fczv \u00f6lk\u0259l\u0259rin Avropa d\u00f6vl\u0259tl\u0259rinin m\u00fcvafiq t\u0259sisatlar\u0131n\u0131n i\u015f t\u0259cr\u00fcb\u0259sinin \u00f6yr\u0259nilm\u0259sin\u0259 y\u00f6n\u0259ldilmi\u015f \u201cAz\u0259rbaycanda \u0259mlaklar\u0131n b\u0259rpas\u0131 v\u0259 idar\u0259 edilm\u0259si sistemind\u0259 islahatlara d\u0259st\u0259k\u201d adl\u0131 \u201cTvininq\u201d layih\u0259si \u00e7\u0259r\u00e7iv\u0259sind\u0259 Litva Respublikas\u0131n\u0131n X\u00fcsusi \u0130stintaq Xidm\u0259tinin r\u0259hb\u0259ri-t\u0259r\u0259fda\u015f \u00f6lk\u0259nin layih\u0259 r\u0259hb\u0259ri Jidrunas Bartkus v\u0259 onun r\u0259hb\u0259rlik etdiyi n\u00fcmay\u0259nd\u0259 hey\u0259ti Az\u0259rbaycana s\u0259f\u0259r etmi\u015fdir..<br \/>\nN\u00fcmay\u0259nd\u0259 hey\u0259tinin Ba\u015f prokurorun m\u00fcavini Elmar Camalovla g\u00f6r\u00fc\u015f\u00fc ke\u00e7irilmi\u015f, g\u00f6r\u00fc\u015fd\u0259 Ba\u015f prokurorun m\u00fcavini qeyd etmi\u015fdir ki, \u201cAvropa Qon\u015fuluq Siyas\u0259ti\u201d plan\u0131 \u00e7\u0259r\u00e7iv\u0259sind\u0259 h\u0259min quruma \u00fczv \u00f6lk\u0259l\u0259rin Avropa d\u00f6vl\u0259tl\u0259rinin m\u00fcvafiq t\u0259sisatlar\u0131n\u0131n i\u015f t\u0259cr\u00fcb\u0259sinin \u00f6yr\u0259nilm\u0259sin\u0259 y\u00f6n\u0259ldilmi\u015f \u201cTvininq\u201d layih\u0259sinin h\u0259yata ke\u00e7irilm\u0259si Az\u0259rbaycanda cinay\u0259t yolu il\u0259 \u0259ld\u0259 edilmi\u015f aktivl\u0259rin b\u0259rpas\u0131 \u00fczr\u0259 f\u0259aliyy\u0259tin daha da t\u0259kmill\u0259\u015fdirilm\u0259sin\u0259 g\u0259tirib \u00e7\u0131xaracaqd\u0131r.<br \/>\nN\u00fcmay\u0259nd\u0259 hey\u0259ti daha sonra Ba\u015f Prokurorlu\u011fun yeni inzibati binas\u0131 il\u0259 tan\u0131\u015f olmu\u015f, 44 g\u00fcnl\u00fck V\u0259t\u0259n m\u00fcharib\u0259sin\u0259 h\u0259sr olunmu\u015f tarixi-memorial qalereyas\u0131ndak\u0131 eksponatlar, \u0259n m\u00fcasir cihaz v\u0259 avadanl\u0131qlarla t\u0259chiz edilmi\u015f kriminalistika ota\u011f\u0131, beyn\u0259lxalq t\u0259dbirl\u0259rin, m\u0259tbuat konfranslar\u0131n\u0131n ke\u00e7irilm\u0259si \u00fc\u00e7\u00fcn n\u0259z\u0259rd\u0259 tutulmu\u015f konfrans zallar\u0131, m\u00fcasir h\u00fcquq \u0259d\u0259biyyat\u0131, normativ-h\u00fcquqi aktlarla z\u0259nginl\u0259\u015fdiril\u0259n, dig\u0259r d\u00f6vl\u0259t qurumlar\u0131n\u0131n elektron kitabxanalar\u0131na \u00e7\u0131x\u0131\u015fla t\u0259min edil\u0259n kitabxana qonaqlar\u0131n mara\u011f\u0131na s\u0259b\u0259b olmu\u015fdur.<br \/>\nAz\u0259rbaycan Respublikas\u0131 Ba\u015f Prokurorlu\u011funun X\u00fcsusi m\u00fcsadir\u0259 m\u0259s\u0259l\u0259l\u0259rinin \u0259laq\u0259l\u0259ndirilm\u0259si idar\u0259sinin f\u0259aliyy\u0259ti il\u0259 tan\u0131\u015f olan n\u00fcmay\u0259nd\u0259 hey\u0259ti \u0259m\u0259kda\u015flar\u0131n s\u0259m\u0259r\u0259li f\u0259aliyy\u0259ti \u00fc\u00e7\u00fcn b\u00fct\u00fcn imkanlar\u0131n yarad\u0131ld\u0131\u011f\u0131n\u0131, yarad\u0131lan \u015f\u0259raitin i\u015fin daha da keyfiyy\u0259tli h\u0259yata ke\u00e7irilm\u0259si bax\u0131m\u0131ndan m\u00fch\u00fcm \u0259h\u0259miyy\u0259t k\u0259sb etdiyini vur\u011fulam\u0131\u015fd\u0131r.<br \/>\nBundan sonra, \u201cTvininq\u201d layih\u0259si \u00e7\u0259r\u00e7iv\u0259sind\u0259 Litva v\u0259 Az\u0259rbaycandan olan \u00a0komponent liderl\u0259rinin i\u015ftirak\u0131 il\u0259 layih\u0259 \u00fczr\u0259 6 ayl\u0131q i\u015f plan\u0131n\u0131n haz\u0131rlanmas\u0131, i\u015f plan\u0131nda n\u0259z\u0259rd\u0259 tutulan komponentl\u0259rin m\u00fczakir\u0259si h\u0259yata ke\u00e7irilmi\u015fdir.<\/p>\n<\/div>\n<\/div>\n<div class=\"row photos\">\n<div class=\"img-news-in\" data-fancybox=\"gallery\"><img src=\"https:\/\/genprosecutor.gov.az\/storage\/articles\/9bA32cFotLo1dx4EYtwXXuYPqFUoeeKlsUwHpXGP.jpeg\" \/><\/div>\n<div class=\"img-news-in\" data-fancybox=\"gallery\"><img src=\"https:\/\/genprosecutor.gov.az\/storage\/articles\/CJySv4EvhiOBLWll6ezWJh5L5ANIgljqp0wFhH4T.jpeg\" \/><\/div>\n<div class=\"img-news-in\" data-fancybox=\"gallery\"><img src=\"https:\/\/genprosecutor.gov.az\/storage\/articles\/IRR96RxJg3SOm7zBWA9xhDhGJ8ZFyQpKiTm7QZMk.jpeg\" \/><\/div>\n<div class=\"img-news-in\" data-fancybox=\"gallery\"><img src=\"https:\/\/genprosecutor.gov.az\/storage\/articles\/egBj7cCqiBQQezLZqVx93H0bejnqnihsuRIrZoEP.jpeg\" \/><\/div>\n<div class=\"img-news-in\" data-fancybox=\"gallery\"><img src=\"https:\/\/genprosecutor.gov.az\/storage\/articles\/SIxf4rNcW1ZSkWb0vTfIDcDs8Ykp85HN0CS2ufMV.jpeg\" \/><\/div>\n<div class=\"img-news-in\" data-fancybox=\"gallery\"><img src=\"https:\/\/genprosecutor.gov.az\/storage\/articles\/Au6t0Jm9pAqQMhd6y17MiOpblHyGsKm89YSke2js.jpeg\" \/><\/div>\n<\/div>\n","protected":false},"excerpt":{"rendered":"<p>X\u0259b\u0259r verdiyimiz kimi, Avropa \u0130ttifaq\u0131n\u0131n \u201cAvropa Qon\u015fuluq Siyas\u0259ti\u201d plan\u0131 \u00e7\u0259r\u00e7iv\u0259sind\u0259 h\u0259min quruma \u00fczv \u00f6lk\u0259l\u0259rin Avropa d\u00f6vl\u0259tl\u0259rinin m\u00fcvafiq t\u0259sisatlar\u0131n\u0131n i\u015f t\u0259cr\u00fcb\u0259sinin \u00f6yr\u0259nilm\u0259sin\u0259 y\u00f6n\u0259ldilmi\u015f \u201cAz\u0259rbaycanda \u0259mlaklar\u0131n b\u0259rpas\u0131 v\u0259 idar\u0259 edilm\u0259si sistemind\u0259 islahatlara d\u0259st\u0259k\u201d adl\u0131 \u201cTvininq\u201d layih\u0259si \u00e7\u0259r\u00e7iv\u0259sind\u0259 Litva Respublikas\u0131n\u0131n X\u00fcsusi \u0130stintaq Xidm\u0259tinin r\u0259hb\u0259ri-t\u0259r\u0259fda\u015f \u00f6lk\u0259nin layih\u0259 r\u0259hb\u0259ri Jidrunas Bartkus v\u0259 onun r\u0259hb\u0259rlik etdiyi n\u00fcmay\u0259nd\u0259 hey\u0259ti Az\u0259rbaycana s\u0259f\u0259r etmi\u015fdir.. N\u00fcmay\u0259nd\u0259 hey\u0259tinin Ba\u015f prokurorun m\u00fcavini Elmar Camalovla g\u00f6r\u00fc\u015f\u00fc ke\u00e7irilmi\u015f, g\u00f6r\u00fc\u015fd\u0259 Ba\u015f prokurorun m\u00fcavini qeyd etmi\u015fdir ki, \u201cAvropa Qon\u015fuluq Siyas\u0259ti\u201d plan\u0131 \u00e7\u0259r\u00e7iv\u0259sind\u0259 h\u0259min quruma \u00fczv \u00f6lk\u0259l\u0259rin Avropa d\u00f6vl\u0259tl\u0259rinin m\u00fcvafiq t\u0259sisatlar\u0131n\u0131n i\u015f t\u0259cr\u00fcb\u0259sinin \u00f6yr\u0259nilm\u0259sin\u0259 y\u00f6n\u0259ldilmi\u015f \u201cTvininq\u201d layih\u0259sinin&hellip;<\/p>\n","protected":false},"author":2,"featured_media":438144,"comment_status":"closed","ping_status":"closed","sticky":false,"template":"","format":"standard","meta":{"om_disable_all_campaigns":false,"_monsterinsights_skip_tracking":false,"_monsterinsights_sitenote_active":false,"_monsterinsights_sitenote_note":"","_monsterinsights_sitenote_category":0},"categories":[1],"tags":[],"aioseo_notices":[],"gutentor_comment":0,"rttpg_featured_image_url":{"full":["https:\/\/arantv.az\/wp-content\/uploads\/2022\/02\/bBVGhSmbgaBdi7uYvHqc6u0UA5FvBBfllSwmaCYU.jpg",1280,960,false],"landscape":["https:\/\/arantv.az\/wp-content\/uploads\/2022\/02\/bBVGhSmbgaBdi7uYvHqc6u0UA5FvBBfllSwmaCYU.jpg",1280,960,false],"portraits":["https:\/\/arantv.az\/wp-content\/uploads\/2022\/02\/bBVGhSmbgaBdi7uYvHqc6u0UA5FvBBfllSwmaCYU.jpg",1280,960,false],"thumbnail":["https:\/\/arantv.az\/wp-content\/uploads\/2022\/02\/bBVGhSmbgaBdi7uYvHqc6u0UA5FvBBfllSwmaCYU-500x280.jpg",500,280,true],"medium":["https:\/\/arantv.az\/wp-content\/uploads\/2022\/02\/bBVGhSmbgaBdi7uYvHqc6u0UA5FvBBfllSwmaCYU-487x365.jpg",487,365,true],"large":["https:\/\/arantv.az\/wp-content\/uploads\/2022\/02\/bBVGhSmbgaBdi7uYvHqc6u0UA5FvBBfllSwmaCYU-840x630.jpg",640,480,true],"1536x1536":["https:\/\/arantv.az\/wp-content\/uploads\/2022\/02\/bBVGhSmbgaBdi7uYvHqc6u0UA5FvBBfllSwmaCYU.jpg",1280,960,false],"2048x2048":["https:\/\/arantv.az\/wp-content\/uploads\/2022\/02\/bBVGhSmbgaBdi7uYvHqc6u0UA5FvBBfllSwmaCYU.jpg",1280,960,false],"post-thumbnail":["https:\/\/arantv.az\/wp-content\/uploads\/2022\/02\/bBVGhSmbgaBdi7uYvHqc6u0UA5FvBBfllSwmaCYU-240x172.jpg",240,172,true],"advps-thumb-one":["https:\/\/arantv.az\/wp-content\/uploads\/2022\/02\/bBVGhSmbgaBdi7uYvHqc6u0UA5FvBBfllSwmaCYU-1200x620.jpg",1200,620,true]},"rttpg_author":{"display_name":"V\u00fcsal Rafiqo\u011flu","author_link":"https:\/\/arantv.az\/?author=2"},"rttpg_comment":0,"rttpg_category":"<a href=\"https:\/\/arantv.az\/?cat=1\" rel=\"category\">C\u0259miyy\u0259t<\/a>","rttpg_excerpt":"X\u0259b\u0259r verdiyimiz kimi, Avropa \u0130ttifaq\u0131n\u0131n \u201cAvropa Qon\u015fuluq Siyas\u0259ti\u201d plan\u0131 \u00e7\u0259r\u00e7iv\u0259sind\u0259 h\u0259min quruma \u00fczv \u00f6lk\u0259l\u0259rin Avropa d\u00f6vl\u0259tl\u0259rinin m\u00fcvafiq t\u0259sisatlar\u0131n\u0131n i\u015f t\u0259cr\u00fcb\u0259sinin \u00f6yr\u0259nilm\u0259sin\u0259 y\u00f6n\u0259ldilmi\u015f \u201cAz\u0259rbaycanda \u0259mlaklar\u0131n b\u0259rpas\u0131 v\u0259 idar\u0259 edilm\u0259si sistemind\u0259 islahatlara d\u0259st\u0259k\u201d adl\u0131 \u201cTvininq\u201d layih\u0259si \u00e7\u0259r\u00e7iv\u0259sind\u0259 Litva Respublikas\u0131n\u0131n X\u00fcsusi \u0130stintaq Xidm\u0259tinin r\u0259hb\u0259ri-t\u0259r\u0259fda\u015f \u00f6lk\u0259nin layih\u0259 r\u0259hb\u0259ri Jidrunas Bartkus v\u0259 onun r\u0259hb\u0259rlik etdiyi n\u00fcmay\u0259nd\u0259 hey\u0259ti Az\u0259rbaycana s\u0259f\u0259r etmi\u015fdir..&hellip;","_links":{"self":[{"href":"https:\/\/arantv.az\/index.php?rest_route=\/wp\/v2\/posts\/438143"}],"collection":[{"href":"https:\/\/arantv.az\/index.php?rest_route=\/wp\/v2\/posts"}],"about":[{"href":"https:\/\/arantv.az\/index.php?rest_route=\/wp\/v2\/types\/post"}],"author":[{"embeddable":true,"href":"https:\/\/arantv.az\/index.php?rest_route=\/wp\/v2\/users\/2"}],"replies":[{"embeddable":true,"href":"https:\/\/arantv.az\/index.php?rest_route=%2Fwp%2Fv2%2Fcomments&post=438143"}],"version-history":[{"count":0,"href":"https:\/\/arantv.az\/index.php?rest_route=\/wp\/v2\/posts\/438143\/revisions"}],"wp:featuredmedia":[{"embeddable":true,"href":"https:\/\/arantv.az\/index.php?rest_route=\/wp\/v2\/media\/438144"}],"wp:attachment":[{"href":"https:\/\/arantv.az\/index.php?rest_route=%2Fwp%2Fv2%2Fmedia&parent=438143"}],"wp:term":[{"taxonomy":"category","embeddable":true,"href":"https:\/\/arantv.az\/index.php?rest_route=%2Fwp%2Fv2%2Fcategories&post=438143"},{"taxonomy":"post_tag","embeddable":true,"href":"https:\/\/arantv.az\/index.php?rest_route=%2Fwp%2Fv2%2Ftags&post=438143"}],"curies":[{"name":"wp","href":"https:\/\/api.w.org\/{rel}","templated":true}]}}