{"id":43817,"date":"2019-03-08T13:10:43","date_gmt":"2019-03-08T10:10:43","guid":{"rendered":"http:\/\/arantv.az\/?p=43817"},"modified":"2019-03-08T13:10:43","modified_gmt":"2019-03-08T10:10:43","slug":"sumqayitda-tofas-divara-cirpildi-ol%c9%99n-v%c9%99-yaralananlar-var","status":"publish","type":"post","link":"https:\/\/arantv.az\/?p=43817","title":{"rendered":"Sumqay\u0131tda \u201cTofa\u015f\u201d divara \u00e7\u0131rp\u0131ld\u0131: \u00f6l\u0259n v\u0259 yaralananlar var"},"content":{"rendered":"<p><strong>Sumqay\u0131tda \u00f6l\u00fcml\u0259 n\u0259tic\u0259l\u0259n\u0259n a\u011f\u0131r yol-n\u0259qliyyat hadis\u0259si ba\u015f verib.<\/strong><\/p>\n<p><strong>ARANTV.AZ<\/strong> Milli.Az -a istinad\u0259n x\u0259b\u0259r verir ki, hadis\u0259 \u015f\u0259h\u0259rin Sahil k\u00fc\u00e7\u0259sind\u0259 qeyd\u0259 al\u0131n\u0131b.<\/p>\n<p>&#8220;Tofa\u015f&#8221; markal\u0131 minik avtomobili yoldan \u00e7\u0131xaraq divara \u00e7\u0131rp\u0131l\u0131b.<\/p>\n<p>N\u0259tic\u0259d\u0259 1999-cu il t\u0259v\u0259ll\u00fcdl\u00fc Ba\u011f\u0131rov Elxan Nur\u0259li o\u011flu yerind\u0259c\u0259 d\u00fcnyas\u0131n\u0131 d\u0259yi\u015fib. Avtomobild\u0259 olan dig\u0259r 3 n\u0259f\u0259r a\u011f\u0131r v\u0259ziyy\u0259td\u0259 x\u0259st\u0259xanaya yerl\u0259\u015fdirilib.<\/p>\n<p>Faktla ba\u011fl\u0131 ara\u015fd\u0131rma apar\u0131l\u0131r.<\/p>\n","protected":false},"excerpt":{"rendered":"<p>Sumqay\u0131tda \u00f6l\u00fcml\u0259 n\u0259tic\u0259l\u0259n\u0259n a\u011f\u0131r yol-n\u0259qliyyat hadis\u0259si ba\u015f verib. ARANTV.AZ Milli.Az -a istinad\u0259n x\u0259b\u0259r verir ki, hadis\u0259 \u015f\u0259h\u0259rin Sahil k\u00fc\u00e7\u0259sind\u0259 qeyd\u0259 al\u0131n\u0131b. &#8220;Tofa\u015f&#8221; markal\u0131 minik avtomobili yoldan \u00e7\u0131xaraq divara \u00e7\u0131rp\u0131l\u0131b. N\u0259tic\u0259d\u0259 1999-cu il t\u0259v\u0259ll\u00fcdl\u00fc Ba\u011f\u0131rov Elxan Nur\u0259li o\u011flu yerind\u0259c\u0259 d\u00fcnyas\u0131n\u0131 d\u0259yi\u015fib. Avtomobild\u0259 olan dig\u0259r 3 n\u0259f\u0259r a\u011f\u0131r v\u0259ziyy\u0259td\u0259 x\u0259st\u0259xanaya yerl\u0259\u015fdirilib. Faktla ba\u011fl\u0131 ara\u015fd\u0131rma apar\u0131l\u0131r.<\/p>\n","protected":false},"author":2,"featured_media":43818,"comment_status":"closed","ping_status":"closed","sticky":false,"template":"","format":"standard","meta":{"om_disable_all_campaigns":false,"_monsterinsights_skip_tracking":false,"_monsterinsights_sitenote_active":false,"_monsterinsights_sitenote_note":"","_monsterinsights_sitenote_category":0},"categories":[5],"tags":[],"aioseo_notices":[],"gutentor_comment":0,"rttpg_featured_image_url":{"full":["https:\/\/arantv.az\/wp-content\/uploads\/2019\/03\/qeza.jpg",600,450,false],"landscape":["https:\/\/arantv.az\/wp-content\/uploads\/2019\/03\/qeza.jpg",600,450,false],"portraits":["https:\/\/arantv.az\/wp-content\/uploads\/2019\/03\/qeza.jpg",600,450,false],"thumbnail":["https:\/\/arantv.az\/wp-content\/uploads\/2019\/03\/qeza-150x150.jpg",150,150,true],"medium":["https:\/\/arantv.az\/wp-content\/uploads\/2019\/03\/qeza-300x225.jpg",300,225,true],"large":["https:\/\/arantv.az\/wp-content\/uploads\/2019\/03\/qeza.jpg",600,450,false],"1536x1536":["https:\/\/arantv.az\/wp-content\/uploads\/2019\/03\/qeza.jpg",600,450,false],"2048x2048":["https:\/\/arantv.az\/wp-content\/uploads\/2019\/03\/qeza.jpg",600,450,false],"post-thumbnail":["https:\/\/arantv.az\/wp-content\/uploads\/2019\/03\/qeza-240x172.jpg",240,172,true],"advps-thumb-one":["https:\/\/arantv.az\/wp-content\/uploads\/2019\/03\/qeza.jpg",600,450,false]},"rttpg_author":{"display_name":"V\u00fcsal Rafiqo\u011flu","author_link":"https:\/\/arantv.az\/?author=2"},"rttpg_comment":0,"rttpg_category":"<a href=\"https:\/\/arantv.az\/?cat=5\" rel=\"category\">Hadis\u0259<\/a>","rttpg_excerpt":"Sumqay\u0131tda \u00f6l\u00fcml\u0259 n\u0259tic\u0259l\u0259n\u0259n a\u011f\u0131r yol-n\u0259qliyyat hadis\u0259si ba\u015f verib. ARANTV.AZ Milli.Az -a istinad\u0259n x\u0259b\u0259r verir ki, hadis\u0259 \u015f\u0259h\u0259rin Sahil k\u00fc\u00e7\u0259sind\u0259 qeyd\u0259 al\u0131n\u0131b. &#8220;Tofa\u015f&#8221; markal\u0131 minik avtomobili yoldan \u00e7\u0131xaraq divara \u00e7\u0131rp\u0131l\u0131b. N\u0259tic\u0259d\u0259 1999-cu il t\u0259v\u0259ll\u00fcdl\u00fc Ba\u011f\u0131rov Elxan Nur\u0259li o\u011flu yerind\u0259c\u0259 d\u00fcnyas\u0131n\u0131 d\u0259yi\u015fib. Avtomobild\u0259 olan dig\u0259r 3 n\u0259f\u0259r a\u011f\u0131r v\u0259ziyy\u0259td\u0259 x\u0259st\u0259xanaya yerl\u0259\u015fdirilib. Faktla ba\u011fl\u0131 ara\u015fd\u0131rma apar\u0131l\u0131r.","_links":{"self":[{"href":"https:\/\/arantv.az\/index.php?rest_route=\/wp\/v2\/posts\/43817"}],"collection":[{"href":"https:\/\/arantv.az\/index.php?rest_route=\/wp\/v2\/posts"}],"about":[{"href":"https:\/\/arantv.az\/index.php?rest_route=\/wp\/v2\/types\/post"}],"author":[{"embeddable":true,"href":"https:\/\/arantv.az\/index.php?rest_route=\/wp\/v2\/users\/2"}],"replies":[{"embeddable":true,"href":"https:\/\/arantv.az\/index.php?rest_route=%2Fwp%2Fv2%2Fcomments&post=43817"}],"version-history":[{"count":0,"href":"https:\/\/arantv.az\/index.php?rest_route=\/wp\/v2\/posts\/43817\/revisions"}],"wp:featuredmedia":[{"embeddable":true,"href":"https:\/\/arantv.az\/index.php?rest_route=\/wp\/v2\/media\/43818"}],"wp:attachment":[{"href":"https:\/\/arantv.az\/index.php?rest_route=%2Fwp%2Fv2%2Fmedia&parent=43817"}],"wp:term":[{"taxonomy":"category","embeddable":true,"href":"https:\/\/arantv.az\/index.php?rest_route=%2Fwp%2Fv2%2Fcategories&post=43817"},{"taxonomy":"post_tag","embeddable":true,"href":"https:\/\/arantv.az\/index.php?rest_route=%2Fwp%2Fv2%2Ftags&post=43817"}],"curies":[{"name":"wp","href":"https:\/\/api.w.org\/{rel}","templated":true}]}}