{"id":438181,"date":"2022-02-12T15:39:15","date_gmt":"2022-02-12T12:39:15","guid":{"rendered":"http:\/\/arantv.az\/?p=438181"},"modified":"2022-02-12T15:39:15","modified_gmt":"2022-02-12T12:39:15","slug":"sahin-mustafayev-iranin-yol-v%c9%99-s%c9%99h%c9%99rsalma-naziri-il%c9%99-videoformatda-gorusub-foto","status":"publish","type":"post","link":"https:\/\/arantv.az\/?p=438181","title":{"rendered":"\u015eahin Mustafayev \u0130ran\u0131n yol v\u0259 \u015f\u0259h\u0259rsalma naziri il\u0259 videoformatda g\u00f6r\u00fc\u015f\u00fcb &#8211; FOTO"},"content":{"rendered":"<p>Az\u0259rbaycan Respublikas\u0131 Ba\u015f nazirinin m\u00fcavini, Az\u0259rbaycan-\u0130ran D\u00f6vl\u0259t Komissiyas\u0131n\u0131n h\u0259ms\u0259dri \u015eahin Mustafayev fevral\u0131n 12-d\u0259 \u0130ran \u0130slam Respublikas\u0131n\u0131n yol v\u0259 \u015f\u0259h\u0259rsalma naziri, D\u00f6vl\u0259t Komissiyas\u0131n\u0131n \u0130ran t\u0259r\u0259fd\u0259n h\u0259ms\u0259dri R\u00fcst\u0259m Qasimi il\u0259 videoformatda g\u00f6r\u00fc\u015f\u00fcb. G\u00f6r\u00fc\u015fd\u0259, h\u0259m\u00e7inin h\u0259r iki \u00f6lk\u0259nin m\u00fcvafiq d\u00f6vl\u0259t strukturlar\u0131n\u0131n n\u00fcmay\u0259nd\u0259l\u0259ri i\u015ftirak edibl\u0259r.<\/p>\n<p>G\u00f6r\u00fc\u015f zaman\u0131 Az\u0259rbaycan il\u0259 \u0130ran aras\u0131nda m\u00fcxt\u0259lif sah\u0259l\u0259rd\u0259, x\u00fcsusil\u0259 iqtisadiyyat, ticar\u0259t, n\u0259qliyyat-tranzit, energetika, s\u0259naye, k\u0259nd t\u0259s\u0259rr\u00fcfat\u0131 v\u0259 dig\u0259r istiqam\u0259tl\u0259rd\u0259 \u0259laq\u0259l\u0259rin inki\u015faf\u0131ndan m\u0259mnunluq ifad\u0259 edilib.<\/p>\n<div class=\"AdviadNativeVideo\"><\/div>\n<p>\u00d6t\u0259n ilin noyabr\u0131n 28-d\u0259 A\u015fqabadda \u0130qtisadi \u018fm\u0259kda\u015fl\u0131q T\u0259\u015fkilat\u0131n\u0131n Zirv\u0259 toplant\u0131s\u0131 \u00e7\u0259r\u00e7iv\u0259sind\u0259 Az\u0259rbaycan Prezidenti \u0130lham \u018fliyev il\u0259 \u0130ran Prezidenti Seyid \u0130brahim R\u0259isi aras\u0131nda ke\u00e7irilmi\u015f g\u00f6r\u00fc\u015f\u00fcn tarixi \u0259h\u0259miyy\u0259ti vur\u011fulanaraq, d\u00f6vl\u0259t ba\u015f\u00e7\u0131lar\u0131n\u0131n bu g\u00f6r\u00fc\u015f\u00fc il\u0259 Az\u0259rbaycan-\u0130ran m\u00fcnasib\u0259tl\u0259rinin yeni m\u0259rh\u0259l\u0259y\u0259 q\u0259d\u0259m qoydu\u011fu bildirilib.<\/p>\n<p>2022-ci ilin Az\u0259rbaycanla \u0130ran aras\u0131nda diplomatik \u0259laq\u0259l\u0259rin qurulmas\u0131n\u0131n 30 ilinin\u00a0tamam olmas\u0131 il\u0259 \u0259lam\u0259tdar oldu\u011fu m\u0259mnunluqla qeyd edilib.<\/p>\n<p>Koronavirus pandemiyas\u0131n\u0131n neqativ t\u0259sirl\u0259rin\u0259 baxmayaraq Az\u0259rbaycan-\u0130ran ticar\u0259t d\u00f6vriyy\u0259sinin 30 % artd\u0131\u011f\u0131 vur\u011fulan\u0131b.<\/p>\n<p>N\u0259qliyyat-tranzit sah\u0259sind\u0259 u\u011furlu \u0259m\u0259kda\u015fl\u0131q x\u00fcsusi vur\u011fulanaraq iki \u00f6lk\u0259 aras\u0131nda avtomobil da\u015f\u0131malar\u0131n\u0131n h\u0259cminin 2021-ci ild\u0259 \u0259h\u0259miyy\u0259tli d\u0259r\u0259c\u0259d\u0259 &#8211; 70 % artmas\u0131 m\u0259mnunluqla qeyd olunub.<\/p>\n<p>\u201c\u015eimal-C\u0259nub\u201d Beyn\u0259lxalq N\u0259qliyyat D\u0259hlizi iki \u00f6lk\u0259 aras\u0131nda ticar\u0259t v\u0259 n\u0259qliyyat-tranzit sah\u0259l\u0259rind\u0259 \u0259laq\u0259l\u0259rin inki\u015faf\u0131 bax\u0131m\u0131ndan prioritet olaraq d\u0259y\u0259rl\u0259ndirilib.<\/p>\n<p>G\u00f6r\u00fc\u015fd\u0259 D\u00f6vl\u0259t Komissiyas\u0131n\u0131n n\u00f6vb\u0259ti iclas\u0131n\u0131n ke\u00e7irilm\u0259si m\u0259s\u0259l\u0259si, h\u0259m\u00e7inin Az\u0259rbaycanla \u0130ran aras\u0131nda qar\u015f\u0131l\u0131ql\u0131 faydal\u0131 \u0259m\u0259kda\u015fl\u0131\u011f\u0131n m\u00fcxt\u0259lif sah\u0259l\u0259rd\u0259 daha da geni\u015fl\u0259ndirilm\u0259si yollar\u0131 m\u00fczakir\u0259 edilib.<\/p>\n<p>&nbsp;<\/p>\n<div class=\"gallery\">\n<div class=\"gallery-i\"><img src=\"https:\/\/cdn.oxu.az\/uploads\/W1siZiIsIjIwMjIvMDIvMTIvMTYvMDIvMjEvMTUwZTM4MGYtNDgxMC00MTFlLTgyMWEtNmM5NzE0NjZhMGUwL0ZvdG9KZXQgKDIxKS5qcGciXSxbInAiLCJlbmNvZGUiLCJqcGciLCItcXVhbGl0eSA4MCJdLFsicCIsInRodW1iIiwiNTkweDU5MFx1MDAzZSJdXQ?sha=f07619bad94cb3fa\" alt=\"\" \/><\/div>\n<\/div>\n","protected":false},"excerpt":{"rendered":"<p>Az\u0259rbaycan Respublikas\u0131 Ba\u015f nazirinin m\u00fcavini, Az\u0259rbaycan-\u0130ran D\u00f6vl\u0259t Komissiyas\u0131n\u0131n h\u0259ms\u0259dri \u015eahin Mustafayev fevral\u0131n 12-d\u0259 \u0130ran \u0130slam Respublikas\u0131n\u0131n yol v\u0259 \u015f\u0259h\u0259rsalma naziri, D\u00f6vl\u0259t Komissiyas\u0131n\u0131n \u0130ran t\u0259r\u0259fd\u0259n h\u0259ms\u0259dri R\u00fcst\u0259m Qasimi il\u0259 videoformatda g\u00f6r\u00fc\u015f\u00fcb. G\u00f6r\u00fc\u015fd\u0259, h\u0259m\u00e7inin h\u0259r iki \u00f6lk\u0259nin m\u00fcvafiq d\u00f6vl\u0259t strukturlar\u0131n\u0131n n\u00fcmay\u0259nd\u0259l\u0259ri i\u015ftirak edibl\u0259r. G\u00f6r\u00fc\u015f zaman\u0131 Az\u0259rbaycan il\u0259 \u0130ran aras\u0131nda m\u00fcxt\u0259lif sah\u0259l\u0259rd\u0259, x\u00fcsusil\u0259 iqtisadiyyat, ticar\u0259t, n\u0259qliyyat-tranzit, energetika, s\u0259naye, k\u0259nd t\u0259s\u0259rr\u00fcfat\u0131 v\u0259 dig\u0259r istiqam\u0259tl\u0259rd\u0259 \u0259laq\u0259l\u0259rin inki\u015faf\u0131ndan m\u0259mnunluq ifad\u0259 edilib. \u00d6t\u0259n ilin noyabr\u0131n 28-d\u0259 A\u015fqabadda \u0130qtisadi \u018fm\u0259kda\u015fl\u0131q T\u0259\u015fkilat\u0131n\u0131n Zirv\u0259 toplant\u0131s\u0131 \u00e7\u0259r\u00e7iv\u0259sind\u0259 Az\u0259rbaycan Prezidenti \u0130lham \u018fliyev il\u0259 \u0130ran Prezidenti Seyid \u0130brahim R\u0259isi aras\u0131nda ke\u00e7irilmi\u015f g\u00f6r\u00fc\u015f\u00fcn tarixi&hellip;<\/p>\n","protected":false},"author":2,"featured_media":438182,"comment_status":"closed","ping_status":"closed","sticky":false,"template":"","format":"standard","meta":{"om_disable_all_campaigns":false,"_monsterinsights_skip_tracking":false,"_monsterinsights_sitenote_active":false,"_monsterinsights_sitenote_note":"","_monsterinsights_sitenote_category":0},"categories":[4],"tags":[],"aioseo_notices":[],"gutentor_comment":0,"rttpg_featured_image_url":{"full":["https:\/\/arantv.az\/wp-content\/uploads\/2022\/02\/FotoJet-20-1.jpg",620,420,false],"landscape":["https:\/\/arantv.az\/wp-content\/uploads\/2022\/02\/FotoJet-20-1.jpg",620,420,false],"portraits":["https:\/\/arantv.az\/wp-content\/uploads\/2022\/02\/FotoJet-20-1.jpg",620,420,false],"thumbnail":["https:\/\/arantv.az\/wp-content\/uploads\/2022\/02\/FotoJet-20-1-500x280.jpg",500,280,true],"medium":["https:\/\/arantv.az\/wp-content\/uploads\/2022\/02\/FotoJet-20-1-539x365.jpg",539,365,true],"large":["https:\/\/arantv.az\/wp-content\/uploads\/2022\/02\/FotoJet-20-1.jpg",620,420,false],"1536x1536":["https:\/\/arantv.az\/wp-content\/uploads\/2022\/02\/FotoJet-20-1.jpg",620,420,false],"2048x2048":["https:\/\/arantv.az\/wp-content\/uploads\/2022\/02\/FotoJet-20-1.jpg",620,420,false],"post-thumbnail":["https:\/\/arantv.az\/wp-content\/uploads\/2022\/02\/FotoJet-20-1-240x172.jpg",240,172,true],"advps-thumb-one":["https:\/\/arantv.az\/wp-content\/uploads\/2022\/02\/FotoJet-20-1.jpg",620,420,false]},"rttpg_author":{"display_name":"V\u00fcsal Rafiqo\u011flu","author_link":"https:\/\/arantv.az\/?author=2"},"rttpg_comment":0,"rttpg_category":"<a href=\"https:\/\/arantv.az\/?cat=4\" rel=\"category\">Siyas\u0259t<\/a>","rttpg_excerpt":"Az\u0259rbaycan Respublikas\u0131 Ba\u015f nazirinin m\u00fcavini, Az\u0259rbaycan-\u0130ran D\u00f6vl\u0259t Komissiyas\u0131n\u0131n h\u0259ms\u0259dri \u015eahin Mustafayev fevral\u0131n 12-d\u0259 \u0130ran \u0130slam Respublikas\u0131n\u0131n yol v\u0259 \u015f\u0259h\u0259rsalma naziri, D\u00f6vl\u0259t Komissiyas\u0131n\u0131n \u0130ran t\u0259r\u0259fd\u0259n h\u0259ms\u0259dri R\u00fcst\u0259m Qasimi il\u0259 videoformatda g\u00f6r\u00fc\u015f\u00fcb. G\u00f6r\u00fc\u015fd\u0259, h\u0259m\u00e7inin h\u0259r iki \u00f6lk\u0259nin m\u00fcvafiq d\u00f6vl\u0259t strukturlar\u0131n\u0131n n\u00fcmay\u0259nd\u0259l\u0259ri i\u015ftirak edibl\u0259r. G\u00f6r\u00fc\u015f zaman\u0131 Az\u0259rbaycan il\u0259 \u0130ran aras\u0131nda m\u00fcxt\u0259lif sah\u0259l\u0259rd\u0259, x\u00fcsusil\u0259 iqtisadiyyat, ticar\u0259t, n\u0259qliyyat-tranzit, energetika, s\u0259naye,&hellip;","_links":{"self":[{"href":"https:\/\/arantv.az\/index.php?rest_route=\/wp\/v2\/posts\/438181"}],"collection":[{"href":"https:\/\/arantv.az\/index.php?rest_route=\/wp\/v2\/posts"}],"about":[{"href":"https:\/\/arantv.az\/index.php?rest_route=\/wp\/v2\/types\/post"}],"author":[{"embeddable":true,"href":"https:\/\/arantv.az\/index.php?rest_route=\/wp\/v2\/users\/2"}],"replies":[{"embeddable":true,"href":"https:\/\/arantv.az\/index.php?rest_route=%2Fwp%2Fv2%2Fcomments&post=438181"}],"version-history":[{"count":0,"href":"https:\/\/arantv.az\/index.php?rest_route=\/wp\/v2\/posts\/438181\/revisions"}],"wp:featuredmedia":[{"embeddable":true,"href":"https:\/\/arantv.az\/index.php?rest_route=\/wp\/v2\/media\/438182"}],"wp:attachment":[{"href":"https:\/\/arantv.az\/index.php?rest_route=%2Fwp%2Fv2%2Fmedia&parent=438181"}],"wp:term":[{"taxonomy":"category","embeddable":true,"href":"https:\/\/arantv.az\/index.php?rest_route=%2Fwp%2Fv2%2Fcategories&post=438181"},{"taxonomy":"post_tag","embeddable":true,"href":"https:\/\/arantv.az\/index.php?rest_route=%2Fwp%2Fv2%2Ftags&post=438181"}],"curies":[{"name":"wp","href":"https:\/\/api.w.org\/{rel}","templated":true}]}}