{"id":438187,"date":"2022-02-12T15:44:03","date_gmt":"2022-02-12T12:44:03","guid":{"rendered":"http:\/\/arantv.az\/?p=438187"},"modified":"2022-02-12T15:44:03","modified_gmt":"2022-02-12T12:44:03","slug":"az%c9%99rbaycan-xin-in-b%c9%99yanati-ispandilli-n%c9%99srl%c9%99rd%c9%99-d%c9%99rc-edilib","status":"publish","type":"post","link":"https:\/\/arantv.az\/?p=438187","title":{"rendered":"Az\u0259rbaycan X\u0130N-in b\u0259yanat\u0131 ispandilli n\u0259\u015frl\u0259rd\u0259 d\u0259rc edilib"},"content":{"rendered":"<div class=\"content lead font-weight-normal\">\n<p>Az\u0259rbaycan Respublikas\u0131n\u0131n Xarici \u0130\u015fl\u0259r Nazirliyi Az\u0259rbaycan Respublikas\u0131 il\u0259 \u0130spaniya Krall\u0131\u011f\u0131 aras\u0131nda diplomatik m\u00fcnasib\u0259tl\u0259r yarad\u0131lmas\u0131n\u0131n 30-illiyi m\u00fcnasib\u0259til\u0259 m\u0259tbuat \u00fc\u00e7\u00fcn b\u0259yanat yay\u0131b.<\/p>\n<p><strong>ARANTV.AZ<\/strong> x\u0259b\u0259r verir ki, \u0130spaniyan\u0131n EFE informasiya agentliyi, \u0130sve\u00e7r\u0259 \u0130ctimai teleradioyay\u0131m korporasiyas\u0131 (SRG SSR) beyn\u0259lxalq onlayn-platformas\u0131n\u0131n SWI swissinfo.ch ispandilli versiyas\u0131, Argentinan\u0131n www.infobae.com x\u0259b\u0259rl\u0259r sayt\u0131 da bu b\u0259yanat yay\u0131blar.<\/p>\n<p>N\u0259\u015frl\u0259rd\u0259 qeyd edilir ki, iki \u00f6lk\u0259 aras\u0131nda diplomatik m\u00fcnasib\u0259tl\u0259r yarad\u0131lmas\u0131n\u0131n 30-illiyi m\u00fcnasib\u0259til\u0259 Az\u0259rbaycan Respublikas\u0131n\u0131n Xarici \u0130\u015fl\u0259r Nazirliyinin b\u0259yanat\u0131nda \u0130spaniya il\u0259 m\u00f6hk\u0259m dostluq m\u00fcnasib\u0259tl\u0259rinin y\u00fcks\u0259l\u0259n x\u0259tt \u00fczr\u0259 inki\u015faf etm\u0259si vur\u011fulan\u0131r.<\/p>\n<p>\u0130spandilli n\u0259\u015frl\u0259rd\u0259 diqq\u0259t\u0259 \u00e7atd\u0131r\u0131l\u0131r ki, Az\u0259rbaycan diplomatiyas\u0131 iki \u00f6lk\u0259 aras\u0131nda \u0259m\u0259kda\u015fl\u0131\u011f\u0131n siyasi, iqtisadi, energetika, m\u0259d\u0259ni, humanitar, turizm v\u0259 idman sah\u0259l\u0259rini \u0259hat\u0259 etm\u0259sini vur\u011fulay\u0131r. Az\u0259rbaycan Xarici \u0130\u015fl\u0259r Nazirliyi t\u0259sdiq edib ki, Az\u0259rbaycan v\u0259 \u0130spaniya beyn\u0259lxalq h\u00fcququn normalar\u0131na v\u0259 prinsipl\u0259rin\u0259 uy\u011fun olaraq bir-birini qar\u015f\u0131l\u0131ql\u0131 d\u0259st\u0259kl\u0259yir, bir-birinin suverenliyin\u0259, \u0259razi b\u00fct\u00f6vl\u00fcy\u00fcn\u0259 v\u0259 beyn\u0259lxalq al\u0259md\u0259 tan\u0131nm\u0131\u015f s\u0259rh\u0259dl\u0259rinin toxunulmazl\u0131\u011f\u0131na h\u00f6rm\u0259t edir.<\/p>\n<p>Az\u0259rbaycan Xarici \u0130\u015fl\u0259r Nazirliyinin b\u0259yanat\u0131nda vur\u011fulan\u0131r: \u201cBiz Az\u0259rbaycan il\u0259 \u0130spaniya aras\u0131nda diplomatik m\u00fcnasib\u0259tl\u0259r yarad\u0131lmas\u0131n\u0131n 30-illiyi m\u00fcnasib\u0259til\u0259 \u0130spaniya h\u00f6kum\u0259t\u0259 v\u0259 xalq\u0131na s\u0259mimi t\u0259brikl\u0259rimizi \u00e7atd\u0131r\u0131r v\u0259 \u0259min oldu\u011fumuzu bildiririk ki, \u00f6lk\u0259l\u0259rimiz aras\u0131nda qar\u015f\u0131l\u0131ql\u0131 faydal\u0131 \u0259m\u0259kda\u015fl\u0131q olacaq bundan sonra da u\u011furla inki\u015faf ed\u0259c\u0259k\u201d.<\/p>\n<div class=\"clearfix\"><\/div>\n<\/div>\n<div class=\"fotorama--hidden\"><\/div>\n<div id=\"galleryList\" class=\"fotorama fotorama1644669781982\" data-nav=\"thumbs\" data-width=\"100%\" data-thumbwidth=\"90\" data-thumbheight=\"60\" data-allowfullscreen=\"true\" data-autoplay=\"3000\" data-ratio=\"1.5\" data-keyboard=\"true\" data-fit=\"contain\">\n<div class=\"fotorama__wrap fotorama__wrap--css3 fotorama__wrap--slide fotorama__wrap--toggle-arrows fotorama__wrap--no-controls\">\n<div class=\"fotorama__stage fotorama__pointer\">\n<div class=\"fotorama__fullscreen-icon\" tabindex=\"0\" role=\"button\"><\/div>\n<div class=\"fotorama__stage__shaft\">\n<div class=\"fotorama__stage__frame fotorama__loaded fotorama__loaded--img\"><img class=\"fotorama__img\" src=\"https:\/\/ikisahil.az\/photo\/0x0_2\/upload\/gallery\/2022\/02\/12\/-d0872601164466509829475054510986879.jpg\" \/><\/div>\n<div class=\"fotorama__stage__frame fotorama__loaded fotorama__loaded--img fotorama__active\"><img class=\"fotorama__img\" src=\"https:\/\/ikisahil.az\/photo\/0x0_2\/upload\/gallery\/2022\/02\/12\/-895daa40164466510222478965310138427.jpg\" \/><\/div>\n<\/div>\n<div class=\"fotorama__arr fotorama__arr--prev\" tabindex=\"0\" role=\"button\"><\/div>\n<div class=\"fotorama__arr fotorama__arr--next fotorama__arr--disabled\" tabindex=\"-1\" role=\"button\"><\/div>\n<div class=\"fotorama__video-close\"><\/div>\n<\/div>\n<div class=\"fotorama__nav-wrap\">\n<div class=\"fotorama__nav fotorama__nav--thumbs\">\n<div class=\"fotorama__nav__shaft\">\n<div class=\"fotorama__thumb-border\"><\/div>\n<div class=\"fotorama__nav__frame fotorama__nav__frame--thumb\" tabindex=\"0\" role=\"button\">\n<div class=\"fotorama__thumb fotorama__loaded fotorama__loaded--img\"><img class=\"fotorama__img\" src=\"https:\/\/ikisahil.az\/photo\/150x100_2\/upload\/gallery\/2022\/02\/12\/-d0872601164466509829475054510986879.jpg\" \/><\/div>\n<\/div>\n<div class=\"fotorama__nav__frame fotorama__nav__frame--thumb fotorama__active\" tabindex=\"0\" role=\"button\">\n<div class=\"fotorama__thumb fotorama__loaded fotorama__loaded--img\"><img class=\"fotorama__img\" src=\"https:\/\/ikisahil.az\/photo\/150x100_2\/upload\/gallery\/2022\/02\/12\/-895daa40164466510222478965310138427.jpg\" \/><\/div>\n<\/div>\n<\/div>\n<\/div>\n<\/div>\n<\/div>\n<\/div>\n<div class=\"sharing my-2 row no-gutters d-print-none\">\n<div class=\"col-md-3\"><\/div>\n<\/div>\n","protected":false},"excerpt":{"rendered":"<p>Az\u0259rbaycan Respublikas\u0131n\u0131n Xarici \u0130\u015fl\u0259r Nazirliyi Az\u0259rbaycan Respublikas\u0131 il\u0259 \u0130spaniya Krall\u0131\u011f\u0131 aras\u0131nda diplomatik m\u00fcnasib\u0259tl\u0259r yarad\u0131lmas\u0131n\u0131n 30-illiyi m\u00fcnasib\u0259til\u0259 m\u0259tbuat \u00fc\u00e7\u00fcn b\u0259yanat yay\u0131b. ARANTV.AZ x\u0259b\u0259r verir ki, \u0130spaniyan\u0131n EFE informasiya agentliyi, \u0130sve\u00e7r\u0259 \u0130ctimai teleradioyay\u0131m korporasiyas\u0131 (SRG SSR) beyn\u0259lxalq onlayn-platformas\u0131n\u0131n SWI swissinfo.ch ispandilli versiyas\u0131, Argentinan\u0131n www.infobae.com x\u0259b\u0259rl\u0259r sayt\u0131 da bu b\u0259yanat yay\u0131blar. N\u0259\u015frl\u0259rd\u0259 qeyd edilir ki, iki \u00f6lk\u0259 aras\u0131nda diplomatik m\u00fcnasib\u0259tl\u0259r yarad\u0131lmas\u0131n\u0131n 30-illiyi m\u00fcnasib\u0259til\u0259 Az\u0259rbaycan Respublikas\u0131n\u0131n Xarici \u0130\u015fl\u0259r Nazirliyinin b\u0259yanat\u0131nda \u0130spaniya il\u0259 m\u00f6hk\u0259m dostluq m\u00fcnasib\u0259tl\u0259rinin y\u00fcks\u0259l\u0259n x\u0259tt \u00fczr\u0259 inki\u015faf etm\u0259si vur\u011fulan\u0131r. \u0130spandilli n\u0259\u015frl\u0259rd\u0259 diqq\u0259t\u0259 \u00e7atd\u0131r\u0131l\u0131r ki, Az\u0259rbaycan diplomatiyas\u0131 iki \u00f6lk\u0259 aras\u0131nda \u0259m\u0259kda\u015fl\u0131\u011f\u0131n siyasi, iqtisadi,&hellip;<\/p>\n","protected":false},"author":2,"featured_media":438188,"comment_status":"closed","ping_status":"closed","sticky":false,"template":"","format":"standard","meta":{"om_disable_all_campaigns":false,"_monsterinsights_skip_tracking":false,"_monsterinsights_sitenote_active":false,"_monsterinsights_sitenote_note":"","_monsterinsights_sitenote_category":0},"categories":[4],"tags":[],"aioseo_notices":[],"gutentor_comment":0,"rttpg_featured_image_url":{"full":["https:\/\/arantv.az\/wp-content\/uploads\/2022\/02\/8725fb77164466508186955869310546271.jpg",975,540,false],"landscape":["https:\/\/arantv.az\/wp-content\/uploads\/2022\/02\/8725fb77164466508186955869310546271.jpg",975,540,false],"portraits":["https:\/\/arantv.az\/wp-content\/uploads\/2022\/02\/8725fb77164466508186955869310546271.jpg",975,540,false],"thumbnail":["https:\/\/arantv.az\/wp-content\/uploads\/2022\/02\/8725fb77164466508186955869310546271-500x280.jpg",500,280,true],"medium":["https:\/\/arantv.az\/wp-content\/uploads\/2022\/02\/8725fb77164466508186955869310546271-660x365.jpg",660,365,true],"large":["https:\/\/arantv.az\/wp-content\/uploads\/2022\/02\/8725fb77164466508186955869310546271-840x465.jpg",640,354,true],"1536x1536":["https:\/\/arantv.az\/wp-content\/uploads\/2022\/02\/8725fb77164466508186955869310546271.jpg",975,540,false],"2048x2048":["https:\/\/arantv.az\/wp-content\/uploads\/2022\/02\/8725fb77164466508186955869310546271.jpg",975,540,false],"post-thumbnail":["https:\/\/arantv.az\/wp-content\/uploads\/2022\/02\/8725fb77164466508186955869310546271-240x172.jpg",240,172,true],"advps-thumb-one":["https:\/\/arantv.az\/wp-content\/uploads\/2022\/02\/8725fb77164466508186955869310546271.jpg",975,540,false]},"rttpg_author":{"display_name":"V\u00fcsal Rafiqo\u011flu","author_link":"https:\/\/arantv.az\/?author=2"},"rttpg_comment":0,"rttpg_category":"<a href=\"https:\/\/arantv.az\/?cat=4\" rel=\"category\">Siyas\u0259t<\/a>","rttpg_excerpt":"Az\u0259rbaycan Respublikas\u0131n\u0131n Xarici \u0130\u015fl\u0259r Nazirliyi Az\u0259rbaycan Respublikas\u0131 il\u0259 \u0130spaniya Krall\u0131\u011f\u0131 aras\u0131nda diplomatik m\u00fcnasib\u0259tl\u0259r yarad\u0131lmas\u0131n\u0131n 30-illiyi m\u00fcnasib\u0259til\u0259 m\u0259tbuat \u00fc\u00e7\u00fcn b\u0259yanat yay\u0131b. ARANTV.AZ x\u0259b\u0259r verir ki, \u0130spaniyan\u0131n EFE informasiya agentliyi, \u0130sve\u00e7r\u0259 \u0130ctimai teleradioyay\u0131m korporasiyas\u0131 (SRG SSR) beyn\u0259lxalq onlayn-platformas\u0131n\u0131n SWI swissinfo.ch ispandilli versiyas\u0131, Argentinan\u0131n www.infobae.com x\u0259b\u0259rl\u0259r sayt\u0131 da bu b\u0259yanat yay\u0131blar. N\u0259\u015frl\u0259rd\u0259 qeyd edilir ki, iki \u00f6lk\u0259 aras\u0131nda&hellip;","_links":{"self":[{"href":"https:\/\/arantv.az\/index.php?rest_route=\/wp\/v2\/posts\/438187"}],"collection":[{"href":"https:\/\/arantv.az\/index.php?rest_route=\/wp\/v2\/posts"}],"about":[{"href":"https:\/\/arantv.az\/index.php?rest_route=\/wp\/v2\/types\/post"}],"author":[{"embeddable":true,"href":"https:\/\/arantv.az\/index.php?rest_route=\/wp\/v2\/users\/2"}],"replies":[{"embeddable":true,"href":"https:\/\/arantv.az\/index.php?rest_route=%2Fwp%2Fv2%2Fcomments&post=438187"}],"version-history":[{"count":0,"href":"https:\/\/arantv.az\/index.php?rest_route=\/wp\/v2\/posts\/438187\/revisions"}],"wp:featuredmedia":[{"embeddable":true,"href":"https:\/\/arantv.az\/index.php?rest_route=\/wp\/v2\/media\/438188"}],"wp:attachment":[{"href":"https:\/\/arantv.az\/index.php?rest_route=%2Fwp%2Fv2%2Fmedia&parent=438187"}],"wp:term":[{"taxonomy":"category","embeddable":true,"href":"https:\/\/arantv.az\/index.php?rest_route=%2Fwp%2Fv2%2Fcategories&post=438187"},{"taxonomy":"post_tag","embeddable":true,"href":"https:\/\/arantv.az\/index.php?rest_route=%2Fwp%2Fv2%2Ftags&post=438187"}],"curies":[{"name":"wp","href":"https:\/\/api.w.org\/{rel}","templated":true}]}}