{"id":43820,"date":"2019-03-08T13:13:09","date_gmt":"2019-03-08T10:13:09","guid":{"rendered":"http:\/\/arantv.az\/?p=43820"},"modified":"2019-03-08T13:13:09","modified_gmt":"2019-03-08T10:13:09","slug":"bayramin-mubar%c9%99k-az%c9%99rbaycan-qadini-fotoreportaj","status":"publish","type":"post","link":"https:\/\/arantv.az\/?p=43820","title":{"rendered":"Bayram\u0131n m\u00fcbar\u0259k, Az\u0259rbaycan qad\u0131n\u0131! &#8211; FOTOREPORTAJ"},"content":{"rendered":"<p><strong>D\u00fcnyan\u0131n bir \u00e7ox yerind\u0259, o c\u00fcml\u0259d\u0259n Az\u0259rbaycanda 8 Mart &#8211; Beyn\u0259lxalq Qad\u0131nlar G\u00fcn\u00fc qeyd olunur.<\/strong><\/p>\n<p>Bu g\u00fcn Bak\u0131n\u0131n k\u00fc\u00e7\u0259 v\u0259 parklar\u0131nda \u0259ll\u0259rind\u0259 g\u00fcl v\u0259 m\u00fcxt\u0259lif h\u0259diyy\u0259l\u0259r olmayan q\u0131z, qad\u0131n g\u00f6rm\u0259k, dem\u0259k olar ki, m\u00fcmk\u00fcn deyil.<\/p>\n<p>T\u0259bii ki, Az\u0259rbaycan qad\u0131n\u0131 ild\u0259 bir d\u0259f\u0259 deyil, ilin h\u0259r ay\u0131nda, g\u00fcn\u00fcnd\u0259 diqq\u0259t\u0259, m\u0259h\u0259bb\u0259t\u0259 layiqdir.<\/p>\n<div id=\"AdributorNativeVideo0\" class=\"AdributorNativeVideo\"><\/div>\n<p><strong>ARANTV.AZ<\/strong> trend-\u0259 istinad\u0259n bayram ab-haval\u0131 paytaxtdan fotoreportaj\u0131 t\u0259qdim edir:<\/p>\n<p><img loading=\"lazy\" class=\"alignnone size-full wp-image-43821\" src=\"https:\/\/arantv.az\/wp-content\/uploads\/2019\/03\/737218_4.jpg\" alt=\"\" width=\"236\" height=\"250\" \/><img loading=\"lazy\" class=\"alignnone size-medium wp-image-43822\" src=\"https:\/\/arantv.az\/wp-content\/uploads\/2019\/03\/737218_26-300x185.jpg\" alt=\"\" width=\"300\" height=\"185\" \/><img loading=\"lazy\" class=\"alignnone size-full wp-image-43823\" src=\"https:\/\/arantv.az\/wp-content\/uploads\/2019\/03\/737218_5.jpg\" alt=\"\" width=\"160\" height=\"250\" \/><\/p>\n<p><img loading=\"lazy\" class=\"alignnone size-full wp-image-43824\" src=\"https:\/\/arantv.az\/wp-content\/uploads\/2019\/03\/737218_10.jpg\" alt=\"\" width=\"227\" height=\"250\" \/><img loading=\"lazy\" class=\"alignnone size-full wp-image-43825\" src=\"https:\/\/arantv.az\/wp-content\/uploads\/2019\/03\/737218_16.jpg\" alt=\"\" width=\"250\" height=\"167\" \/><\/p>\n","protected":false},"excerpt":{"rendered":"<p>D\u00fcnyan\u0131n bir \u00e7ox yerind\u0259, o c\u00fcml\u0259d\u0259n Az\u0259rbaycanda 8 Mart &#8211; Beyn\u0259lxalq Qad\u0131nlar G\u00fcn\u00fc qeyd olunur. Bu g\u00fcn Bak\u0131n\u0131n k\u00fc\u00e7\u0259 v\u0259 parklar\u0131nda \u0259ll\u0259rind\u0259 g\u00fcl v\u0259 m\u00fcxt\u0259lif h\u0259diyy\u0259l\u0259r olmayan q\u0131z, qad\u0131n g\u00f6rm\u0259k, dem\u0259k olar ki, m\u00fcmk\u00fcn deyil. T\u0259bii ki, Az\u0259rbaycan qad\u0131n\u0131 ild\u0259 bir d\u0259f\u0259 deyil, ilin h\u0259r ay\u0131nda, g\u00fcn\u00fcnd\u0259 diqq\u0259t\u0259, m\u0259h\u0259bb\u0259t\u0259 layiqdir. ARANTV.AZ trend-\u0259 istinad\u0259n bayram ab-haval\u0131 paytaxtdan fotoreportaj\u0131 t\u0259qdim edir:<\/p>\n","protected":false},"author":2,"featured_media":43822,"comment_status":"closed","ping_status":"closed","sticky":false,"template":"","format":"standard","meta":{"om_disable_all_campaigns":false,"_monsterinsights_skip_tracking":false,"_monsterinsights_sitenote_active":false,"_monsterinsights_sitenote_note":"","_monsterinsights_sitenote_category":0},"categories":[1],"tags":[],"aioseo_notices":[],"gutentor_comment":0,"rttpg_featured_image_url":{"full":["https:\/\/arantv.az\/wp-content\/uploads\/2019\/03\/737218_26.jpg",1024,633,false],"landscape":["https:\/\/arantv.az\/wp-content\/uploads\/2019\/03\/737218_26.jpg",1024,633,false],"portraits":["https:\/\/arantv.az\/wp-content\/uploads\/2019\/03\/737218_26.jpg",1024,633,false],"thumbnail":["https:\/\/arantv.az\/wp-content\/uploads\/2019\/03\/737218_26-150x150.jpg",150,150,true],"medium":["https:\/\/arantv.az\/wp-content\/uploads\/2019\/03\/737218_26-300x185.jpg",300,185,true],"large":["https:\/\/arantv.az\/wp-content\/uploads\/2019\/03\/737218_26-1024x633.jpg",640,396,true],"1536x1536":["https:\/\/arantv.az\/wp-content\/uploads\/2019\/03\/737218_26.jpg",1024,633,false],"2048x2048":["https:\/\/arantv.az\/wp-content\/uploads\/2019\/03\/737218_26.jpg",1024,633,false],"post-thumbnail":["https:\/\/arantv.az\/wp-content\/uploads\/2019\/03\/737218_26-240x172.jpg",240,172,true],"advps-thumb-one":["https:\/\/arantv.az\/wp-content\/uploads\/2019\/03\/737218_26-1024x620.jpg",1024,620,true]},"rttpg_author":{"display_name":"V\u00fcsal Rafiqo\u011flu","author_link":"https:\/\/arantv.az\/?author=2"},"rttpg_comment":0,"rttpg_category":"<a href=\"https:\/\/arantv.az\/?cat=1\" rel=\"category\">C\u0259miyy\u0259t<\/a>","rttpg_excerpt":"D\u00fcnyan\u0131n bir \u00e7ox yerind\u0259, o c\u00fcml\u0259d\u0259n Az\u0259rbaycanda 8 Mart &#8211; Beyn\u0259lxalq Qad\u0131nlar G\u00fcn\u00fc qeyd olunur. Bu g\u00fcn Bak\u0131n\u0131n k\u00fc\u00e7\u0259 v\u0259 parklar\u0131nda \u0259ll\u0259rind\u0259 g\u00fcl v\u0259 m\u00fcxt\u0259lif h\u0259diyy\u0259l\u0259r olmayan q\u0131z, qad\u0131n g\u00f6rm\u0259k, dem\u0259k olar ki, m\u00fcmk\u00fcn deyil. T\u0259bii ki, Az\u0259rbaycan qad\u0131n\u0131 ild\u0259 bir d\u0259f\u0259 deyil, ilin h\u0259r ay\u0131nda, g\u00fcn\u00fcnd\u0259 diqq\u0259t\u0259, m\u0259h\u0259bb\u0259t\u0259 layiqdir. ARANTV.AZ trend-\u0259 istinad\u0259n bayram ab-haval\u0131&hellip;","_links":{"self":[{"href":"https:\/\/arantv.az\/index.php?rest_route=\/wp\/v2\/posts\/43820"}],"collection":[{"href":"https:\/\/arantv.az\/index.php?rest_route=\/wp\/v2\/posts"}],"about":[{"href":"https:\/\/arantv.az\/index.php?rest_route=\/wp\/v2\/types\/post"}],"author":[{"embeddable":true,"href":"https:\/\/arantv.az\/index.php?rest_route=\/wp\/v2\/users\/2"}],"replies":[{"embeddable":true,"href":"https:\/\/arantv.az\/index.php?rest_route=%2Fwp%2Fv2%2Fcomments&post=43820"}],"version-history":[{"count":0,"href":"https:\/\/arantv.az\/index.php?rest_route=\/wp\/v2\/posts\/43820\/revisions"}],"wp:featuredmedia":[{"embeddable":true,"href":"https:\/\/arantv.az\/index.php?rest_route=\/wp\/v2\/media\/43822"}],"wp:attachment":[{"href":"https:\/\/arantv.az\/index.php?rest_route=%2Fwp%2Fv2%2Fmedia&parent=43820"}],"wp:term":[{"taxonomy":"category","embeddable":true,"href":"https:\/\/arantv.az\/index.php?rest_route=%2Fwp%2Fv2%2Fcategories&post=43820"},{"taxonomy":"post_tag","embeddable":true,"href":"https:\/\/arantv.az\/index.php?rest_route=%2Fwp%2Fv2%2Ftags&post=43820"}],"curies":[{"name":"wp","href":"https:\/\/api.w.org\/{rel}","templated":true}]}}