{"id":438203,"date":"2022-02-12T16:33:27","date_gmt":"2022-02-12T13:33:27","guid":{"rendered":"http:\/\/arantv.az\/?p=438203"},"modified":"2022-02-12T16:33:27","modified_gmt":"2022-02-12T13:33:27","slug":"sahil-babayev-boks-federasiyasinda-ilk-iclasini-kecirdi-foto","status":"publish","type":"post","link":"https:\/\/arantv.az\/?p=438203","title":{"rendered":"Sahil Babayev Boks Federasiyas\u0131nda ilk iclas\u0131n\u0131 ke\u00e7irdi &#8211; FOTO"},"content":{"rendered":"<p>Bu g\u00fcn Az\u0259rbaycan Boks Federasiyas\u0131n\u0131n (ABF) prezidenti Sahil Babayevin s\u0259drliyi il\u0259 qurumun \u0130dar\u0259 Hey\u0259tinin ilk iclas\u0131 ke\u00e7irilib. T\u0259dbird\u0259 qar\u015f\u0131da duran prioritet m\u0259s\u0259l\u0259l\u0259r m\u00fczakir\u0259 edilib.<\/p>\n<p><strong>ARANTV.AZ<\/strong>\u00a0x\u0259b\u0259r verir ki, federasiya prezidenti qurumun f\u0259aliyy\u0259ti, \u00f6lk\u0259mizd\u0259 boksun daha da inki\u015faf\u0131 \u00fc\u00e7\u00fcn konsepsiyan\u0131n haz\u0131rlanmas\u0131 il\u0259 ba\u011fl\u0131 tap\u015f\u0131r\u0131qlar verib.<\/p>\n<div class=\"AdviadNativeVideo\"><\/div>\n<p>S.Babayev boks idman n\u00f6v\u00fcn\u00fcn Az\u0259rbaycandak\u0131 co\u011frafiyas\u0131n\u0131n geni\u015fl\u0259ndirilm\u0259sinin vacibliyini \u00f6n\u0259 \u00e7\u0259kib.<\/p>\n<p>O vur\u011fulay\u0131b ki, k\u00fctl\u0259viliyi t\u0259min etm\u0259k v\u0259 maddi-texniki bazan\u0131n g\u00fccl\u0259ndirilm\u0259si \u0259sas amill\u0259rd\u0259n biridir. Nazir m\u0259\u015fq\u00e7il\u0259r\u0259, boks\u00e7ulara, hakiml\u0259r\u0259, h\u0259m\u00e7inin idman\u00e7\u0131lar\u0131n sa\u011flaml\u0131\u011f\u0131na cavabdeh olan tibb i\u015f\u00e7il\u0259rin\u0259 x\u00fcsusi diqq\u0259tin ayr\u0131lmas\u0131 il\u0259 ba\u011fl\u0131 g\u00f6st\u0259ri\u015fl\u0259r verib.<\/p>\n<p>Federasiya prezidenti \u0130dar\u0259 Hey\u0259ti il\u0259 bu il ke\u00e7iril\u0259c\u0259k h\u0259m \u00f6lk\u0259daxili, h\u0259m d\u0259 beyn\u0259lxalq yar\u0131\u015flarla ba\u011fl\u0131 fikir m\u00fcbadil\u0259si apar\u0131b. O\u00a0qeyd edib ki, ilin sonunad\u0259k ba\u015f tutacaq turnirl\u0259rd\u0259 Az\u0259rbaycana medallar qazand\u0131rmaq q\u0131sa m\u00fcdd\u0259tli plana daxildir. Orta m\u00fcdd\u0259tli h\u0259d\u0259fin Paris-2024 Yay Olimpiya Oyunlar\u0131 oldu\u011funu vur\u011fulayan nazir 4 illiyin \u0259n m\u00f6ht\u0259\u015f\u0259m yar\u0131\u015f\u0131nda da f\u0259xri k\u00fcrs\u00fcy\u0259 y\u00fcks\u0259lm\u0259yin \u0259sas m\u0259qs\u0259d oldu\u011funu deyib.<\/p>\n<p>Nazir vur\u011fulay\u0131b ki, uzunm\u00fcdd\u0259tli h\u0259d\u0259f yeni g\u0259nc boks\u00e7u n\u0259slinin yeti\u015fdirilm\u0259si v\u0259 bu idman n\u00f6v\u00fcn\u00fcn h\u0259r bir rayonda inki\u015faf\u0131na nail olmaqd\u0131r. Bunun \u00fc\u00e7\u00fcn se\u00e7iml\u0259r h\u0259yata ke\u00e7irilm\u0259li v\u0259 federasiyada bu m\u0259s\u0259l\u0259l\u0259rl\u0259 ba\u011fl\u0131 \u015f\u00f6b\u0259l\u0259r yarad\u0131lmal\u0131d\u0131r.<\/p>\n<p>ABF-in vitse-prezidenti V\u00fcsal N\u0259sirli v\u0259 \u0130dar\u0259 Hey\u0259tinin \u00fczvl\u0259ri Fuad Hac\u0131yevl\u0259 R\u00f6v\u015f\u0259n H\u00fcseynov konsepsiya il\u0259 ba\u011fl\u0131 \u00f6z t\u0259klifl\u0259rini veribl\u0259r.<\/p>\n<p>&nbsp;<\/p>\n<div class=\"gallery\">\n<div class=\"gallery-i\"><img src=\"https:\/\/cdn.oxu.az\/uploads\/W1siZiIsIjIwMjIvMDIvMTIvMTcvMTQvNTEvY2JlOWU1YmYtMmJhYS00MjA2LTgyOTUtYjMzM2U3ODU3ZjU5LzI3MzY5MTE3MF81MjM2OTk4MTIzMDg4MzVfNjA0MTgxNzYxNzA0OTU5MjYyM19uLTcyMHg0MDUuanBnIl0sWyJwIiwiZW5jb2RlIiwianBnIiwiLXF1YWxpdHkgODAiXSxbInAiLCJ0aHVtYiIsIjU5MHg1OTBcdTAwM2UiXV0?sha=8e56d7c7cc9af87e\" alt=\"\" \/><\/p>\n<div class=\"gallery-i-caption\"><\/div>\n<\/div>\n<div class=\"gallery-i\"><img src=\"https:\/\/cdn.oxu.az\/uploads\/W1siZiIsIjIwMjIvMDIvMTIvMTcvMTQvNTQvMzlmYzY2YTQtMGZjMy00OGQ4LThkODQtNWMzYTEwNzFiNWUyLzI3MzU0MjU3OV85NzIxMzA5NTcwMTAzOTVfMzIzODM4OTM3NjY5MDg5ODI3N19uLmpwZyJdLFsicCIsImVuY29kZSIsImpwZyIsIi1xdWFsaXR5IDgwIl0sWyJwIiwidGh1bWIiLCI1OTB4NTkwXHUwMDNlIl1d?sha=a4c1ebd6f7f64eca\" alt=\"\" \/><\/p>\n<div class=\"gallery-i-caption\"><\/div>\n<\/div>\n<div class=\"gallery-i\"><img src=\"https:\/\/cdn.oxu.az\/uploads\/W1siZiIsIjIwMjIvMDIvMTIvMTcvMTQvNTcvMzJkMDRiOGUtZTdlMS00NzlkLTkxODItYzAzZTc1NzE5ZmRlLzI3MzUyNjAyMl85NTUwNjQxMDUzNzk5NTRfODc5MjUwMDcxNTc3NDE5MjY2OV9uLmpwZyJdLFsicCIsImVuY29kZSIsImpwZyIsIi1xdWFsaXR5IDgwIl0sWyJwIiwidGh1bWIiLCI1OTB4NTkwXHUwMDNlIl1d?sha=0f29e6d2c11817c6\" alt=\"\" \/><\/p>\n<div class=\"gallery-i-caption\"><\/div>\n<\/div>\n<div class=\"gallery-i\"><img src=\"https:\/\/cdn.oxu.az\/uploads\/W1siZiIsIjIwMjIvMDIvMTIvMTcvMTUvMDEvMTBhNjU4YTUtNTdkNC00YzA0LTkyMDEtN2U3NzM0Mjg2OThjLzI3MzUzMTAxOV8xMzI5MDYxOTMwODkxMTUzXzcxNTExMjUzMzQyMTE0Mjk3MTFfbi5qcGciXSxbInAiLCJlbmNvZGUiLCJqcGciLCItcXVhbGl0eSA4MCJdLFsicCIsInRodW1iIiwiNTkweDU5MFx1MDAzZSJdXQ?sha=93543e2acb1cea88\" alt=\"\" \/><\/div>\n<\/div>\n","protected":false},"excerpt":{"rendered":"<p>Bu g\u00fcn Az\u0259rbaycan Boks Federasiyas\u0131n\u0131n (ABF) prezidenti Sahil Babayevin s\u0259drliyi il\u0259 qurumun \u0130dar\u0259 Hey\u0259tinin ilk iclas\u0131 ke\u00e7irilib. T\u0259dbird\u0259 qar\u015f\u0131da duran prioritet m\u0259s\u0259l\u0259l\u0259r m\u00fczakir\u0259 edilib. ARANTV.AZ\u00a0x\u0259b\u0259r verir ki, federasiya prezidenti qurumun f\u0259aliyy\u0259ti, \u00f6lk\u0259mizd\u0259 boksun daha da inki\u015faf\u0131 \u00fc\u00e7\u00fcn konsepsiyan\u0131n haz\u0131rlanmas\u0131 il\u0259 ba\u011fl\u0131 tap\u015f\u0131r\u0131qlar verib. S.Babayev boks idman n\u00f6v\u00fcn\u00fcn Az\u0259rbaycandak\u0131 co\u011frafiyas\u0131n\u0131n geni\u015fl\u0259ndirilm\u0259sinin vacibliyini \u00f6n\u0259 \u00e7\u0259kib. O vur\u011fulay\u0131b ki, k\u00fctl\u0259viliyi t\u0259min etm\u0259k v\u0259 maddi-texniki bazan\u0131n g\u00fccl\u0259ndirilm\u0259si \u0259sas amill\u0259rd\u0259n biridir. Nazir m\u0259\u015fq\u00e7il\u0259r\u0259, boks\u00e7ulara, hakiml\u0259r\u0259, h\u0259m\u00e7inin idman\u00e7\u0131lar\u0131n sa\u011flaml\u0131\u011f\u0131na cavabdeh olan tibb i\u015f\u00e7il\u0259rin\u0259 x\u00fcsusi diqq\u0259tin ayr\u0131lmas\u0131 il\u0259 ba\u011fl\u0131 g\u00f6st\u0259ri\u015fl\u0259r verib. Federasiya prezidenti \u0130dar\u0259 Hey\u0259ti il\u0259 bu&hellip;<\/p>\n","protected":false},"author":2,"featured_media":438204,"comment_status":"closed","ping_status":"closed","sticky":false,"template":"","format":"standard","meta":{"om_disable_all_campaigns":false,"_monsterinsights_skip_tracking":false,"_monsterinsights_sitenote_active":false,"_monsterinsights_sitenote_note":"","_monsterinsights_sitenote_category":0},"categories":[6],"tags":[],"aioseo_notices":[],"gutentor_comment":0,"rttpg_featured_image_url":{"full":["https:\/\/arantv.az\/wp-content\/uploads\/2022\/02\/273602328_524036025622716_2169837712953828788_n.jpg",620,414,false],"landscape":["https:\/\/arantv.az\/wp-content\/uploads\/2022\/02\/273602328_524036025622716_2169837712953828788_n.jpg",620,414,false],"portraits":["https:\/\/arantv.az\/wp-content\/uploads\/2022\/02\/273602328_524036025622716_2169837712953828788_n.jpg",620,414,false],"thumbnail":["https:\/\/arantv.az\/wp-content\/uploads\/2022\/02\/273602328_524036025622716_2169837712953828788_n-500x280.jpg",500,280,true],"medium":["https:\/\/arantv.az\/wp-content\/uploads\/2022\/02\/273602328_524036025622716_2169837712953828788_n-547x365.jpg",547,365,true],"large":["https:\/\/arantv.az\/wp-content\/uploads\/2022\/02\/273602328_524036025622716_2169837712953828788_n.jpg",620,414,false],"1536x1536":["https:\/\/arantv.az\/wp-content\/uploads\/2022\/02\/273602328_524036025622716_2169837712953828788_n.jpg",620,414,false],"2048x2048":["https:\/\/arantv.az\/wp-content\/uploads\/2022\/02\/273602328_524036025622716_2169837712953828788_n.jpg",620,414,false],"post-thumbnail":["https:\/\/arantv.az\/wp-content\/uploads\/2022\/02\/273602328_524036025622716_2169837712953828788_n-240x172.jpg",240,172,true],"advps-thumb-one":["https:\/\/arantv.az\/wp-content\/uploads\/2022\/02\/273602328_524036025622716_2169837712953828788_n.jpg",620,414,false]},"rttpg_author":{"display_name":"V\u00fcsal Rafiqo\u011flu","author_link":"https:\/\/arantv.az\/?author=2"},"rttpg_comment":0,"rttpg_category":"<a href=\"https:\/\/arantv.az\/?cat=6\" rel=\"category\">\u0130dman<\/a>","rttpg_excerpt":"Bu g\u00fcn Az\u0259rbaycan Boks Federasiyas\u0131n\u0131n (ABF) prezidenti Sahil Babayevin s\u0259drliyi il\u0259 qurumun \u0130dar\u0259 Hey\u0259tinin ilk iclas\u0131 ke\u00e7irilib. T\u0259dbird\u0259 qar\u015f\u0131da duran prioritet m\u0259s\u0259l\u0259l\u0259r m\u00fczakir\u0259 edilib. ARANTV.AZ\u00a0x\u0259b\u0259r verir ki, federasiya prezidenti qurumun f\u0259aliyy\u0259ti, \u00f6lk\u0259mizd\u0259 boksun daha da inki\u015faf\u0131 \u00fc\u00e7\u00fcn konsepsiyan\u0131n haz\u0131rlanmas\u0131 il\u0259 ba\u011fl\u0131 tap\u015f\u0131r\u0131qlar verib. S.Babayev boks idman n\u00f6v\u00fcn\u00fcn Az\u0259rbaycandak\u0131 co\u011frafiyas\u0131n\u0131n geni\u015fl\u0259ndirilm\u0259sinin vacibliyini \u00f6n\u0259 \u00e7\u0259kib. O vur\u011fulay\u0131b&hellip;","_links":{"self":[{"href":"https:\/\/arantv.az\/index.php?rest_route=\/wp\/v2\/posts\/438203"}],"collection":[{"href":"https:\/\/arantv.az\/index.php?rest_route=\/wp\/v2\/posts"}],"about":[{"href":"https:\/\/arantv.az\/index.php?rest_route=\/wp\/v2\/types\/post"}],"author":[{"embeddable":true,"href":"https:\/\/arantv.az\/index.php?rest_route=\/wp\/v2\/users\/2"}],"replies":[{"embeddable":true,"href":"https:\/\/arantv.az\/index.php?rest_route=%2Fwp%2Fv2%2Fcomments&post=438203"}],"version-history":[{"count":0,"href":"https:\/\/arantv.az\/index.php?rest_route=\/wp\/v2\/posts\/438203\/revisions"}],"wp:featuredmedia":[{"embeddable":true,"href":"https:\/\/arantv.az\/index.php?rest_route=\/wp\/v2\/media\/438204"}],"wp:attachment":[{"href":"https:\/\/arantv.az\/index.php?rest_route=%2Fwp%2Fv2%2Fmedia&parent=438203"}],"wp:term":[{"taxonomy":"category","embeddable":true,"href":"https:\/\/arantv.az\/index.php?rest_route=%2Fwp%2Fv2%2Fcategories&post=438203"},{"taxonomy":"post_tag","embeddable":true,"href":"https:\/\/arantv.az\/index.php?rest_route=%2Fwp%2Fv2%2Ftags&post=438203"}],"curies":[{"name":"wp","href":"https:\/\/api.w.org\/{rel}","templated":true}]}}