{"id":438210,"date":"2022-02-12T18:50:41","date_gmt":"2022-02-12T15:50:41","guid":{"rendered":"http:\/\/arantv.az\/?p=438210"},"modified":"2022-02-12T18:50:41","modified_gmt":"2022-02-12T15:50:41","slug":"dogus-zamani-ol%c9%99n-15-yasli-qizin-anasi-dedi-ki-elcil%c9%99rimi-niy%c9%99-qaytardin-video","status":"publish","type":"post","link":"https:\/\/arantv.az\/?p=438210","title":{"rendered":"Do\u011fu\u015f zaman\u0131 \u00f6l\u0259n 15 ya\u015fl\u0131 q\u0131z\u0131n anas\u0131: \u201cDedi ki, el\u00e7il\u0259rimi niy\u0259 qaytard\u0131n?\u201d \u2013 V\u0130DEO"},"content":{"rendered":"<article class=\"news\">\n<div class=\"news-inner\">\n<p>\u201cBaku TV\u201dnin \u0259m\u0259kda\u015f\u0131 do\u011fu\u015f zaman\u0131 \u00f6l\u0259n 15 ya\u015fl\u0131 yeniyetm\u0259nin ail\u0259sinin evind\u0259 olub, hadis\u0259nin t\u0259f\u0259rr\u00fcat\u0131n\u0131 ara\u015fd\u0131r\u0131b.<\/p>\n<div class=\"AdviadNativeVideo\"><\/div>\n<p>Evin t\u0259k q\u0131z\u0131 olan Nigar\u0131n (ad \u015f\u0259rtidir) anas\u0131 \u018ff\u015fan Bax\u015f\u0259liyeva iddia edib ki, q\u0131z\u0131n\u0131n \u00f6l\u00fcm\u00fcn\u0259 s\u0259b\u0259b ara h\u0259kimidir.<\/p>\n<p>Ana q\u0131z\u0131n\u0131n 28 ya\u015fl\u0131 ki\u015fi il\u0259 qeyri-r\u0259smi m\u00fcnasib\u0259td\u0259 ya\u015famas\u0131ndan da dan\u0131\u015f\u0131b.<\/p>\n<p>\u201c\u0130ki d\u0259f\u0259 el\u00e7i g\u0259ldil\u0259r, verm\u0259dim. Sonra q\u0131z\u0131m dedi ki, el\u00e7il\u0259rimi niy\u0259 qaytard\u0131n? M\u0259ni verm\u0259s\u0259n, \u00f6z\u00fcm\u00fc \u00f6ld\u00fcr\u0259c\u0259m\u201d, &#8211; dey\u0259 o qeyd edib.<\/p>\n<p>Daha \u0259trafl\u0131 \u201cArzunun vaxt\u0131\u201dnda izl\u0259y\u0259 bil\u0259rsiniz:<\/p>\n<div><iframe loading=\"lazy\" title=\"YouTube video player\" src=\"https:\/\/www.youtube.com\/embed\/Gbne6XqmLig\" width=\"560\" height=\"315\" frameborder=\"0\" allowfullscreen=\"allowfullscreen\" data-mce-fragment=\"1\"><\/iframe><\/div>\n<\/div>\n<\/article>\n","protected":false},"excerpt":{"rendered":"<p>\u201cBaku TV\u201dnin \u0259m\u0259kda\u015f\u0131 do\u011fu\u015f zaman\u0131 \u00f6l\u0259n 15 ya\u015fl\u0131 yeniyetm\u0259nin ail\u0259sinin evind\u0259 olub, hadis\u0259nin t\u0259f\u0259rr\u00fcat\u0131n\u0131 ara\u015fd\u0131r\u0131b. Evin t\u0259k q\u0131z\u0131 olan Nigar\u0131n (ad \u015f\u0259rtidir) anas\u0131 \u018ff\u015fan Bax\u015f\u0259liyeva iddia edib ki, q\u0131z\u0131n\u0131n \u00f6l\u00fcm\u00fcn\u0259 s\u0259b\u0259b ara h\u0259kimidir. Ana q\u0131z\u0131n\u0131n 28 ya\u015fl\u0131 ki\u015fi il\u0259 qeyri-r\u0259smi m\u00fcnasib\u0259td\u0259 ya\u015famas\u0131ndan da dan\u0131\u015f\u0131b. \u201c\u0130ki d\u0259f\u0259 el\u00e7i g\u0259ldil\u0259r, verm\u0259dim. Sonra q\u0131z\u0131m dedi ki, el\u00e7il\u0259rimi niy\u0259 qaytard\u0131n? M\u0259ni verm\u0259s\u0259n, \u00f6z\u00fcm\u00fc \u00f6ld\u00fcr\u0259c\u0259m\u201d, &#8211; dey\u0259 o qeyd edib. Daha \u0259trafl\u0131 \u201cArzunun vaxt\u0131\u201dnda izl\u0259y\u0259 bil\u0259rsiniz:<\/p>\n","protected":false},"author":2,"featured_media":438211,"comment_status":"closed","ping_status":"closed","sticky":false,"template":"","format":"standard","meta":{"om_disable_all_campaigns":false,"_monsterinsights_skip_tracking":false,"_monsterinsights_sitenote_active":false,"_monsterinsights_sitenote_note":"","_monsterinsights_sitenote_category":0},"categories":[1],"tags":[],"aioseo_notices":[],"gutentor_comment":0,"rttpg_featured_image_url":{"full":["https:\/\/arantv.az\/wp-content\/uploads\/2022\/02\/1fc73219-e324-47ef-9e8e-4b509639ea4d.jpg",620,413,false],"landscape":["https:\/\/arantv.az\/wp-content\/uploads\/2022\/02\/1fc73219-e324-47ef-9e8e-4b509639ea4d.jpg",620,413,false],"portraits":["https:\/\/arantv.az\/wp-content\/uploads\/2022\/02\/1fc73219-e324-47ef-9e8e-4b509639ea4d.jpg",620,413,false],"thumbnail":["https:\/\/arantv.az\/wp-content\/uploads\/2022\/02\/1fc73219-e324-47ef-9e8e-4b509639ea4d-500x280.jpg",500,280,true],"medium":["https:\/\/arantv.az\/wp-content\/uploads\/2022\/02\/1fc73219-e324-47ef-9e8e-4b509639ea4d-548x365.jpg",548,365,true],"large":["https:\/\/arantv.az\/wp-content\/uploads\/2022\/02\/1fc73219-e324-47ef-9e8e-4b509639ea4d.jpg",620,413,false],"1536x1536":["https:\/\/arantv.az\/wp-content\/uploads\/2022\/02\/1fc73219-e324-47ef-9e8e-4b509639ea4d.jpg",620,413,false],"2048x2048":["https:\/\/arantv.az\/wp-content\/uploads\/2022\/02\/1fc73219-e324-47ef-9e8e-4b509639ea4d.jpg",620,413,false],"post-thumbnail":["https:\/\/arantv.az\/wp-content\/uploads\/2022\/02\/1fc73219-e324-47ef-9e8e-4b509639ea4d-240x172.jpg",240,172,true],"advps-thumb-one":["https:\/\/arantv.az\/wp-content\/uploads\/2022\/02\/1fc73219-e324-47ef-9e8e-4b509639ea4d.jpg",620,413,false]},"rttpg_author":{"display_name":"V\u00fcsal Rafiqo\u011flu","author_link":"https:\/\/arantv.az\/?author=2"},"rttpg_comment":0,"rttpg_category":"<a href=\"https:\/\/arantv.az\/?cat=1\" rel=\"category\">C\u0259miyy\u0259t<\/a>","rttpg_excerpt":"\u201cBaku TV\u201dnin \u0259m\u0259kda\u015f\u0131 do\u011fu\u015f zaman\u0131 \u00f6l\u0259n 15 ya\u015fl\u0131 yeniyetm\u0259nin ail\u0259sinin evind\u0259 olub, hadis\u0259nin t\u0259f\u0259rr\u00fcat\u0131n\u0131 ara\u015fd\u0131r\u0131b. Evin t\u0259k q\u0131z\u0131 olan Nigar\u0131n (ad \u015f\u0259rtidir) anas\u0131 \u018ff\u015fan Bax\u015f\u0259liyeva iddia edib ki, q\u0131z\u0131n\u0131n \u00f6l\u00fcm\u00fcn\u0259 s\u0259b\u0259b ara h\u0259kimidir. Ana q\u0131z\u0131n\u0131n 28 ya\u015fl\u0131 ki\u015fi il\u0259 qeyri-r\u0259smi m\u00fcnasib\u0259td\u0259 ya\u015famas\u0131ndan da dan\u0131\u015f\u0131b. \u201c\u0130ki d\u0259f\u0259 el\u00e7i g\u0259ldil\u0259r, verm\u0259dim. Sonra q\u0131z\u0131m dedi ki, el\u00e7il\u0259rimi niy\u0259&hellip;","_links":{"self":[{"href":"https:\/\/arantv.az\/index.php?rest_route=\/wp\/v2\/posts\/438210"}],"collection":[{"href":"https:\/\/arantv.az\/index.php?rest_route=\/wp\/v2\/posts"}],"about":[{"href":"https:\/\/arantv.az\/index.php?rest_route=\/wp\/v2\/types\/post"}],"author":[{"embeddable":true,"href":"https:\/\/arantv.az\/index.php?rest_route=\/wp\/v2\/users\/2"}],"replies":[{"embeddable":true,"href":"https:\/\/arantv.az\/index.php?rest_route=%2Fwp%2Fv2%2Fcomments&post=438210"}],"version-history":[{"count":0,"href":"https:\/\/arantv.az\/index.php?rest_route=\/wp\/v2\/posts\/438210\/revisions"}],"wp:featuredmedia":[{"embeddable":true,"href":"https:\/\/arantv.az\/index.php?rest_route=\/wp\/v2\/media\/438211"}],"wp:attachment":[{"href":"https:\/\/arantv.az\/index.php?rest_route=%2Fwp%2Fv2%2Fmedia&parent=438210"}],"wp:term":[{"taxonomy":"category","embeddable":true,"href":"https:\/\/arantv.az\/index.php?rest_route=%2Fwp%2Fv2%2Fcategories&post=438210"},{"taxonomy":"post_tag","embeddable":true,"href":"https:\/\/arantv.az\/index.php?rest_route=%2Fwp%2Fv2%2Ftags&post=438210"}],"curies":[{"name":"wp","href":"https:\/\/api.w.org\/{rel}","templated":true}]}}