{"id":43827,"date":"2019-03-08T13:15:42","date_gmt":"2019-03-08T10:15:42","guid":{"rendered":"http:\/\/arantv.az\/?p=43827"},"modified":"2019-03-08T13:15:42","modified_gmt":"2019-03-08T10:15:42","slug":"turkiy%c9%99-v%c9%99-rusiyadan-abs-a-qarsi-ortaq-addim-iyul-ayinda","status":"publish","type":"post","link":"https:\/\/arantv.az\/?p=43827","title":{"rendered":"T\u00fcrkiy\u0259 v\u0259 Rusiyadan AB\u015e-a qar\u015f\u0131 ortaq add\u0131m: \u0130yul ay\u0131nda&#8230;"},"content":{"rendered":"<p>T\u00fcrkiy\u0259 prezidenti R\u0259c\u0259b Tayyib \u018frdo\u011fan\u0131n k\u00f6m\u0259k\u00e7isi Fuad Oqtay \u00f6lk\u0259sinin diplomatik g\u00fcnd\u0259mi il\u0259 ba\u011fl\u0131 Anadolu Agentliyin\u0259 m\u00fcsahib\u0259 verib.<\/p>\n<div id=\"AdributorNativeVideo0\" class=\"AdributorNativeVideo\"><\/div>\n<p><b>ARANTV.AZ\u00a0<\/b>publika.az-a istinad\u0259n x\u0259b\u0259r verir ki, Oqtay AB\u015e-la T\u00fcrkiy\u0259 aras\u0131nda S-400 zenit raket kompleksi al\u0131nmas\u0131na g\u00f6r\u0259 ya\u015fanan g\u0259rginlikd\u0259n sonra Va\u015finqtondan g\u0259l\u0259n t\u0259hdidl\u0259ri cavabland\u0131r\u0131b.<br \/>\n<ins><\/ins><\/p>\n<div id=\"beacon_0eec17a936\"><img loading=\"lazy\" src=\"https:\/\/ads2.newmedia.az\/www\/delivery\/lg.php?bannerid=0&amp;campaignid=0&amp;zoneid=975&amp;loc=https%3A%2F%2Fbig.az%2F346991-turkiye_ve_rusiyadan_abs-a_qarsi_ortaq_addim_iyul_ayinda.html&amp;referer=https%3A%2F%2Fbig.az%2F&amp;cb=0eec17a936\" alt=\"\" width=\"0\" height=\"0\" \/><\/div>\n<p>O bildirib ki, T\u00fcrkiy\u0259 S-400 sisteml\u0259rini Rusiyadan bu ilin iyun ay\u0131nda t\u0259hvil alacaq. T\u00fcrkiy\u0259 bu raz\u0131la\u015fmadan geri add\u0131m atmaq niyy\u0259tind\u0259 deyil. Prezidentin k\u00f6m\u0259k\u00e7isi h\u0259m\u00e7inin, Suriyadak\u0131 terror t\u0259\u015fkilatlar\u0131na qar\u015f\u0131 m\u00fcbariz\u0259 m\u0259s\u0259l\u0259sin\u0259 d\u0259 ayd\u0131nl\u0131q g\u0259tirib:<\/p>\n<p>\u201cF\u0259rata bu g\u00fcn gir\u0259 bil\u0259c\u0259k \u015f\u0259kild\u0259 haz\u0131r\u0131q. T\u00fcrkiy\u0259y\u0259 qar\u015f\u0131 t\u0259hl\u00fck\u0259sizlik t\u0259hdidi yarada bil\u0259c\u0259k he\u00e7 bir \u015fey\u0259 icaz\u0259 ver\u0259 bilm\u0259rik. Bel\u0259 bir \u015fey olarsa, \u201cbir gec\u0259 zamans\u0131z g\u0259l\u0259 bil\u0259rik\u201d demi\u015fik, bunu ed\u0259c\u0259yik. M\u00fcnbi\u00e7d\u0259 d\u0259 eyni \u015f\u0259kild\u0259. Diplomatik \u00e7\u0259r\u00e7iv\u0259d\u0259 n\u0259 laz\u0131md\u0131rsa, ed\u0259rik. N\u0259tic\u0259 \u00e7\u0131xmazsa, meydanda h\u0259r\u0259k\u0259t\u0259 ke\u00e7\u0259rik. AB\u015e-\u0131n pulsuz \u015f\u0259kild\u0259 g\u00f6nd\u0259rdiyi 23 min TIR a\u011f\u0131r silah hara gedir? T\u00fcrkiy\u0259y\u0259 t\u0259hdid olmayacaqm\u0131 bu silahlar?\u201d-, Fuad Oqtay bildirib.<\/p>\n<p>&nbsp;<\/p>\n","protected":false},"excerpt":{"rendered":"<p>T\u00fcrkiy\u0259 prezidenti R\u0259c\u0259b Tayyib \u018frdo\u011fan\u0131n k\u00f6m\u0259k\u00e7isi Fuad Oqtay \u00f6lk\u0259sinin diplomatik g\u00fcnd\u0259mi il\u0259 ba\u011fl\u0131 Anadolu Agentliyin\u0259 m\u00fcsahib\u0259 verib. ARANTV.AZ\u00a0publika.az-a istinad\u0259n x\u0259b\u0259r verir ki, Oqtay AB\u015e-la T\u00fcrkiy\u0259 aras\u0131nda S-400 zenit raket kompleksi al\u0131nmas\u0131na g\u00f6r\u0259 ya\u015fanan g\u0259rginlikd\u0259n sonra Va\u015finqtondan g\u0259l\u0259n t\u0259hdidl\u0259ri cavabland\u0131r\u0131b. O bildirib ki, T\u00fcrkiy\u0259 S-400 sisteml\u0259rini Rusiyadan bu ilin iyun ay\u0131nda t\u0259hvil alacaq. T\u00fcrkiy\u0259 bu raz\u0131la\u015fmadan geri add\u0131m atmaq niyy\u0259tind\u0259 deyil. Prezidentin k\u00f6m\u0259k\u00e7isi h\u0259m\u00e7inin, Suriyadak\u0131 terror t\u0259\u015fkilatlar\u0131na qar\u015f\u0131 m\u00fcbariz\u0259 m\u0259s\u0259l\u0259sin\u0259 d\u0259 ayd\u0131nl\u0131q g\u0259tirib: \u201cF\u0259rata bu g\u00fcn gir\u0259 bil\u0259c\u0259k \u015f\u0259kild\u0259 haz\u0131r\u0131q. T\u00fcrkiy\u0259y\u0259 qar\u015f\u0131 t\u0259hl\u00fck\u0259sizlik t\u0259hdidi yarada bil\u0259c\u0259k he\u00e7 bir \u015fey\u0259 icaz\u0259 ver\u0259&hellip;<\/p>\n","protected":false},"author":2,"featured_media":43828,"comment_status":"closed","ping_status":"closed","sticky":false,"template":"","format":"standard","meta":{"om_disable_all_campaigns":false,"_monsterinsights_skip_tracking":false,"_monsterinsights_sitenote_active":false,"_monsterinsights_sitenote_note":"","_monsterinsights_sitenote_category":0},"categories":[7],"tags":[],"aioseo_notices":[],"gutentor_comment":0,"rttpg_featured_image_url":{"full":["https:\/\/arantv.az\/wp-content\/uploads\/2019\/03\/1_41551953372.jpg",649,365,false],"landscape":["https:\/\/arantv.az\/wp-content\/uploads\/2019\/03\/1_41551953372.jpg",649,365,false],"portraits":["https:\/\/arantv.az\/wp-content\/uploads\/2019\/03\/1_41551953372.jpg",649,365,false],"thumbnail":["https:\/\/arantv.az\/wp-content\/uploads\/2019\/03\/1_41551953372-150x150.jpg",150,150,true],"medium":["https:\/\/arantv.az\/wp-content\/uploads\/2019\/03\/1_41551953372-300x169.jpg",300,169,true],"large":["https:\/\/arantv.az\/wp-content\/uploads\/2019\/03\/1_41551953372.jpg",640,360,false],"1536x1536":["https:\/\/arantv.az\/wp-content\/uploads\/2019\/03\/1_41551953372.jpg",649,365,false],"2048x2048":["https:\/\/arantv.az\/wp-content\/uploads\/2019\/03\/1_41551953372.jpg",649,365,false],"post-thumbnail":["https:\/\/arantv.az\/wp-content\/uploads\/2019\/03\/1_41551953372-240x172.jpg",240,172,true],"advps-thumb-one":["https:\/\/arantv.az\/wp-content\/uploads\/2019\/03\/1_41551953372.jpg",649,365,false]},"rttpg_author":{"display_name":"V\u00fcsal Rafiqo\u011flu","author_link":"https:\/\/arantv.az\/?author=2"},"rttpg_comment":0,"rttpg_category":"<a href=\"https:\/\/arantv.az\/?cat=7\" rel=\"category\">D\u00fcnya<\/a>","rttpg_excerpt":"T\u00fcrkiy\u0259 prezidenti R\u0259c\u0259b Tayyib \u018frdo\u011fan\u0131n k\u00f6m\u0259k\u00e7isi Fuad Oqtay \u00f6lk\u0259sinin diplomatik g\u00fcnd\u0259mi il\u0259 ba\u011fl\u0131 Anadolu Agentliyin\u0259 m\u00fcsahib\u0259 verib. ARANTV.AZ\u00a0publika.az-a istinad\u0259n x\u0259b\u0259r verir ki, Oqtay AB\u015e-la T\u00fcrkiy\u0259 aras\u0131nda S-400 zenit raket kompleksi al\u0131nmas\u0131na g\u00f6r\u0259 ya\u015fanan g\u0259rginlikd\u0259n sonra Va\u015finqtondan g\u0259l\u0259n t\u0259hdidl\u0259ri cavabland\u0131r\u0131b. O bildirib ki, T\u00fcrkiy\u0259 S-400 sisteml\u0259rini Rusiyadan bu ilin iyun ay\u0131nda t\u0259hvil alacaq. T\u00fcrkiy\u0259 bu raz\u0131la\u015fmadan&hellip;","_links":{"self":[{"href":"https:\/\/arantv.az\/index.php?rest_route=\/wp\/v2\/posts\/43827"}],"collection":[{"href":"https:\/\/arantv.az\/index.php?rest_route=\/wp\/v2\/posts"}],"about":[{"href":"https:\/\/arantv.az\/index.php?rest_route=\/wp\/v2\/types\/post"}],"author":[{"embeddable":true,"href":"https:\/\/arantv.az\/index.php?rest_route=\/wp\/v2\/users\/2"}],"replies":[{"embeddable":true,"href":"https:\/\/arantv.az\/index.php?rest_route=%2Fwp%2Fv2%2Fcomments&post=43827"}],"version-history":[{"count":0,"href":"https:\/\/arantv.az\/index.php?rest_route=\/wp\/v2\/posts\/43827\/revisions"}],"wp:featuredmedia":[{"embeddable":true,"href":"https:\/\/arantv.az\/index.php?rest_route=\/wp\/v2\/media\/43828"}],"wp:attachment":[{"href":"https:\/\/arantv.az\/index.php?rest_route=%2Fwp%2Fv2%2Fmedia&parent=43827"}],"wp:term":[{"taxonomy":"category","embeddable":true,"href":"https:\/\/arantv.az\/index.php?rest_route=%2Fwp%2Fv2%2Fcategories&post=43827"},{"taxonomy":"post_tag","embeddable":true,"href":"https:\/\/arantv.az\/index.php?rest_route=%2Fwp%2Fv2%2Ftags&post=43827"}],"curies":[{"name":"wp","href":"https:\/\/api.w.org\/{rel}","templated":true}]}}