{"id":438732,"date":"2022-02-14T13:37:55","date_gmt":"2022-02-14T10:37:55","guid":{"rendered":"http:\/\/arantv.az\/?p=438732"},"modified":"2022-02-14T13:37:55","modified_gmt":"2022-02-14T10:37:55","slug":"az%c9%99rbaycana-qrant-ayrilacaq","status":"publish","type":"post","link":"https:\/\/arantv.az\/?p=438732","title":{"rendered":"Az\u0259rbaycana qrant ayr\u0131lacaq"},"content":{"rendered":"<p>Avropa \u0130ttifaq\u0131 (A\u0130) v\u0259 D\u00fcnya Bank\u0131 Az\u0259rbaycana qrant ayr\u0131lmas\u0131 \u00fc\u00e7\u00fcn m\u00fcqavil\u0259 imzalayacaq.<\/p>\n<div class=\"AdviadNativeVideo\"><\/div>\n<p>\u201cReport\u201dun \u0259ld\u0259 etdiyi m\u0259lumata g\u00f6r\u0259,\u00a05,25 milyon\u00a0AB\u015e dollar\u0131 h\u0259cmind\u0259 olan v\u0259sait \u201cAz\u0259rbaycan texniki yard\u0131m al\u0259ti\u201d\u00a0adl\u0131 layih\u0259 \u00e7\u0259r\u00e7iv\u0259sind\u0259 ayr\u0131lacaq.<\/p>\n<p>V\u0259saitin A\u0130 t\u0259r\u0259find\u0259n ayr\u0131laca\u011f\u0131, layih\u0259nin is\u0259 D\u00fcnya Bank\u0131 t\u0259r\u0259find\u0259n icra edil\u0259c\u0259yi deyilir.<\/p>\n<p>Layih\u0259\u00a0\u00fc\u00e7 il m\u00fcdd\u0259tind\u0259 A\u0130-nin Az\u0259rbaycan \u00fc\u00e7\u00fcn m\u00fc\u0259yy\u0259n etdiyi\u00a0d\u00f6rd\u00a0strateji istiqam\u0259t v\u0259\u00a0doqquz\u00a0f\u0259aliyy\u0259t sah\u0259si \u00fczr\u0259 icra edil\u0259c\u0259k.<\/p>\n","protected":false},"excerpt":{"rendered":"<p>Avropa \u0130ttifaq\u0131 (A\u0130) v\u0259 D\u00fcnya Bank\u0131 Az\u0259rbaycana qrant ayr\u0131lmas\u0131 \u00fc\u00e7\u00fcn m\u00fcqavil\u0259 imzalayacaq. \u201cReport\u201dun \u0259ld\u0259 etdiyi m\u0259lumata g\u00f6r\u0259,\u00a05,25 milyon\u00a0AB\u015e dollar\u0131 h\u0259cmind\u0259 olan v\u0259sait \u201cAz\u0259rbaycan texniki yard\u0131m al\u0259ti\u201d\u00a0adl\u0131 layih\u0259 \u00e7\u0259r\u00e7iv\u0259sind\u0259 ayr\u0131lacaq. V\u0259saitin A\u0130 t\u0259r\u0259find\u0259n ayr\u0131laca\u011f\u0131, layih\u0259nin is\u0259 D\u00fcnya Bank\u0131 t\u0259r\u0259find\u0259n icra edil\u0259c\u0259yi deyilir. Layih\u0259\u00a0\u00fc\u00e7 il m\u00fcdd\u0259tind\u0259 A\u0130-nin Az\u0259rbaycan \u00fc\u00e7\u00fcn m\u00fc\u0259yy\u0259n etdiyi\u00a0d\u00f6rd\u00a0strateji istiqam\u0259t v\u0259\u00a0doqquz\u00a0f\u0259aliyy\u0259t sah\u0259si \u00fczr\u0259 icra edil\u0259c\u0259k.<\/p>\n","protected":false},"author":2,"featured_media":438733,"comment_status":"closed","ping_status":"closed","sticky":false,"template":"","format":"standard","meta":{"om_disable_all_campaigns":false,"_monsterinsights_skip_tracking":false,"_monsterinsights_sitenote_active":false,"_monsterinsights_sitenote_note":"","_monsterinsights_sitenote_category":0},"categories":[1],"tags":[],"aioseo_notices":[],"gutentor_comment":0,"rttpg_featured_image_url":{"full":["https:\/\/arantv.az\/wp-content\/uploads\/2022\/02\/FotoJet-31-3.jpg",620,413,false],"landscape":["https:\/\/arantv.az\/wp-content\/uploads\/2022\/02\/FotoJet-31-3.jpg",620,413,false],"portraits":["https:\/\/arantv.az\/wp-content\/uploads\/2022\/02\/FotoJet-31-3.jpg",620,413,false],"thumbnail":["https:\/\/arantv.az\/wp-content\/uploads\/2022\/02\/FotoJet-31-3-500x280.jpg",500,280,true],"medium":["https:\/\/arantv.az\/wp-content\/uploads\/2022\/02\/FotoJet-31-3-548x365.jpg",548,365,true],"large":["https:\/\/arantv.az\/wp-content\/uploads\/2022\/02\/FotoJet-31-3.jpg",620,413,false],"1536x1536":["https:\/\/arantv.az\/wp-content\/uploads\/2022\/02\/FotoJet-31-3.jpg",620,413,false],"2048x2048":["https:\/\/arantv.az\/wp-content\/uploads\/2022\/02\/FotoJet-31-3.jpg",620,413,false],"post-thumbnail":["https:\/\/arantv.az\/wp-content\/uploads\/2022\/02\/FotoJet-31-3-240x172.jpg",240,172,true],"advps-thumb-one":["https:\/\/arantv.az\/wp-content\/uploads\/2022\/02\/FotoJet-31-3.jpg",620,413,false]},"rttpg_author":{"display_name":"V\u00fcsal Rafiqo\u011flu","author_link":"https:\/\/arantv.az\/?author=2"},"rttpg_comment":0,"rttpg_category":"<a href=\"https:\/\/arantv.az\/?cat=1\" rel=\"category\">C\u0259miyy\u0259t<\/a>","rttpg_excerpt":"Avropa \u0130ttifaq\u0131 (A\u0130) v\u0259 D\u00fcnya Bank\u0131 Az\u0259rbaycana qrant ayr\u0131lmas\u0131 \u00fc\u00e7\u00fcn m\u00fcqavil\u0259 imzalayacaq. \u201cReport\u201dun \u0259ld\u0259 etdiyi m\u0259lumata g\u00f6r\u0259,\u00a05,25 milyon\u00a0AB\u015e dollar\u0131 h\u0259cmind\u0259 olan v\u0259sait \u201cAz\u0259rbaycan texniki yard\u0131m al\u0259ti\u201d\u00a0adl\u0131 layih\u0259 \u00e7\u0259r\u00e7iv\u0259sind\u0259 ayr\u0131lacaq. V\u0259saitin A\u0130 t\u0259r\u0259find\u0259n ayr\u0131laca\u011f\u0131, layih\u0259nin is\u0259 D\u00fcnya Bank\u0131 t\u0259r\u0259find\u0259n icra edil\u0259c\u0259yi deyilir. Layih\u0259\u00a0\u00fc\u00e7 il m\u00fcdd\u0259tind\u0259 A\u0130-nin Az\u0259rbaycan \u00fc\u00e7\u00fcn m\u00fc\u0259yy\u0259n etdiyi\u00a0d\u00f6rd\u00a0strateji istiqam\u0259t v\u0259\u00a0doqquz\u00a0f\u0259aliyy\u0259t sah\u0259si \u00fczr\u0259 icra edil\u0259c\u0259k.","_links":{"self":[{"href":"https:\/\/arantv.az\/index.php?rest_route=\/wp\/v2\/posts\/438732"}],"collection":[{"href":"https:\/\/arantv.az\/index.php?rest_route=\/wp\/v2\/posts"}],"about":[{"href":"https:\/\/arantv.az\/index.php?rest_route=\/wp\/v2\/types\/post"}],"author":[{"embeddable":true,"href":"https:\/\/arantv.az\/index.php?rest_route=\/wp\/v2\/users\/2"}],"replies":[{"embeddable":true,"href":"https:\/\/arantv.az\/index.php?rest_route=%2Fwp%2Fv2%2Fcomments&post=438732"}],"version-history":[{"count":0,"href":"https:\/\/arantv.az\/index.php?rest_route=\/wp\/v2\/posts\/438732\/revisions"}],"wp:featuredmedia":[{"embeddable":true,"href":"https:\/\/arantv.az\/index.php?rest_route=\/wp\/v2\/media\/438733"}],"wp:attachment":[{"href":"https:\/\/arantv.az\/index.php?rest_route=%2Fwp%2Fv2%2Fmedia&parent=438732"}],"wp:term":[{"taxonomy":"category","embeddable":true,"href":"https:\/\/arantv.az\/index.php?rest_route=%2Fwp%2Fv2%2Fcategories&post=438732"},{"taxonomy":"post_tag","embeddable":true,"href":"https:\/\/arantv.az\/index.php?rest_route=%2Fwp%2Fv2%2Ftags&post=438732"}],"curies":[{"name":"wp","href":"https:\/\/api.w.org\/{rel}","templated":true}]}}