{"id":438824,"date":"2022-02-14T15:52:15","date_gmt":"2022-02-14T12:52:15","guid":{"rendered":"http:\/\/arantv.az\/?p=438824"},"modified":"2022-02-14T15:52:15","modified_gmt":"2022-02-14T12:52:15","slug":"baydenin-fevralin-16-da-muharib%c9%99-baslayacaq-x%c9%99b%c9%99rdarligi-putin-soyqu-il%c9%99-lavrova-t%c9%99limatlar-ver%c9%99c%c9%99k-s%c9%99rh","status":"publish","type":"post","link":"https:\/\/arantv.az\/?p=438824","title":{"rendered":"Baydenin \u201cfevral\u0131n 16-da m\u00fcharib\u0259 ba\u015flayacaq\u201d x\u0259b\u0259rdarl\u0131\u011f\u0131: Putin \u015eoyqu il\u0259 Lavrova t\u0259limatlar ver\u0259c\u0259k \u2013 \u015e\u018fRH"},"content":{"rendered":"<p>Bu g\u00fcn Kremlin divarlar\u0131 n\u00f6vb\u0259ti dan\u0131\u015f\u0131qlara \u015fahidlik ed\u0259c\u0259k. Amma bu dan\u0131\u015f\u0131qlar hans\u0131sa xarici \u00f6lk\u0259 n\u00fcmay\u0259nd\u0259si il\u0259 apar\u0131lan m\u00fczakir\u0259l\u0259r deyil, Rusiya Prezidenti Vladimir Putinin xarici i\u015fl\u0259r naziri Sergey Lavrov v\u0259 m\u00fcdafi\u0259 naziri Sergey \u015eoyquya t\u0259limatlar\u0131 olacaq.<\/p>\n<p>Ukrayna m\u00fcnaqi\u015f\u0259sinin Rusiyada yaratd\u0131\u011f\u0131 q\u0259z\u0259bin cizgil\u0259ri getdikc\u0259 s\u0259rt xarakter al\u0131r, h\u0259r\u00e7\u0259nd ki, Kreml Ukraynaya h\u0259rbi m\u00fcdaxil\u0259 etm\u0259y\u0259c\u0259yini bildirir.<\/p>\n<div class=\"AdviadNativeVideo\"><\/div>\n<p>Ancaq NATO \u201cMoskvan\u0131n g\u00f6z ya\u015flar\u0131na\u201d inanm\u0131r v\u0259 Ukraynada silahlar\u0131n i\u015f\u0259 d\u00fc\u015f\u0259c\u0259yi fikirl\u0259rini s\u00fcr\u0259tl\u0259 tirajlay\u0131r.<\/p>\n<p>Putinin Lavrov v\u0259 \u015eoyqu il\u0259 g\u00f6r\u00fc\u015f\u00fc iki versiya \u0259traf\u0131nda fikirl\u0259ri g\u00fccl\u0259ndirir:<\/p>\n<p>1. M\u00fcharib\u0259 ssenarisi masadad\u0131r, \u015eoyqu son h\u0259rbi haz\u0131rl\u0131qlar bar\u0259d\u0259 Putini m\u0259lumatland\u0131racaq. M\u00fcharib\u0259 olaca\u011f\u0131 t\u0259qdird\u0259 Lavrovun diplomatik m\u0259har\u0259tinin i\u015f\u0259 d\u00fc\u015fm\u0259sini t\u0259l\u0259b ed\u0259c\u0259k,<\/p>\n<p>2. M\u00fcharib\u0259 bu g\u00fcnl\u0259rd\u0259 ba\u015flamasa bel\u0259, Putin NATO-nu \u00e7\u0259kindirm\u0259k \u00fc\u00e7\u00fcn s\u0259yl\u0259rin davam etdirilm\u0259sini tap\u015f\u0131racaq.<\/p>\n<p>N\u0259z\u0259r\u0259 almaq laz\u0131md\u0131r ki, bundan \u0259vv\u0259l Q\u0259rb m\u0259tbuat\u0131nda AB\u015e Prezidenti Cozef Baydenin fevral\u0131n 16-da m\u00fcharib\u0259 ba\u015flayaca\u011f\u0131 bar\u0259d\u0259 x\u0259b\u0259rdarl\u0131q etdiyi yaz\u0131l\u0131b.<\/p>\n<p>Bu informasiya fonunda bir \u00e7ox \u00f6lk\u0259 Kiyevd\u0259ki diplomatlar\u0131n\u0131 geri \u00e7a\u011f\u0131rd\u0131, v\u0259t\u0259nda\u015flar\u0131na Ukraynan\u0131 t\u0259rk etm\u0259k bar\u0259d\u0259 t\u00f6vsiy\u0259l\u0259r verdi.<\/p>\n<p>Kiyevin bel\u0259 s\u00fcr\u0259tl\u0259 bo\u015falmas\u0131 is\u0259 Kremld\u0259 dig\u0259r bir plan\u0131n oldu\u011funu d\u00fc\u015f\u00fcnm\u0259y\u0259 \u0259sas verir.<\/p>\n<p>Bu n\u0259dir? B\u00f6y\u00fck ehtimal ki, Rusiya Kiyevd\u0259 xaos yarad\u0131b hakimiyy\u0259t \u00e7evrili\u015fin\u0259 nail olmaq ist\u0259yir. Bu, Rusiya \u00fc\u00e7\u00fcn m\u00fcharib\u0259d\u0259n daha s\u0259rf\u0259li variantd\u0131r.<\/p>\n<p>Evakuasiyan\u0131 m\u00fcharib\u0259 kontekstind\u0259 d\u0259y\u0259rl\u0259ndir\u0259nd\u0259 is\u0259, Rusiyan\u0131n Kiyev\u0259 raketl\u0259r tu\u015flad\u0131\u011f\u0131n\u0131 g\u00f6rm\u0259k olar.<\/p>\n<p>Y\u0259qin ki, Rusiya ordusunu Kiyev\u0259 yeritm\u0259kl\u0259 h\u0259rbi \u00e7evrili\u015f etm\u0259k niyy\u0259tind\u0259dir.<\/p>\n<p>Putinin Lavrov v\u0259 \u015eoyqu il\u0259 g\u00f6r\u00fc\u015f\u00fc qar\u0131\u015f\u0131q situasiya d\u00f6vr\u00fcn\u0259 t\u0259sad\u00fcf edir, indi Ukrayna \u0259traf\u0131nda v\u0259ziyy\u0259t o q\u0259d\u0259r ziddiyy\u0259tli hal al\u0131b ki, m\u00fcmk\u00fcn gedi\u015fatlar\u0131 \u201coxumaq\u201d \u00e7\u0259tinl\u0259\u015fib.<\/p>\n","protected":false},"excerpt":{"rendered":"<p>Bu g\u00fcn Kremlin divarlar\u0131 n\u00f6vb\u0259ti dan\u0131\u015f\u0131qlara \u015fahidlik ed\u0259c\u0259k. Amma bu dan\u0131\u015f\u0131qlar hans\u0131sa xarici \u00f6lk\u0259 n\u00fcmay\u0259nd\u0259si il\u0259 apar\u0131lan m\u00fczakir\u0259l\u0259r deyil, Rusiya Prezidenti Vladimir Putinin xarici i\u015fl\u0259r naziri Sergey Lavrov v\u0259 m\u00fcdafi\u0259 naziri Sergey \u015eoyquya t\u0259limatlar\u0131 olacaq. Ukrayna m\u00fcnaqi\u015f\u0259sinin Rusiyada yaratd\u0131\u011f\u0131 q\u0259z\u0259bin cizgil\u0259ri getdikc\u0259 s\u0259rt xarakter al\u0131r, h\u0259r\u00e7\u0259nd ki, Kreml Ukraynaya h\u0259rbi m\u00fcdaxil\u0259 etm\u0259y\u0259c\u0259yini bildirir. Ancaq NATO \u201cMoskvan\u0131n g\u00f6z ya\u015flar\u0131na\u201d inanm\u0131r v\u0259 Ukraynada silahlar\u0131n i\u015f\u0259 d\u00fc\u015f\u0259c\u0259yi fikirl\u0259rini s\u00fcr\u0259tl\u0259 tirajlay\u0131r. Putinin Lavrov v\u0259 \u015eoyqu il\u0259 g\u00f6r\u00fc\u015f\u00fc iki versiya \u0259traf\u0131nda fikirl\u0259ri g\u00fccl\u0259ndirir: 1. M\u00fcharib\u0259 ssenarisi masadad\u0131r, \u015eoyqu son h\u0259rbi haz\u0131rl\u0131qlar bar\u0259d\u0259 Putini m\u0259lumatland\u0131racaq. M\u00fcharib\u0259&hellip;<\/p>\n","protected":false},"author":2,"featured_media":438825,"comment_status":"closed","ping_status":"closed","sticky":false,"template":"","format":"standard","meta":{"om_disable_all_campaigns":false,"_monsterinsights_skip_tracking":false,"_monsterinsights_sitenote_active":false,"_monsterinsights_sitenote_note":"","_monsterinsights_sitenote_category":0},"categories":[4],"tags":[],"aioseo_notices":[],"gutentor_comment":0,"rttpg_featured_image_url":{"full":["https:\/\/arantv.az\/wp-content\/uploads\/2022\/02\/FotoJet-2-5.jpg",620,413,false],"landscape":["https:\/\/arantv.az\/wp-content\/uploads\/2022\/02\/FotoJet-2-5.jpg",620,413,false],"portraits":["https:\/\/arantv.az\/wp-content\/uploads\/2022\/02\/FotoJet-2-5.jpg",620,413,false],"thumbnail":["https:\/\/arantv.az\/wp-content\/uploads\/2022\/02\/FotoJet-2-5-500x280.jpg",500,280,true],"medium":["https:\/\/arantv.az\/wp-content\/uploads\/2022\/02\/FotoJet-2-5-548x365.jpg",548,365,true],"large":["https:\/\/arantv.az\/wp-content\/uploads\/2022\/02\/FotoJet-2-5.jpg",620,413,false],"1536x1536":["https:\/\/arantv.az\/wp-content\/uploads\/2022\/02\/FotoJet-2-5.jpg",620,413,false],"2048x2048":["https:\/\/arantv.az\/wp-content\/uploads\/2022\/02\/FotoJet-2-5.jpg",620,413,false],"post-thumbnail":["https:\/\/arantv.az\/wp-content\/uploads\/2022\/02\/FotoJet-2-5-240x172.jpg",240,172,true],"advps-thumb-one":["https:\/\/arantv.az\/wp-content\/uploads\/2022\/02\/FotoJet-2-5.jpg",620,413,false]},"rttpg_author":{"display_name":"V\u00fcsal Rafiqo\u011flu","author_link":"https:\/\/arantv.az\/?author=2"},"rttpg_comment":0,"rttpg_category":"<a href=\"https:\/\/arantv.az\/?cat=4\" rel=\"category\">Siyas\u0259t<\/a>","rttpg_excerpt":"Bu g\u00fcn Kremlin divarlar\u0131 n\u00f6vb\u0259ti dan\u0131\u015f\u0131qlara \u015fahidlik ed\u0259c\u0259k. Amma bu dan\u0131\u015f\u0131qlar hans\u0131sa xarici \u00f6lk\u0259 n\u00fcmay\u0259nd\u0259si il\u0259 apar\u0131lan m\u00fczakir\u0259l\u0259r deyil, Rusiya Prezidenti Vladimir Putinin xarici i\u015fl\u0259r naziri Sergey Lavrov v\u0259 m\u00fcdafi\u0259 naziri Sergey \u015eoyquya t\u0259limatlar\u0131 olacaq. Ukrayna m\u00fcnaqi\u015f\u0259sinin Rusiyada yaratd\u0131\u011f\u0131 q\u0259z\u0259bin cizgil\u0259ri getdikc\u0259 s\u0259rt xarakter al\u0131r, h\u0259r\u00e7\u0259nd ki, Kreml Ukraynaya h\u0259rbi m\u00fcdaxil\u0259 etm\u0259y\u0259c\u0259yini bildirir. Ancaq NATO&hellip;","_links":{"self":[{"href":"https:\/\/arantv.az\/index.php?rest_route=\/wp\/v2\/posts\/438824"}],"collection":[{"href":"https:\/\/arantv.az\/index.php?rest_route=\/wp\/v2\/posts"}],"about":[{"href":"https:\/\/arantv.az\/index.php?rest_route=\/wp\/v2\/types\/post"}],"author":[{"embeddable":true,"href":"https:\/\/arantv.az\/index.php?rest_route=\/wp\/v2\/users\/2"}],"replies":[{"embeddable":true,"href":"https:\/\/arantv.az\/index.php?rest_route=%2Fwp%2Fv2%2Fcomments&post=438824"}],"version-history":[{"count":0,"href":"https:\/\/arantv.az\/index.php?rest_route=\/wp\/v2\/posts\/438824\/revisions"}],"wp:featuredmedia":[{"embeddable":true,"href":"https:\/\/arantv.az\/index.php?rest_route=\/wp\/v2\/media\/438825"}],"wp:attachment":[{"href":"https:\/\/arantv.az\/index.php?rest_route=%2Fwp%2Fv2%2Fmedia&parent=438824"}],"wp:term":[{"taxonomy":"category","embeddable":true,"href":"https:\/\/arantv.az\/index.php?rest_route=%2Fwp%2Fv2%2Fcategories&post=438824"},{"taxonomy":"post_tag","embeddable":true,"href":"https:\/\/arantv.az\/index.php?rest_route=%2Fwp%2Fv2%2Ftags&post=438824"}],"curies":[{"name":"wp","href":"https:\/\/api.w.org\/{rel}","templated":true}]}}