{"id":438842,"date":"2022-02-14T15:56:27","date_gmt":"2022-02-14T12:56:27","guid":{"rendered":"http:\/\/arantv.az\/?p=438842"},"modified":"2022-02-14T15:56:27","modified_gmt":"2022-02-14T12:56:27","slug":"xarici-sirk%c9%99tl%c9%99r-az%c9%99rbaycanin-ugurlu-g%c9%99l%c9%99c%c9%99yin%c9%99-inanirlar","status":"publish","type":"post","link":"https:\/\/arantv.az\/?p=438842","title":{"rendered":"Xarici \u015firk\u0259tl\u0259r Az\u0259rbaycan\u0131n u\u011furlu g\u0259l\u0259c\u0259yin\u0259 inan\u0131rlar"},"content":{"rendered":"<p>Bu il fevral\u0131n 11-d\u0259 Az\u0259rbaycan Respublikas\u0131n\u0131n Prezidenti \u0130lham \u018fliyev \u00f6lk\u0259mizin enerli sah\u0259sind\u0259 qazand\u0131\u011f\u0131 n\u00f6vb\u0259ti u\u011fura imza ataraq &#8220;Qobu&#8221; Enerji Qov\u015fa\u011f\u0131n\u0131n &#8211; y\u00fck\u00f6t\u00fcrm\u0259 g\u00fcc\u00fc 1000 meqavat olan 330\/220\/110 kilovoltluq &#8220;Qobu&#8221; yar\u0131mstansiyas\u0131n\u0131n v\u0259 385 meqavatl\u0131q &#8220;Qobu&#8221; Elektrik Stansiyas\u0131n\u0131n a\u00e7\u0131l\u0131\u015f\u0131nda i\u015ftirak edib. Qov\u015fa\u011f\u0131n texniki g\u00f6st\u0259ricil\u0259ri il\u0259 yax\u0131ndan tan\u0131\u015fl\u0131qdan sonra \u00f6lk\u0259 ba\u015f\u00e7\u0131s\u0131 h\u0259m d\u0259 Az\u0259rbaycan D\u00f6vl\u0259t \u0130nformasiya Agentliyin\u0259 &#8211; AZ\u018fRTAC-a m\u00fcsahib\u0259 verdi.<br \/>\nQeyd edilm\u0259lidir ki, Az\u0259rbaycan\u0131n enerji \u00f6lk\u0259si kimi \u0259h\u0259miyy\u0259ti getdikc\u0259 art\u0131r. X\u00fcsusil\u0259 son ill\u0259rd\u0259 Avrasiya m\u0259kan\u0131nda ba\u015f ver\u0259n bir s\u0131ra geosiyasi prosesl\u0259r, enerji amilinin siyasi hadis\u0259l\u0259r\u0259 t\u0259siri Avropa d\u00f6vl\u0259tl\u0259rini yeni enerji m\u0259nb\u0259l\u0259rini t\u0259min etm\u0259y\u0259 s\u00f6vq etdi. Avropa g\u0259l\u0259c\u0259kd\u0259 enerji t\u0259hl\u00fck\u0259sizliyinin t\u0259min edilm\u0259sind\u0259 v\u0259 alternativ m\u0259nb\u0259l\u0259r\u0259 \u00e7\u0131x\u0131\u015fda \u00f6lk\u0259mizin \u0259h\u0259miyy\u0259tini qiym\u0259tl\u0259ndirm\u0259y\u0259 bilm\u0259zdi. M\u0259hz buna g\u00f6r\u0259 bu g\u00fcn Avropa d\u00f6vl\u0259tl\u0259rinin bir \u00e7oxu alternativ enerji t\u0259minat\u00e7\u0131s\u0131 kimi \u00fcz\u00fcn\u00fc \u00f6lk\u0259miz\u0259 \u00e7evirib. \u00c7\u00fcnki Az\u0259rbaycan h\u0259m d\u0259 sabit v\u0259 etibarl\u0131 imici il\u0259 diqq\u0259t \u00e7\u0259kir.<br \/>\n&#8220;Qobu&#8221; Enerji Qov\u015fa\u011f\u0131 son ill\u0259r \u0259rzind\u0259 in\u015fa edil\u0259n \u0259n b\u00f6y\u00fck enerji obyektl\u0259rind\u0259n biridir. N\u0259z\u0259r\u0259 alsaq ki, h\u0259ft\u0259nin \u0259vv\u0259lind\u0259 &#8220;Ya\u015fma&#8221; yar\u0131mstansiyas\u0131 i\u015f\u0259 sal\u0131nd\u0131, h\u0259r k\u0259s g\u00f6r\u0259 bil\u0259r, c\u0259mi bir h\u0259ft\u0259 \u0259rzind\u0259 Az\u0259rbaycanda enerji sah\u0259sind\u0259 n\u0259 q\u0259d\u0259r b\u00f6y\u00fck i\u015fl\u0259r g\u00f6r\u00fcl\u00fcb. \u018flb\u0259tt\u0259, bu n\u0259h\u0259ng enerji obyektl\u0259rinin in\u015fas\u0131 zaman t\u0259l\u0259b edirdi. Ancaq \u0259n q\u0131sa m\u00fcmk\u00fcn vaxt k\u0259siyind\u0259 bel\u0259 n\u0259h\u0259ng enerji obyektl\u0259rinin in\u015fa edilm\u0259si bizim g\u00fccl\u00fc imkanlar\u0131m\u0131zdan\u00a0<a title=\"xeberler son xeberler 2021\" href=\"https:\/\/big.az\/\" target=\"_blank\" rel=\"noopener\">x\u0259b\u0259r<\/a>\u00a0verir&#8221;. Prezident \u0130lham \u018fliyev bu fikirl\u0259ri &#8220;Qobu&#8221; Enerji Qov\u015fa\u011f\u0131n\u0131n a\u00e7\u0131l\u0131\u015f m\u0259rasimind\u0259n sonra AZ\u018fRTAC-a m\u00fcsahib\u0259sind\u0259 s\u00f6yl\u0259yib. Prezident bildirib ki, bu geni\u015fmiqyasl\u0131 n\u0259h\u0259ng layih\u0259l\u0259rin icras\u0131nda ancaq Az\u0259rbaycan \u015firk\u0259tl\u0259ri, Az\u0259rbaycan m\u00fct\u0259x\u0259ssisl\u0259ri, f\u0259hl\u0259l\u0259ri i\u015ftirak edibl\u0259r. Y\u0259ni, bu, onu g\u00f6st\u0259rir ki, bizim \u00e7ox g\u00fccl\u00fc texniki potensial\u0131m\u0131z, kadr potensial\u0131m\u0131z vard\u0131r.<br \/>\nD\u00f6vl\u0259timizin ba\u015f\u00e7\u0131s\u0131 AZ\u018fRTAC-a m\u00fcsahib\u0259sind\u0259 h\u0259m d\u0259 bildirib ki, bu g\u00fcn b\u0259rpaolunan enerji n\u00f6vl\u0259rinin tam i\u015f\u0259 sal\u0131nmas\u0131 istiqam\u0259tind\u0259 \u00e7ox ciddi i\u015f gedir v\u0259 bu i\u015fin n\u0259tic\u0259l\u0259rini g\u00f6r\u00fcr\u00fck. Xarici firmalar, b\u00f6y\u00fck \u015firk\u0259tl\u0259r bu sah\u0259y\u0259 investisiya qoyurlar. Az\u0259rbaycan Prezidenti &#8220;ACWA Power&#8221; \u015firk\u0259tinin \u00f6lk\u0259mizd\u0259 240 meqavatl\u0131q k\u00fcl\u0259k elektrik stansiyas\u0131n\u0131n tikintisin ba\u015flad\u0131\u011f\u0131n\u0131, BP v\u0259 Birl\u0259\u015fmi\u015f \u018fr\u0259b \u018fmirlikl\u0259rinin Mazdar \u015firk\u0259tl\u0259ri il\u0259 g\u00fcn\u0259\u015f elektrik stansiyalar\u0131n\u0131n in\u015fas\u0131na dair dan\u0131\u015f\u0131qlar apar\u0131ld\u0131\u011f\u0131n\u0131 diqq\u0259t\u0259 \u00e7atd\u0131r\u0131b. Azad edilmi\u015f torpaqlarda su, g\u00fcn\u0259\u015f v\u0259 k\u00fcl\u0259k enerjisi bax\u0131m\u0131ndan b\u00f6y\u00fck potensial oldu\u011funu bildir\u0259n Prezident \u0130lham \u018fliyev yerli v\u0259 xarici investorlar\u0131 bu sah\u0259y\u0259 s\u0259rmay\u0259 qoyma\u011fa d\u0259v\u0259t edib. Qeyd olunub ki, K\u0259lb\u0259c\u0259r-La\u00e7\u0131n zonas\u0131nda v\u0259 azad olunmu\u015f dig\u0259r torpaqlarda 9 min meqavatdan \u00e7ox t\u0259sdiql\u0259nmi\u015f enerji potensial\u0131 var. B\u00fct\u00f6vl\u00fckd\u0259, son ill\u0259rd\u0259 respublikam\u0131zda elektrik enerjisi infrastrukturuna b\u00f6y\u00fck h\u0259cmd\u0259 s\u0259rmay\u0259l\u0259r yat\u0131r\u0131l\u0131b. B\u00fct\u00fcn bunlar onu g\u00f6st\u0259rir ki, Az\u0259rbaycan h\u0259m d\u0259 enerji ke\u00e7idi il\u0259 ba\u011fl\u0131 qlobal \u00e7a\u011f\u0131r\u0131\u015flar\u0131n u\u011furla realla\u015fd\u0131\u011f\u0131 \u00f6lk\u0259l\u0259rd\u0259ndir v\u0259 bundan sonra da u\u011furlar\u0131 daha \u00e7ox olacaq.<\/p>\n<div class=\"AdviadNativeVideo\"><\/div>\n<p>\u0130srafil K\u0259rimov \u2013 Az\u0259rbaycan Jurnalistl\u0259r Birliyinin \u00fczv\u00fc<\/p>\n","protected":false},"excerpt":{"rendered":"<p>Bu il fevral\u0131n 11-d\u0259 Az\u0259rbaycan Respublikas\u0131n\u0131n Prezidenti \u0130lham \u018fliyev \u00f6lk\u0259mizin enerli sah\u0259sind\u0259 qazand\u0131\u011f\u0131 n\u00f6vb\u0259ti u\u011fura imza ataraq &#8220;Qobu&#8221; Enerji Qov\u015fa\u011f\u0131n\u0131n &#8211; y\u00fck\u00f6t\u00fcrm\u0259 g\u00fcc\u00fc 1000 meqavat olan 330\/220\/110 kilovoltluq &#8220;Qobu&#8221; yar\u0131mstansiyas\u0131n\u0131n v\u0259 385 meqavatl\u0131q &#8220;Qobu&#8221; Elektrik Stansiyas\u0131n\u0131n a\u00e7\u0131l\u0131\u015f\u0131nda i\u015ftirak edib. Qov\u015fa\u011f\u0131n texniki g\u00f6st\u0259ricil\u0259ri il\u0259 yax\u0131ndan tan\u0131\u015fl\u0131qdan sonra \u00f6lk\u0259 ba\u015f\u00e7\u0131s\u0131 h\u0259m d\u0259 Az\u0259rbaycan D\u00f6vl\u0259t \u0130nformasiya Agentliyin\u0259 &#8211; AZ\u018fRTAC-a m\u00fcsahib\u0259 verdi. Qeyd edilm\u0259lidir ki, Az\u0259rbaycan\u0131n enerji \u00f6lk\u0259si kimi \u0259h\u0259miyy\u0259ti getdikc\u0259 art\u0131r. X\u00fcsusil\u0259 son ill\u0259rd\u0259 Avrasiya m\u0259kan\u0131nda ba\u015f ver\u0259n bir s\u0131ra geosiyasi prosesl\u0259r, enerji amilinin siyasi hadis\u0259l\u0259r\u0259 t\u0259siri Avropa d\u00f6vl\u0259tl\u0259rini yeni enerji m\u0259nb\u0259l\u0259rini t\u0259min&hellip;<\/p>\n","protected":false},"author":2,"featured_media":438843,"comment_status":"closed","ping_status":"closed","sticky":false,"template":"","format":"standard","meta":{"om_disable_all_campaigns":false,"_monsterinsights_skip_tracking":false,"_monsterinsights_sitenote_active":false,"_monsterinsights_sitenote_note":"","_monsterinsights_sitenote_category":0},"categories":[4],"tags":[],"aioseo_notices":[],"gutentor_comment":0,"rttpg_featured_image_url":{"full":["https:\/\/arantv.az\/wp-content\/uploads\/2022\/02\/ilham2_51644831759.jpg",649,427,false],"landscape":["https:\/\/arantv.az\/wp-content\/uploads\/2022\/02\/ilham2_51644831759.jpg",649,427,false],"portraits":["https:\/\/arantv.az\/wp-content\/uploads\/2022\/02\/ilham2_51644831759.jpg",649,427,false],"thumbnail":["https:\/\/arantv.az\/wp-content\/uploads\/2022\/02\/ilham2_51644831759-500x280.jpg",500,280,true],"medium":["https:\/\/arantv.az\/wp-content\/uploads\/2022\/02\/ilham2_51644831759-555x365.jpg",555,365,true],"large":["https:\/\/arantv.az\/wp-content\/uploads\/2022\/02\/ilham2_51644831759.jpg",640,421,false],"1536x1536":["https:\/\/arantv.az\/wp-content\/uploads\/2022\/02\/ilham2_51644831759.jpg",649,427,false],"2048x2048":["https:\/\/arantv.az\/wp-content\/uploads\/2022\/02\/ilham2_51644831759.jpg",649,427,false],"post-thumbnail":["https:\/\/arantv.az\/wp-content\/uploads\/2022\/02\/ilham2_51644831759-240x172.jpg",240,172,true],"advps-thumb-one":["https:\/\/arantv.az\/wp-content\/uploads\/2022\/02\/ilham2_51644831759.jpg",649,427,false]},"rttpg_author":{"display_name":"V\u00fcsal Rafiqo\u011flu","author_link":"https:\/\/arantv.az\/?author=2"},"rttpg_comment":0,"rttpg_category":"<a href=\"https:\/\/arantv.az\/?cat=4\" rel=\"category\">Siyas\u0259t<\/a>","rttpg_excerpt":"Bu il fevral\u0131n 11-d\u0259 Az\u0259rbaycan Respublikas\u0131n\u0131n Prezidenti \u0130lham \u018fliyev \u00f6lk\u0259mizin enerli sah\u0259sind\u0259 qazand\u0131\u011f\u0131 n\u00f6vb\u0259ti u\u011fura imza ataraq &#8220;Qobu&#8221; Enerji Qov\u015fa\u011f\u0131n\u0131n &#8211; y\u00fck\u00f6t\u00fcrm\u0259 g\u00fcc\u00fc 1000 meqavat olan 330\/220\/110 kilovoltluq &#8220;Qobu&#8221; yar\u0131mstansiyas\u0131n\u0131n v\u0259 385 meqavatl\u0131q &#8220;Qobu&#8221; Elektrik Stansiyas\u0131n\u0131n a\u00e7\u0131l\u0131\u015f\u0131nda i\u015ftirak edib. Qov\u015fa\u011f\u0131n texniki g\u00f6st\u0259ricil\u0259ri il\u0259 yax\u0131ndan tan\u0131\u015fl\u0131qdan sonra \u00f6lk\u0259 ba\u015f\u00e7\u0131s\u0131 h\u0259m d\u0259 Az\u0259rbaycan D\u00f6vl\u0259t \u0130nformasiya Agentliyin\u0259 &#8211;&hellip;","_links":{"self":[{"href":"https:\/\/arantv.az\/index.php?rest_route=\/wp\/v2\/posts\/438842"}],"collection":[{"href":"https:\/\/arantv.az\/index.php?rest_route=\/wp\/v2\/posts"}],"about":[{"href":"https:\/\/arantv.az\/index.php?rest_route=\/wp\/v2\/types\/post"}],"author":[{"embeddable":true,"href":"https:\/\/arantv.az\/index.php?rest_route=\/wp\/v2\/users\/2"}],"replies":[{"embeddable":true,"href":"https:\/\/arantv.az\/index.php?rest_route=%2Fwp%2Fv2%2Fcomments&post=438842"}],"version-history":[{"count":0,"href":"https:\/\/arantv.az\/index.php?rest_route=\/wp\/v2\/posts\/438842\/revisions"}],"wp:featuredmedia":[{"embeddable":true,"href":"https:\/\/arantv.az\/index.php?rest_route=\/wp\/v2\/media\/438843"}],"wp:attachment":[{"href":"https:\/\/arantv.az\/index.php?rest_route=%2Fwp%2Fv2%2Fmedia&parent=438842"}],"wp:term":[{"taxonomy":"category","embeddable":true,"href":"https:\/\/arantv.az\/index.php?rest_route=%2Fwp%2Fv2%2Fcategories&post=438842"},{"taxonomy":"post_tag","embeddable":true,"href":"https:\/\/arantv.az\/index.php?rest_route=%2Fwp%2Fv2%2Ftags&post=438842"}],"curies":[{"name":"wp","href":"https:\/\/api.w.org\/{rel}","templated":true}]}}