{"id":438845,"date":"2022-02-14T16:00:06","date_gmt":"2022-02-14T13:00:06","guid":{"rendered":"http:\/\/arantv.az\/?p=438845"},"modified":"2022-02-14T16:00:06","modified_gmt":"2022-02-14T13:00:06","slug":"avropa-t%c9%99svisd%c9%99","status":"publish","type":"post","link":"https:\/\/arantv.az\/?p=438845","title":{"rendered":"Avropa T\u018f\u015eV\u0130\u015eD\u018f"},"content":{"rendered":"<p><strong>Rusiyan\u0131n Ukraynaya m\u00fcmk\u00fcn m\u00fcdaxil\u0259sinin Avropaya yeni qa\u00e7q\u0131n ax\u0131n\u0131na s\u0259b\u0259b olaca\u011f\u0131 g\u00f6zl\u0259nilir. M\u00fct\u0259x\u0259ssisl\u0259r bu c\u00fcr qa\u00e7q\u0131n ax\u0131n\u0131na \u0259n \u00e7ox m\u0259ruz qalacaq \u00f6lk\u0259nin Pol\u015fa oldu\u011funu bildirir.\u00a0<\/strong><\/p>\n<p><b>ARANTV.AZ <\/b>x\u0259b\u0259r verir ki, dig\u0259r t\u0259r\u0259fd\u0259n, Pol\u015fada s\u0259lahiyy\u0259tlil\u0259rin qa\u00e7q\u0131n ax\u0131n\u0131na qar\u015f\u0131 m\u00fcxt\u0259lif ssenaril\u0259r \u00fcz\u0259rind\u0259 i\u015fl\u0259diyi qeyd olunur.<\/p>\n<p>Pol\u015fan\u0131n daxili i\u015fl\u0259r naziri Mariu\u015f Kaminski vilay\u0259t administrasiyalar\u0131n\u0131n v\u0259 b\u0259l\u0259diyy\u0259l\u0259rin Ukraynada m\u00fcharib\u0259 olaca\u011f\u0131 t\u0259qdird\u0259 qa\u00e7q\u0131nlar\u0131n q\u0259bulu imkanlar\u0131n\u0131 n\u0259z\u0259rd\u0259n ke\u00e7irdiyini a\u00e7\u0131qlay\u0131b.<\/p>\n<p>H\u0259ft\u0259 sonu qubernatorlar b\u0259l\u0259diyy\u0259l\u0259rd\u0259n 48 saat \u0259rzind\u0259 m\u00fcmk\u00fcn qa\u00e7q\u0131n ax\u0131n\u0131na qar\u015f\u0131 yerl\u0259\u015fdirm\u0259 obyektl\u0259rinin siyah\u0131s\u0131n\u0131 v\u0259 onlar\u0131n imkanlar\u0131n\u0131n s\u0259viyy\u0259sini Daxili \u0130\u015fl\u0259r Nazirliyin\u0259 t\u0259qdim etm\u0259yi xahi\u015f edibl\u0259r.<\/p>\n<p><strong>&#8220;\u018fn pis ssenariy\u0259 haz\u0131r olmal\u0131y\u0131q&#8221;<\/strong><\/p>\n<div class=\"AdviadNativeVideo\"><\/div>\n<div class=\"AdviadNativeVideo\"><\/div>\n<p>Pol\u015fa daxili i\u015fl\u0259r nazirinin m\u00fcavini Masey Vasik d\u0259 \u00f6lk\u0259y\u0259 1 milyona yax\u0131n ukraynal\u0131 qa\u00e7q\u0131n\u0131n g\u0259lm\u0259si imkan\u0131n\u0131 n\u0259z\u0259rd\u0259n ke\u00e7irdikl\u0259rini bildirib. &#8220;\u018fn pis ssenariy\u0259 haz\u0131r olmal\u0131y\u0131q. Ukraynadan g\u0259l\u0259c\u0259k 1 milyona yax\u0131n qa\u00e7q\u0131n dal\u011fas\u0131na haz\u0131r olmaq \u00fc\u00e7\u00fcn add\u0131mlar at\u0131r\u0131q. Onlar\u0131n \u00f6lk\u0259miz\u0259 g\u0259lm\u0259sin\u0259 yox dem\u0259y\u0259c\u0259yik&#8221; &#8211; Vasik qeyd edib.<\/p>\n<div class=\"AdviadNativeVideo\"><\/div>\n<p>Pol\u015fan\u0131n b\u00f6y\u00fck qa\u00e7q\u0131n ax\u0131n\u0131n\u0131 idar\u0259 ed\u0259 bilm\u0259y\u0259c\u0259yini d\u00fc\u015f\u00fcn\u0259nl\u0259r d\u0259 var.<\/p>\n<p>Pol\u015fal\u0131 m\u00fchacirl\u0259rin h\u00fcquqlar\u0131n\u0131 d\u0259st\u0259kl\u0259y\u0259n qeyri-h\u00f6kum\u0259t t\u0259\u015fkilat\u0131 olan Pol\u015fa \u0130mmiqrasiya Forumunun r\u0259hb\u0259ri Agnieska Kosovi\u00e7 &#8220;Pol\u015fa Miqrasiya Xidm\u0259tinin idar\u0259 etdiyi 10 m\u0259rk\u0259zin \u00fcmumi tutumu 2000 n\u0259f\u0259rdir. Haz\u0131rda bu imkandan 800-\u00fc istifad\u0259 olunur\u201d &#8211; dey\u0259r\u0259k m\u0259nzil problemin\u0259 diqq\u0259t \u00e7\u0259kib.<\/p>\n<div class=\"AdviadNativeVideo\"><\/div>\n<p>Pol\u015fan\u0131n Ukraynadak\u0131 ke\u00e7mi\u015f s\u0259firi Yan Piekto deyib: &#8220;\u0130\u015f \u00fc\u00e7\u00fcn g\u0259l\u0259n v\u0259 Pol\u015fa c\u0259miyy\u0259tinin f\u0259al hiss\u0259si olan 1 milyondan \u00e7ox ukraynal\u0131 var. Lakin m\u00fcharib\u0259d\u0259n v\u0259 \u00f6l\u00fcmd\u0259n qa\u00e7an y\u00fcz minl\u0259rl\u0259 insan ax\u0131n\u0131 Pol\u015fan\u0131n \u00f6hd\u0259sind\u0259n g\u0259l\u0259 bil\u0259c\u0259yi bir \u015fey deyil.<\/p>\n<p>Avropa Siyas\u0259t T\u0259hlili M\u0259rk\u0259zi (CEPA) b\u0259yan edib ki, Avropa \u0130ttifaq\u0131 v\u0259 Vi\u015feqrad qrupunun r\u0259smil\u0259ri Ukraynaya m\u00fcmk\u00fcn m\u00fcdaxil\u0259 hal\u0131nda ilk q\u0259bul v\u0259 tranzit \u00f6lk\u0259l\u0259rin qa\u00e7q\u0131n ax\u0131n\u0131na haz\u0131r olub-olmamas\u0131n\u0131 qiym\u0259tl\u0259ndirm\u0259lidir.<\/p>\n","protected":false},"excerpt":{"rendered":"<p>Rusiyan\u0131n Ukraynaya m\u00fcmk\u00fcn m\u00fcdaxil\u0259sinin Avropaya yeni qa\u00e7q\u0131n ax\u0131n\u0131na s\u0259b\u0259b olaca\u011f\u0131 g\u00f6zl\u0259nilir. M\u00fct\u0259x\u0259ssisl\u0259r bu c\u00fcr qa\u00e7q\u0131n ax\u0131n\u0131na \u0259n \u00e7ox m\u0259ruz qalacaq \u00f6lk\u0259nin Pol\u015fa oldu\u011funu bildirir.\u00a0 ARANTV.AZ x\u0259b\u0259r verir ki, dig\u0259r t\u0259r\u0259fd\u0259n, Pol\u015fada s\u0259lahiyy\u0259tlil\u0259rin qa\u00e7q\u0131n ax\u0131n\u0131na qar\u015f\u0131 m\u00fcxt\u0259lif ssenaril\u0259r \u00fcz\u0259rind\u0259 i\u015fl\u0259diyi qeyd olunur. Pol\u015fan\u0131n daxili i\u015fl\u0259r naziri Mariu\u015f Kaminski vilay\u0259t administrasiyalar\u0131n\u0131n v\u0259 b\u0259l\u0259diyy\u0259l\u0259rin Ukraynada m\u00fcharib\u0259 olaca\u011f\u0131 t\u0259qdird\u0259 qa\u00e7q\u0131nlar\u0131n q\u0259bulu imkanlar\u0131n\u0131 n\u0259z\u0259rd\u0259n ke\u00e7irdiyini a\u00e7\u0131qlay\u0131b. H\u0259ft\u0259 sonu qubernatorlar b\u0259l\u0259diyy\u0259l\u0259rd\u0259n 48 saat \u0259rzind\u0259 m\u00fcmk\u00fcn qa\u00e7q\u0131n ax\u0131n\u0131na qar\u015f\u0131 yerl\u0259\u015fdirm\u0259 obyektl\u0259rinin siyah\u0131s\u0131n\u0131 v\u0259 onlar\u0131n imkanlar\u0131n\u0131n s\u0259viyy\u0259sini Daxili \u0130\u015fl\u0259r Nazirliyin\u0259 t\u0259qdim etm\u0259yi xahi\u015f edibl\u0259r. &#8220;\u018fn pis ssenariy\u0259 haz\u0131r&hellip;<\/p>\n","protected":false},"author":2,"featured_media":438846,"comment_status":"closed","ping_status":"closed","sticky":false,"template":"","format":"standard","meta":{"om_disable_all_campaigns":false,"_monsterinsights_skip_tracking":false,"_monsterinsights_sitenote_active":false,"_monsterinsights_sitenote_note":"","_monsterinsights_sitenote_category":0},"categories":[7],"tags":[],"aioseo_notices":[],"gutentor_comment":0,"rttpg_featured_image_url":{"full":["https:\/\/arantv.az\/wp-content\/uploads\/2022\/02\/ebf60199343305519487104736388bae.jpg",1066,600,false],"landscape":["https:\/\/arantv.az\/wp-content\/uploads\/2022\/02\/ebf60199343305519487104736388bae.jpg",1066,600,false],"portraits":["https:\/\/arantv.az\/wp-content\/uploads\/2022\/02\/ebf60199343305519487104736388bae.jpg",1066,600,false],"thumbnail":["https:\/\/arantv.az\/wp-content\/uploads\/2022\/02\/ebf60199343305519487104736388bae-500x280.jpg",500,280,true],"medium":["https:\/\/arantv.az\/wp-content\/uploads\/2022\/02\/ebf60199343305519487104736388bae-648x365.jpg",648,365,true],"large":["https:\/\/arantv.az\/wp-content\/uploads\/2022\/02\/ebf60199343305519487104736388bae-840x473.jpg",640,360,true],"1536x1536":["https:\/\/arantv.az\/wp-content\/uploads\/2022\/02\/ebf60199343305519487104736388bae.jpg",1066,600,false],"2048x2048":["https:\/\/arantv.az\/wp-content\/uploads\/2022\/02\/ebf60199343305519487104736388bae.jpg",1066,600,false],"post-thumbnail":["https:\/\/arantv.az\/wp-content\/uploads\/2022\/02\/ebf60199343305519487104736388bae-240x172.jpg",240,172,true],"advps-thumb-one":["https:\/\/arantv.az\/wp-content\/uploads\/2022\/02\/ebf60199343305519487104736388bae.jpg",1066,600,false]},"rttpg_author":{"display_name":"V\u00fcsal Rafiqo\u011flu","author_link":"https:\/\/arantv.az\/?author=2"},"rttpg_comment":0,"rttpg_category":"<a href=\"https:\/\/arantv.az\/?cat=7\" rel=\"category\">D\u00fcnya<\/a>","rttpg_excerpt":"Rusiyan\u0131n Ukraynaya m\u00fcmk\u00fcn m\u00fcdaxil\u0259sinin Avropaya yeni qa\u00e7q\u0131n ax\u0131n\u0131na s\u0259b\u0259b olaca\u011f\u0131 g\u00f6zl\u0259nilir. M\u00fct\u0259x\u0259ssisl\u0259r bu c\u00fcr qa\u00e7q\u0131n ax\u0131n\u0131na \u0259n \u00e7ox m\u0259ruz qalacaq \u00f6lk\u0259nin Pol\u015fa oldu\u011funu bildirir.\u00a0 ARANTV.AZ x\u0259b\u0259r verir ki, dig\u0259r t\u0259r\u0259fd\u0259n, Pol\u015fada s\u0259lahiyy\u0259tlil\u0259rin qa\u00e7q\u0131n ax\u0131n\u0131na qar\u015f\u0131 m\u00fcxt\u0259lif ssenaril\u0259r \u00fcz\u0259rind\u0259 i\u015fl\u0259diyi qeyd olunur. Pol\u015fan\u0131n daxili i\u015fl\u0259r naziri Mariu\u015f Kaminski vilay\u0259t administrasiyalar\u0131n\u0131n v\u0259 b\u0259l\u0259diyy\u0259l\u0259rin Ukraynada m\u00fcharib\u0259 olaca\u011f\u0131 t\u0259qdird\u0259&hellip;","_links":{"self":[{"href":"https:\/\/arantv.az\/index.php?rest_route=\/wp\/v2\/posts\/438845"}],"collection":[{"href":"https:\/\/arantv.az\/index.php?rest_route=\/wp\/v2\/posts"}],"about":[{"href":"https:\/\/arantv.az\/index.php?rest_route=\/wp\/v2\/types\/post"}],"author":[{"embeddable":true,"href":"https:\/\/arantv.az\/index.php?rest_route=\/wp\/v2\/users\/2"}],"replies":[{"embeddable":true,"href":"https:\/\/arantv.az\/index.php?rest_route=%2Fwp%2Fv2%2Fcomments&post=438845"}],"version-history":[{"count":0,"href":"https:\/\/arantv.az\/index.php?rest_route=\/wp\/v2\/posts\/438845\/revisions"}],"wp:featuredmedia":[{"embeddable":true,"href":"https:\/\/arantv.az\/index.php?rest_route=\/wp\/v2\/media\/438846"}],"wp:attachment":[{"href":"https:\/\/arantv.az\/index.php?rest_route=%2Fwp%2Fv2%2Fmedia&parent=438845"}],"wp:term":[{"taxonomy":"category","embeddable":true,"href":"https:\/\/arantv.az\/index.php?rest_route=%2Fwp%2Fv2%2Fcategories&post=438845"},{"taxonomy":"post_tag","embeddable":true,"href":"https:\/\/arantv.az\/index.php?rest_route=%2Fwp%2Fv2%2Ftags&post=438845"}],"curies":[{"name":"wp","href":"https:\/\/api.w.org\/{rel}","templated":true}]}}