{"id":438848,"date":"2022-02-14T16:12:11","date_gmt":"2022-02-14T13:12:11","guid":{"rendered":"http:\/\/arantv.az\/?p=438848"},"modified":"2022-02-14T16:12:11","modified_gmt":"2022-02-14T13:12:11","slug":"omikron-yoxsa-qrip-nec%c9%99-mu%c9%99yy%c9%99n-ed%c9%99k","status":"publish","type":"post","link":"https:\/\/arantv.az\/?p=438848","title":{"rendered":"\u201cOmikron\u201d, yoxsa qrip? &#8211; Nec\u0259 m\u00fc\u0259yy\u0259n ed\u0259k?"},"content":{"rendered":"<p>\u201cHaz\u0131rda bo\u011faz a\u011fr\u0131s\u0131 v\u0259 q\u0131zd\u0131rmas\u0131 olanlar\u0131n b\u00f6y\u00fck \u0259ks\u0259riyy\u0259ti koronavirusun \u201cOmikron\u201d \u015ftamm\u0131na yoluxan \u015f\u0259xsl\u0259rdir\u201d.<\/p>\n<p>Bunu Trend-in sual\u0131na cavab olaraq infeksionist-hepatoloq M\u0259rdan \u018fliyev bildirib.<\/p>\n<p>\u201cBir m\u00fcdd\u0259t \u00f6lk\u0259mizd\u0259 qrip infeksiyas\u0131 yay\u0131lm\u0131\u015fd\u0131. Haz\u0131rda \u00f6lk\u0259mizd\u0259 qrip infeksiyas\u0131 dem\u0259k olar ki, yoxdur. Bu da onu dem\u0259y\u0259 \u0259sas verir ki, \u00e7oxlar\u0131n\u0131n yoluxdu\u011fu qrip deyil. Bu, koronavirusun \u201cOmikron\u201d \u015ftamm\u0131d\u0131r\u201d, &#8211; dey\u0259 h\u0259kim qeyd edib.<\/p>\n<p>Onun s\u00f6zl\u0259rin\u0259 g\u00f6r\u0259, x\u0259st\u0259liyin b\u0259zi simptomlar\u0131 qripl\u0259 ox\u015fard\u0131r. Ox\u015farl\u0131\u011f\u0131n \u00e7ox olmas\u0131 s\u0259b\u0259bind\u0259n x\u0259st\u0259liyin m\u00fc\u0259yy\u0259n edilm\u0259si \u00e7\u0259tinl\u0259\u015f\u0259 bil\u0259r.<\/p>\n<p>\u201cOmikron\u201d \u015ftamm\u0131n\u0131n \u0259sas simptomlar\u0131 h\u0259rar\u0259t, \u00fcmumi z\u0259iflik, \u0259zginlik, ba\u015f a\u011fr\u0131s\u0131, \u0259z\u0259l\u0259 a\u011fr\u0131lar\u0131, b\u0259d\u0259nd\u0259 q\u0131r\u0131lmalar, bo\u011fazda qa\u015f\u0131nma v\u0259 ya a\u011fr\u0131 hissidir. Qripin simptomlar\u0131 is\u0259 \u00f6sk\u00fcr\u0259k, y\u00fcks\u0259k h\u0259rar\u0259t (olmaya da bil\u0259r), bo\u011faz a\u011fr\u0131s\u0131, burun tutqunlu\u011fu v\u0259 ya ax\u0131nt\u0131s\u0131, ba\u015f a\u011fr\u0131s\u0131, yor\u011funluq v\u0259\u00a0sair\u0259dir. Bu viruslar\u0131 bir-birind\u0259n ay\u0131rd etm\u0259k \u00fc\u00e7\u00fcn ancaq yaxma analizi verm\u0259k laz\u0131md\u0131r\u201d, &#8211; M.\u018fliyev \u0259lav\u0259 edib.<\/p>\n","protected":false},"excerpt":{"rendered":"<p>\u201cHaz\u0131rda bo\u011faz a\u011fr\u0131s\u0131 v\u0259 q\u0131zd\u0131rmas\u0131 olanlar\u0131n b\u00f6y\u00fck \u0259ks\u0259riyy\u0259ti koronavirusun \u201cOmikron\u201d \u015ftamm\u0131na yoluxan \u015f\u0259xsl\u0259rdir\u201d. Bunu Trend-in sual\u0131na cavab olaraq infeksionist-hepatoloq M\u0259rdan \u018fliyev bildirib. \u201cBir m\u00fcdd\u0259t \u00f6lk\u0259mizd\u0259 qrip infeksiyas\u0131 yay\u0131lm\u0131\u015fd\u0131. Haz\u0131rda \u00f6lk\u0259mizd\u0259 qrip infeksiyas\u0131 dem\u0259k olar ki, yoxdur. Bu da onu dem\u0259y\u0259 \u0259sas verir ki, \u00e7oxlar\u0131n\u0131n yoluxdu\u011fu qrip deyil. Bu, koronavirusun \u201cOmikron\u201d \u015ftamm\u0131d\u0131r\u201d, &#8211; dey\u0259 h\u0259kim qeyd edib. Onun s\u00f6zl\u0259rin\u0259 g\u00f6r\u0259, x\u0259st\u0259liyin b\u0259zi simptomlar\u0131 qripl\u0259 ox\u015fard\u0131r. Ox\u015farl\u0131\u011f\u0131n \u00e7ox olmas\u0131 s\u0259b\u0259bind\u0259n x\u0259st\u0259liyin m\u00fc\u0259yy\u0259n edilm\u0259si \u00e7\u0259tinl\u0259\u015f\u0259 bil\u0259r. \u201cOmikron\u201d \u015ftamm\u0131n\u0131n \u0259sas simptomlar\u0131 h\u0259rar\u0259t, \u00fcmumi z\u0259iflik, \u0259zginlik, ba\u015f a\u011fr\u0131s\u0131, \u0259z\u0259l\u0259 a\u011fr\u0131lar\u0131, b\u0259d\u0259nd\u0259 q\u0131r\u0131lmalar, bo\u011fazda qa\u015f\u0131nma v\u0259&hellip;<\/p>\n","protected":false},"author":2,"featured_media":438849,"comment_status":"closed","ping_status":"closed","sticky":false,"template":"","format":"standard","meta":{"om_disable_all_campaigns":false,"_monsterinsights_skip_tracking":false,"_monsterinsights_sitenote_active":false,"_monsterinsights_sitenote_note":"","_monsterinsights_sitenote_category":0},"categories":[1],"tags":[],"aioseo_notices":[],"gutentor_comment":0,"rttpg_featured_image_url":{"full":["https:\/\/arantv.az\/wp-content\/uploads\/2022\/02\/FotoJet-39-3.jpg",620,415,false],"landscape":["https:\/\/arantv.az\/wp-content\/uploads\/2022\/02\/FotoJet-39-3.jpg",620,415,false],"portraits":["https:\/\/arantv.az\/wp-content\/uploads\/2022\/02\/FotoJet-39-3.jpg",620,415,false],"thumbnail":["https:\/\/arantv.az\/wp-content\/uploads\/2022\/02\/FotoJet-39-3-500x280.jpg",500,280,true],"medium":["https:\/\/arantv.az\/wp-content\/uploads\/2022\/02\/FotoJet-39-3-545x365.jpg",545,365,true],"large":["https:\/\/arantv.az\/wp-content\/uploads\/2022\/02\/FotoJet-39-3.jpg",620,415,false],"1536x1536":["https:\/\/arantv.az\/wp-content\/uploads\/2022\/02\/FotoJet-39-3.jpg",620,415,false],"2048x2048":["https:\/\/arantv.az\/wp-content\/uploads\/2022\/02\/FotoJet-39-3.jpg",620,415,false],"post-thumbnail":["https:\/\/arantv.az\/wp-content\/uploads\/2022\/02\/FotoJet-39-3-240x172.jpg",240,172,true],"advps-thumb-one":["https:\/\/arantv.az\/wp-content\/uploads\/2022\/02\/FotoJet-39-3.jpg",620,415,false]},"rttpg_author":{"display_name":"V\u00fcsal Rafiqo\u011flu","author_link":"https:\/\/arantv.az\/?author=2"},"rttpg_comment":0,"rttpg_category":"<a href=\"https:\/\/arantv.az\/?cat=1\" rel=\"category\">C\u0259miyy\u0259t<\/a>","rttpg_excerpt":"\u201cHaz\u0131rda bo\u011faz a\u011fr\u0131s\u0131 v\u0259 q\u0131zd\u0131rmas\u0131 olanlar\u0131n b\u00f6y\u00fck \u0259ks\u0259riyy\u0259ti koronavirusun \u201cOmikron\u201d \u015ftamm\u0131na yoluxan \u015f\u0259xsl\u0259rdir\u201d. Bunu Trend-in sual\u0131na cavab olaraq infeksionist-hepatoloq M\u0259rdan \u018fliyev bildirib. \u201cBir m\u00fcdd\u0259t \u00f6lk\u0259mizd\u0259 qrip infeksiyas\u0131 yay\u0131lm\u0131\u015fd\u0131. Haz\u0131rda \u00f6lk\u0259mizd\u0259 qrip infeksiyas\u0131 dem\u0259k olar ki, yoxdur. Bu da onu dem\u0259y\u0259 \u0259sas verir ki, \u00e7oxlar\u0131n\u0131n yoluxdu\u011fu qrip deyil. Bu, koronavirusun \u201cOmikron\u201d \u015ftamm\u0131d\u0131r\u201d, &#8211; dey\u0259 h\u0259kim qeyd&hellip;","_links":{"self":[{"href":"https:\/\/arantv.az\/index.php?rest_route=\/wp\/v2\/posts\/438848"}],"collection":[{"href":"https:\/\/arantv.az\/index.php?rest_route=\/wp\/v2\/posts"}],"about":[{"href":"https:\/\/arantv.az\/index.php?rest_route=\/wp\/v2\/types\/post"}],"author":[{"embeddable":true,"href":"https:\/\/arantv.az\/index.php?rest_route=\/wp\/v2\/users\/2"}],"replies":[{"embeddable":true,"href":"https:\/\/arantv.az\/index.php?rest_route=%2Fwp%2Fv2%2Fcomments&post=438848"}],"version-history":[{"count":0,"href":"https:\/\/arantv.az\/index.php?rest_route=\/wp\/v2\/posts\/438848\/revisions"}],"wp:featuredmedia":[{"embeddable":true,"href":"https:\/\/arantv.az\/index.php?rest_route=\/wp\/v2\/media\/438849"}],"wp:attachment":[{"href":"https:\/\/arantv.az\/index.php?rest_route=%2Fwp%2Fv2%2Fmedia&parent=438848"}],"wp:term":[{"taxonomy":"category","embeddable":true,"href":"https:\/\/arantv.az\/index.php?rest_route=%2Fwp%2Fv2%2Fcategories&post=438848"},{"taxonomy":"post_tag","embeddable":true,"href":"https:\/\/arantv.az\/index.php?rest_route=%2Fwp%2Fv2%2Ftags&post=438848"}],"curies":[{"name":"wp","href":"https:\/\/api.w.org\/{rel}","templated":true}]}}