{"id":438857,"date":"2022-02-14T16:22:10","date_gmt":"2022-02-14T13:22:10","guid":{"rendered":"http:\/\/arantv.az\/?p=438857"},"modified":"2022-02-14T16:22:10","modified_gmt":"2022-02-14T13:22:10","slug":"g%c9%99nc%c9%99d%c9%99-14-fevral-beyn%c9%99lxalq-kitab-bagislama-gunu-munasib%c9%99til%c9%99-aksiya-kecirilib","status":"publish","type":"post","link":"https:\/\/arantv.az\/?p=438857","title":{"rendered":"G\u0259nc\u0259d\u0259 14 fevral &#8211;  Beyn\u0259lxalq Kitab Ba\u011f\u0131\u015flama G\u00fcn\u00fc m\u00fcnasib\u0259til\u0259 aksiya ke\u00e7irilib"},"content":{"rendered":"<div dir=\"auto\">T\u0259dbir G\u0259nc\u0259 \u015e\u0259h\u0259r \u0130cra Hakimiyy\u0259tinin v\u0259 G\u0259nc\u0259 Regional M\u0259d\u0259niyy\u0259t \u0130dar\u0259sinin d\u0259st\u0259yi, G\u0259nc\u0259 \u0130ctimai \u0130\u015ftirak\u00e7\u0131l\u0131q M\u0259clisinin, Dini Qurumlarla \u0130\u015f \u00fczr\u0259 D\u00f6vl\u0259t Komit\u0259sinin G\u0259nc\u0259 B\u00f6lg\u0259si \u00fczr\u0259 \u015f\u00f6b\u0259sinin v\u0259 \u201cKitab Oxu\u201d kitab evinin t\u0259\u015fkilat\u00e7\u0131l\u0131\u011f\u0131 il\u0259 ke\u00e7irilib.<\/div>\n<div dir=\"auto\">G\u0259nc\u0259 D\u00f6vl\u0259t Filarmoniyas\u0131n\u0131n qar\u015f\u0131s\u0131nda ba\u015f tutan aksiyada G\u0259nc\u0259 \u015e\u0259h\u0259r \u0130cra Hakimiyy\u0259tinin ba\u015f\u00e7\u0131s\u0131 Niyazi Bayramov, T\u00fcrkiy\u0259nin G\u0259nc\u0259d\u0259ki Ba\u015f konsulu Zeki \u00d6zt\u00fcrk, YAP G\u0259nc\u0259 \u015f\u0259h\u0259r T\u0259\u015fkilat\u0131n\u0131n s\u0259dri Ramil Orucov, idar\u0259, m\u00fc\u0259ssis\u0259, t\u0259\u015fkilat r\u0259hb\u0259rl\u0259ri v\u0259 ictimaiyy\u0259t n\u00fcmay\u0259nd\u0259l\u0259ri i\u015ftirak edibl\u0259r.<\/div>\n<div dir=\"auto\">T\u0259dbird\u0259 14 fevral \u2013Beyn\u0259lxalq Kitab Ba\u011f\u0131\u015flama G\u00fcn\u00fc haqq\u0131nda \u0259trafl\u0131 m\u0259lumat verilib. Bildirilib ki, Beyn\u0259lxalq Kitab Ba\u011f\u0131\u015flama G\u00fcn\u00fc d\u00fcnyan\u0131n bir \u00e7ox \u00f6lk\u0259l\u0259rind\u0259 qeyd edilir. Bu t\u0259\u015f\u0259bb\u00fcs ilk d\u0259f\u0259 2012-ci ild\u0259 AB\u015e-da tan\u0131nm\u0131\u015f u\u015faq kitab\u0131 sayt\u0131 \u2013 \u201cDelightful Children\u2019s Books\u201dun yarad\u0131c\u0131s\u0131 Emmi Brodmur t\u0259r\u0259find\u0259n ir\u0259li s\u00fcr\u00fcl\u00fcb v\u0259 \u00f6t\u0259n m\u00fcdd\u0259td\u0259 sosial \u015f\u0259b\u0259k\u0259l\u0259r vasit\u0259sil\u0259 d\u00fcnyada geni\u015f d\u0259st\u0259k qazan\u0131b. Bu, u\u015faqlara kitab ba\u011f\u0131\u015flayan v\u0259 onlarda kitaba m\u0259h\u0259bb\u0259t yaradan b\u00fct\u00fcn insanlar\u0131 birl\u0259\u015fdir\u0259n bir g\u00fcnd\u00fcr.<\/div>\n<div dir=\"auto\">Daha sonra t\u0259\u015fkilat\u00e7\u0131lar t\u0259r\u0259find\u0259n t\u0259dbir i\u015ftirak\u00e7\u0131lar\u0131na maraql\u0131 kitablar h\u0259diyy\u0259 olunub.<\/div>\n<div dir=\"auto\"><img loading=\"lazy\" class=\"alignnone size-medium wp-image-438858\" src=\"https:\/\/arantv.az\/wp-content\/uploads\/2022\/02\/273556911_280873434148800_8461861528234313982_n-548x365.jpg\" alt=\"\" width=\"548\" height=\"365\" \/><img loading=\"lazy\" class=\"alignnone size-medium wp-image-438859\" src=\"https:\/\/arantv.az\/wp-content\/uploads\/2022\/02\/273585402_280873517482125_6282912465150732226_n-548x365.jpg\" alt=\"\" width=\"548\" height=\"365\" \/><img loading=\"lazy\" class=\"alignnone size-medium wp-image-438860\" src=\"https:\/\/arantv.az\/wp-content\/uploads\/2022\/02\/273520341_280873637482113_5503659990694622610_n-548x365.jpg\" alt=\"\" width=\"548\" height=\"365\" \/><img loading=\"lazy\" class=\"alignnone size-medium wp-image-438861\" src=\"https:\/\/arantv.az\/wp-content\/uploads\/2022\/02\/273570588_280873364148807_9064229354299599600_n-548x365.jpg\" alt=\"\" width=\"548\" height=\"365\" \/><img loading=\"lazy\" class=\"alignnone size-medium wp-image-438862\" src=\"https:\/\/arantv.az\/wp-content\/uploads\/2022\/02\/273583605_280873400815470_2664497823557145988_n-548x365.jpg\" alt=\"\" width=\"548\" height=\"365\" \/><img loading=\"lazy\" class=\"alignnone size-medium wp-image-438863\" src=\"https:\/\/arantv.az\/wp-content\/uploads\/2022\/02\/273818835_280873457482131_233379845059029049_n-548x365.jpg\" alt=\"\" width=\"548\" height=\"365\" \/><img loading=\"lazy\" class=\"alignnone size-medium wp-image-438865\" src=\"https:\/\/arantv.az\/wp-content\/uploads\/2022\/02\/273957564_280873544148789_2187282843182994695_n-548x365.jpg\" alt=\"\" width=\"548\" height=\"365\" \/><img loading=\"lazy\" class=\"alignnone size-medium wp-image-438866\" src=\"https:\/\/arantv.az\/wp-content\/uploads\/2022\/02\/273532772_280873267482150_4233057222374543325_n-548x365.jpg\" alt=\"\" width=\"548\" height=\"365\" \/><\/div>\n","protected":false},"excerpt":{"rendered":"<p>T\u0259dbir G\u0259nc\u0259 \u015e\u0259h\u0259r \u0130cra Hakimiyy\u0259tinin v\u0259 G\u0259nc\u0259 Regional M\u0259d\u0259niyy\u0259t \u0130dar\u0259sinin d\u0259st\u0259yi, G\u0259nc\u0259 \u0130ctimai \u0130\u015ftirak\u00e7\u0131l\u0131q M\u0259clisinin, Dini Qurumlarla \u0130\u015f \u00fczr\u0259 D\u00f6vl\u0259t Komit\u0259sinin G\u0259nc\u0259 B\u00f6lg\u0259si \u00fczr\u0259 \u015f\u00f6b\u0259sinin v\u0259 \u201cKitab Oxu\u201d kitab evinin t\u0259\u015fkilat\u00e7\u0131l\u0131\u011f\u0131 il\u0259 ke\u00e7irilib. G\u0259nc\u0259 D\u00f6vl\u0259t Filarmoniyas\u0131n\u0131n qar\u015f\u0131s\u0131nda ba\u015f tutan aksiyada G\u0259nc\u0259 \u015e\u0259h\u0259r \u0130cra Hakimiyy\u0259tinin ba\u015f\u00e7\u0131s\u0131 Niyazi Bayramov, T\u00fcrkiy\u0259nin G\u0259nc\u0259d\u0259ki Ba\u015f konsulu Zeki \u00d6zt\u00fcrk, YAP G\u0259nc\u0259 \u015f\u0259h\u0259r T\u0259\u015fkilat\u0131n\u0131n s\u0259dri Ramil Orucov, idar\u0259, m\u00fc\u0259ssis\u0259, t\u0259\u015fkilat r\u0259hb\u0259rl\u0259ri v\u0259 ictimaiyy\u0259t n\u00fcmay\u0259nd\u0259l\u0259ri i\u015ftirak edibl\u0259r. T\u0259dbird\u0259 14 fevral \u2013Beyn\u0259lxalq Kitab Ba\u011f\u0131\u015flama G\u00fcn\u00fc haqq\u0131nda \u0259trafl\u0131 m\u0259lumat verilib. Bildirilib ki, Beyn\u0259lxalq Kitab Ba\u011f\u0131\u015flama G\u00fcn\u00fc d\u00fcnyan\u0131n bir \u00e7ox \u00f6lk\u0259l\u0259rind\u0259&hellip;<\/p>\n","protected":false},"author":2,"featured_media":438867,"comment_status":"closed","ping_status":"closed","sticky":false,"template":"","format":"standard","meta":{"om_disable_all_campaigns":false,"_monsterinsights_skip_tracking":false,"_monsterinsights_sitenote_active":false,"_monsterinsights_sitenote_note":"","_monsterinsights_sitenote_category":0},"categories":[1],"tags":[],"aioseo_notices":[],"gutentor_comment":0,"rttpg_featured_image_url":{"full":["https:\/\/arantv.az\/wp-content\/uploads\/2022\/02\/273671518_280873600815450_8379859726205287700_n.jpg",1280,853,false],"landscape":["https:\/\/arantv.az\/wp-content\/uploads\/2022\/02\/273671518_280873600815450_8379859726205287700_n.jpg",1280,853,false],"portraits":["https:\/\/arantv.az\/wp-content\/uploads\/2022\/02\/273671518_280873600815450_8379859726205287700_n.jpg",1280,853,false],"thumbnail":["https:\/\/arantv.az\/wp-content\/uploads\/2022\/02\/273671518_280873600815450_8379859726205287700_n-500x280.jpg",500,280,true],"medium":["https:\/\/arantv.az\/wp-content\/uploads\/2022\/02\/273671518_280873600815450_8379859726205287700_n-548x365.jpg",548,365,true],"large":["https:\/\/arantv.az\/wp-content\/uploads\/2022\/02\/273671518_280873600815450_8379859726205287700_n-840x560.jpg",640,427,true],"1536x1536":["https:\/\/arantv.az\/wp-content\/uploads\/2022\/02\/273671518_280873600815450_8379859726205287700_n.jpg",1280,853,false],"2048x2048":["https:\/\/arantv.az\/wp-content\/uploads\/2022\/02\/273671518_280873600815450_8379859726205287700_n.jpg",1280,853,false],"post-thumbnail":["https:\/\/arantv.az\/wp-content\/uploads\/2022\/02\/273671518_280873600815450_8379859726205287700_n-240x172.jpg",240,172,true],"advps-thumb-one":["https:\/\/arantv.az\/wp-content\/uploads\/2022\/02\/273671518_280873600815450_8379859726205287700_n-1200x620.jpg",1200,620,true]},"rttpg_author":{"display_name":"V\u00fcsal Rafiqo\u011flu","author_link":"https:\/\/arantv.az\/?author=2"},"rttpg_comment":0,"rttpg_category":"<a href=\"https:\/\/arantv.az\/?cat=1\" rel=\"category\">C\u0259miyy\u0259t<\/a>","rttpg_excerpt":"T\u0259dbir G\u0259nc\u0259 \u015e\u0259h\u0259r \u0130cra Hakimiyy\u0259tinin v\u0259 G\u0259nc\u0259 Regional M\u0259d\u0259niyy\u0259t \u0130dar\u0259sinin d\u0259st\u0259yi, G\u0259nc\u0259 \u0130ctimai \u0130\u015ftirak\u00e7\u0131l\u0131q M\u0259clisinin, Dini Qurumlarla \u0130\u015f \u00fczr\u0259 D\u00f6vl\u0259t Komit\u0259sinin G\u0259nc\u0259 B\u00f6lg\u0259si \u00fczr\u0259 \u015f\u00f6b\u0259sinin v\u0259 \u201cKitab Oxu\u201d kitab evinin t\u0259\u015fkilat\u00e7\u0131l\u0131\u011f\u0131 il\u0259 ke\u00e7irilib. G\u0259nc\u0259 D\u00f6vl\u0259t Filarmoniyas\u0131n\u0131n qar\u015f\u0131s\u0131nda ba\u015f tutan aksiyada G\u0259nc\u0259 \u015e\u0259h\u0259r \u0130cra Hakimiyy\u0259tinin ba\u015f\u00e7\u0131s\u0131 Niyazi Bayramov, T\u00fcrkiy\u0259nin G\u0259nc\u0259d\u0259ki Ba\u015f konsulu Zeki \u00d6zt\u00fcrk, YAP G\u0259nc\u0259&hellip;","_links":{"self":[{"href":"https:\/\/arantv.az\/index.php?rest_route=\/wp\/v2\/posts\/438857"}],"collection":[{"href":"https:\/\/arantv.az\/index.php?rest_route=\/wp\/v2\/posts"}],"about":[{"href":"https:\/\/arantv.az\/index.php?rest_route=\/wp\/v2\/types\/post"}],"author":[{"embeddable":true,"href":"https:\/\/arantv.az\/index.php?rest_route=\/wp\/v2\/users\/2"}],"replies":[{"embeddable":true,"href":"https:\/\/arantv.az\/index.php?rest_route=%2Fwp%2Fv2%2Fcomments&post=438857"}],"version-history":[{"count":0,"href":"https:\/\/arantv.az\/index.php?rest_route=\/wp\/v2\/posts\/438857\/revisions"}],"wp:featuredmedia":[{"embeddable":true,"href":"https:\/\/arantv.az\/index.php?rest_route=\/wp\/v2\/media\/438867"}],"wp:attachment":[{"href":"https:\/\/arantv.az\/index.php?rest_route=%2Fwp%2Fv2%2Fmedia&parent=438857"}],"wp:term":[{"taxonomy":"category","embeddable":true,"href":"https:\/\/arantv.az\/index.php?rest_route=%2Fwp%2Fv2%2Fcategories&post=438857"},{"taxonomy":"post_tag","embeddable":true,"href":"https:\/\/arantv.az\/index.php?rest_route=%2Fwp%2Fv2%2Ftags&post=438857"}],"curies":[{"name":"wp","href":"https:\/\/api.w.org\/{rel}","templated":true}]}}