{"id":438877,"date":"2022-02-14T17:31:57","date_gmt":"2022-02-14T14:31:57","guid":{"rendered":"http:\/\/arantv.az\/?p=438877"},"modified":"2022-02-14T17:31:57","modified_gmt":"2022-02-14T14:31:57","slug":"putin-nato-nun-s%c9%99rq%c9%99-dogru-genisl%c9%99nm%c9%99si-t%c9%99hluk%c9%99lidir","status":"publish","type":"post","link":"https:\/\/arantv.az\/?p=438877","title":{"rendered":"Putin: \u201cNATO-nun \u015e\u0259rq\u0259 do\u011fru geni\u015fl\u0259nm\u0259si t\u0259hl\u00fck\u0259lidir\u201d"},"content":{"rendered":"<p>\u201cNATO-nun Ukrayna da daxil olmaqla postsovet respublikalar\u0131 hesab\u0131na \u015f\u0259rq\u0259 do\u011fru geni\u015fl\u0259nm\u0259si prosesi sonsuzdur\u00a0v\u0259 \u00f6zl\u00fcy\u00fcnd\u0259\u00a0olduqca t\u0259hl\u00fck\u0259lidir\u201d.<\/p>\n<div class=\"AdviadNativeVideo\"><\/div>\n<p>Bu s\u00f6zl\u0259ri Rusiya Prezidenti Vladimir Putin deyib.<\/p>\n<p>X\u0130N r\u0259hb\u0259ri Sergey Lavrovla g\u00f6r\u00fc\u015fd\u0259 bu fikri s\u0259sl\u0259ndir\u0259n Vladimir Putin nazird\u0259n Va\u015finqton v\u0259 Br\u00fcsseld\u0259n t\u0259hl\u00fck\u0259sizlik z\u0259man\u0259tl\u0259rin\u0259 dair verilmi\u015f cavablarla ba\u011fl\u0131 hesabat t\u0259qdim edilm\u0259sini ist\u0259yib.<\/p>\n<p>M\u0259nb\u0259: Kremlin.ru<\/p>\n","protected":false},"excerpt":{"rendered":"<p>\u201cNATO-nun Ukrayna da daxil olmaqla postsovet respublikalar\u0131 hesab\u0131na \u015f\u0259rq\u0259 do\u011fru geni\u015fl\u0259nm\u0259si prosesi sonsuzdur\u00a0v\u0259 \u00f6zl\u00fcy\u00fcnd\u0259\u00a0olduqca t\u0259hl\u00fck\u0259lidir\u201d. Bu s\u00f6zl\u0259ri Rusiya Prezidenti Vladimir Putin deyib. X\u0130N r\u0259hb\u0259ri Sergey Lavrovla g\u00f6r\u00fc\u015fd\u0259 bu fikri s\u0259sl\u0259ndir\u0259n Vladimir Putin nazird\u0259n Va\u015finqton v\u0259 Br\u00fcsseld\u0259n t\u0259hl\u00fck\u0259sizlik z\u0259man\u0259tl\u0259rin\u0259 dair verilmi\u015f cavablarla ba\u011fl\u0131 hesabat t\u0259qdim edilm\u0259sini ist\u0259yib. M\u0259nb\u0259: Kremlin.ru<\/p>\n","protected":false},"author":2,"featured_media":438878,"comment_status":"closed","ping_status":"closed","sticky":false,"template":"","format":"standard","meta":{"om_disable_all_campaigns":false,"_monsterinsights_skip_tracking":false,"_monsterinsights_sitenote_active":false,"_monsterinsights_sitenote_note":"","_monsterinsights_sitenote_category":0},"categories":[7],"tags":[],"aioseo_notices":[],"gutentor_comment":0,"rttpg_featured_image_url":{"full":["https:\/\/arantv.az\/wp-content\/uploads\/2022\/02\/FotoJet-2022-02-14T172556.095.jpg",620,413,false],"landscape":["https:\/\/arantv.az\/wp-content\/uploads\/2022\/02\/FotoJet-2022-02-14T172556.095.jpg",620,413,false],"portraits":["https:\/\/arantv.az\/wp-content\/uploads\/2022\/02\/FotoJet-2022-02-14T172556.095.jpg",620,413,false],"thumbnail":["https:\/\/arantv.az\/wp-content\/uploads\/2022\/02\/FotoJet-2022-02-14T172556.095-500x280.jpg",500,280,true],"medium":["https:\/\/arantv.az\/wp-content\/uploads\/2022\/02\/FotoJet-2022-02-14T172556.095-548x365.jpg",548,365,true],"large":["https:\/\/arantv.az\/wp-content\/uploads\/2022\/02\/FotoJet-2022-02-14T172556.095.jpg",620,413,false],"1536x1536":["https:\/\/arantv.az\/wp-content\/uploads\/2022\/02\/FotoJet-2022-02-14T172556.095.jpg",620,413,false],"2048x2048":["https:\/\/arantv.az\/wp-content\/uploads\/2022\/02\/FotoJet-2022-02-14T172556.095.jpg",620,413,false],"post-thumbnail":["https:\/\/arantv.az\/wp-content\/uploads\/2022\/02\/FotoJet-2022-02-14T172556.095-240x172.jpg",240,172,true],"advps-thumb-one":["https:\/\/arantv.az\/wp-content\/uploads\/2022\/02\/FotoJet-2022-02-14T172556.095.jpg",620,413,false]},"rttpg_author":{"display_name":"V\u00fcsal Rafiqo\u011flu","author_link":"https:\/\/arantv.az\/?author=2"},"rttpg_comment":0,"rttpg_category":"<a href=\"https:\/\/arantv.az\/?cat=7\" rel=\"category\">D\u00fcnya<\/a>","rttpg_excerpt":"\u201cNATO-nun Ukrayna da daxil olmaqla postsovet respublikalar\u0131 hesab\u0131na \u015f\u0259rq\u0259 do\u011fru geni\u015fl\u0259nm\u0259si prosesi sonsuzdur\u00a0v\u0259 \u00f6zl\u00fcy\u00fcnd\u0259\u00a0olduqca t\u0259hl\u00fck\u0259lidir\u201d. Bu s\u00f6zl\u0259ri Rusiya Prezidenti Vladimir Putin deyib. X\u0130N r\u0259hb\u0259ri Sergey Lavrovla g\u00f6r\u00fc\u015fd\u0259 bu fikri s\u0259sl\u0259ndir\u0259n Vladimir Putin nazird\u0259n Va\u015finqton v\u0259 Br\u00fcsseld\u0259n t\u0259hl\u00fck\u0259sizlik z\u0259man\u0259tl\u0259rin\u0259 dair verilmi\u015f cavablarla ba\u011fl\u0131 hesabat t\u0259qdim edilm\u0259sini ist\u0259yib. M\u0259nb\u0259: Kremlin.ru","_links":{"self":[{"href":"https:\/\/arantv.az\/index.php?rest_route=\/wp\/v2\/posts\/438877"}],"collection":[{"href":"https:\/\/arantv.az\/index.php?rest_route=\/wp\/v2\/posts"}],"about":[{"href":"https:\/\/arantv.az\/index.php?rest_route=\/wp\/v2\/types\/post"}],"author":[{"embeddable":true,"href":"https:\/\/arantv.az\/index.php?rest_route=\/wp\/v2\/users\/2"}],"replies":[{"embeddable":true,"href":"https:\/\/arantv.az\/index.php?rest_route=%2Fwp%2Fv2%2Fcomments&post=438877"}],"version-history":[{"count":0,"href":"https:\/\/arantv.az\/index.php?rest_route=\/wp\/v2\/posts\/438877\/revisions"}],"wp:featuredmedia":[{"embeddable":true,"href":"https:\/\/arantv.az\/index.php?rest_route=\/wp\/v2\/media\/438878"}],"wp:attachment":[{"href":"https:\/\/arantv.az\/index.php?rest_route=%2Fwp%2Fv2%2Fmedia&parent=438877"}],"wp:term":[{"taxonomy":"category","embeddable":true,"href":"https:\/\/arantv.az\/index.php?rest_route=%2Fwp%2Fv2%2Fcategories&post=438877"},{"taxonomy":"post_tag","embeddable":true,"href":"https:\/\/arantv.az\/index.php?rest_route=%2Fwp%2Fv2%2Ftags&post=438877"}],"curies":[{"name":"wp","href":"https:\/\/api.w.org\/{rel}","templated":true}]}}