{"id":438903,"date":"2022-02-14T17:56:41","date_gmt":"2022-02-14T14:56:41","guid":{"rendered":"http:\/\/arantv.az\/?p=438903"},"modified":"2022-02-14T17:56:41","modified_gmt":"2022-02-14T14:56:41","slug":"ramiz-mehdiyev-istefasinin-s%c9%99b%c9%99bini-aciqladi-yenil%c9%99nib","status":"publish","type":"post","link":"https:\/\/arantv.az\/?p=438903","title":{"rendered":"Ramiz Mehdiyev istefas\u0131n\u0131n s\u0259b\u0259bini A\u00c7IQLADI &#8211; YEN\u0130L\u018fN\u0130B"},"content":{"rendered":"<p>AMEA-n\u0131n prezidenti Ramiz Mehdiyev istefa verm\u0259sinin\u00a0s\u0259b\u0259bini a\u00e7\u0131qlay\u0131b.<\/p>\n<p>Ramiz Mehdiyev &#8220;Unikal&#8221;-a\u00a0a\u00e7\u0131qlamas\u0131nda istefa x\u0259b\u0259rini\u00a0t\u0259sdiql\u0259yib v\u0259 bildirib\u00a0ki, ya\u015fla \u0259laq\u0259dar bu add\u0131m\u0131 at\u0131b: &#8220;Bundan sonra evd\u0259 oturub kitablar yazmaqla m\u0259\u015f\u011ful olaca\u011fam&#8221;.<\/p>\n<div class=\"AdviadNativeVideo\"><\/div>\n<p><strong>17:58<\/strong><\/p>\n<p>Az\u0259rbaycan Milli Elml\u0259r Akademiyas\u0131n\u0131n (AMEA) prezidenti Ramiz Mehdiyev istefa verib.<\/p>\n<p><b>ARANTV.AZ <\/b>x\u0259b\u0259r verir ki, bu bar\u0259d\u0259 q\u0259rar\u00a0AMEA\u00a0R\u0259yas\u0259t Hey\u0259tinin bu g\u00fcn ke\u00e7iril\u0259n iclas\u0131nda q\u0259rar q\u0259bul edilib.<\/p>\n<p>Ramiz Mehdiyev istefa \u0259riz\u0259sini t\u0259qdim edib v\u0259 kollektivl\u0259 vidala\u015f\u0131b.<\/p>\n","protected":false},"excerpt":{"rendered":"<p>AMEA-n\u0131n prezidenti Ramiz Mehdiyev istefa verm\u0259sinin\u00a0s\u0259b\u0259bini a\u00e7\u0131qlay\u0131b. Ramiz Mehdiyev &#8220;Unikal&#8221;-a\u00a0a\u00e7\u0131qlamas\u0131nda istefa x\u0259b\u0259rini\u00a0t\u0259sdiql\u0259yib v\u0259 bildirib\u00a0ki, ya\u015fla \u0259laq\u0259dar bu add\u0131m\u0131 at\u0131b: &#8220;Bundan sonra evd\u0259 oturub kitablar yazmaqla m\u0259\u015f\u011ful olaca\u011fam&#8221;. 17:58 Az\u0259rbaycan Milli Elml\u0259r Akademiyas\u0131n\u0131n (AMEA) prezidenti Ramiz Mehdiyev istefa verib. ARANTV.AZ x\u0259b\u0259r verir ki, bu bar\u0259d\u0259 q\u0259rar\u00a0AMEA\u00a0R\u0259yas\u0259t Hey\u0259tinin bu g\u00fcn ke\u00e7iril\u0259n iclas\u0131nda q\u0259rar q\u0259bul edilib. Ramiz Mehdiyev istefa \u0259riz\u0259sini t\u0259qdim edib v\u0259 kollektivl\u0259 vidala\u015f\u0131b.<\/p>\n","protected":false},"author":2,"featured_media":407679,"comment_status":"closed","ping_status":"closed","sticky":false,"template":"","format":"standard","meta":{"om_disable_all_campaigns":false,"_monsterinsights_skip_tracking":false,"_monsterinsights_sitenote_active":false,"_monsterinsights_sitenote_note":"","_monsterinsights_sitenote_category":0},"categories":[4],"tags":[],"aioseo_notices":[],"gutentor_comment":0,"rttpg_featured_image_url":{"full":["https:\/\/arantv.az\/wp-content\/uploads\/2021\/11\/ramiz-mehdiyev.jpg",800,450,false],"landscape":["https:\/\/arantv.az\/wp-content\/uploads\/2021\/11\/ramiz-mehdiyev.jpg",800,450,false],"portraits":["https:\/\/arantv.az\/wp-content\/uploads\/2021\/11\/ramiz-mehdiyev.jpg",800,450,false],"thumbnail":["https:\/\/arantv.az\/wp-content\/uploads\/2021\/11\/ramiz-mehdiyev-500x280.jpg",500,280,true],"medium":["https:\/\/arantv.az\/wp-content\/uploads\/2021\/11\/ramiz-mehdiyev-649x365.jpg",649,365,true],"large":["https:\/\/arantv.az\/wp-content\/uploads\/2021\/11\/ramiz-mehdiyev.jpg",640,360,false],"1536x1536":["https:\/\/arantv.az\/wp-content\/uploads\/2021\/11\/ramiz-mehdiyev.jpg",800,450,false],"2048x2048":["https:\/\/arantv.az\/wp-content\/uploads\/2021\/11\/ramiz-mehdiyev.jpg",800,450,false],"post-thumbnail":["https:\/\/arantv.az\/wp-content\/uploads\/2021\/11\/ramiz-mehdiyev-240x172.jpg",240,172,true],"advps-thumb-one":["https:\/\/arantv.az\/wp-content\/uploads\/2021\/11\/ramiz-mehdiyev.jpg",800,450,false]},"rttpg_author":{"display_name":"V\u00fcsal Rafiqo\u011flu","author_link":"https:\/\/arantv.az\/?author=2"},"rttpg_comment":0,"rttpg_category":"<a href=\"https:\/\/arantv.az\/?cat=4\" rel=\"category\">Siyas\u0259t<\/a>","rttpg_excerpt":"AMEA-n\u0131n prezidenti Ramiz Mehdiyev istefa verm\u0259sinin\u00a0s\u0259b\u0259bini a\u00e7\u0131qlay\u0131b. Ramiz Mehdiyev &#8220;Unikal&#8221;-a\u00a0a\u00e7\u0131qlamas\u0131nda istefa x\u0259b\u0259rini\u00a0t\u0259sdiql\u0259yib v\u0259 bildirib\u00a0ki, ya\u015fla \u0259laq\u0259dar bu add\u0131m\u0131 at\u0131b: &#8220;Bundan sonra evd\u0259 oturub kitablar yazmaqla m\u0259\u015f\u011ful olaca\u011fam&#8221;. 17:58 Az\u0259rbaycan Milli Elml\u0259r Akademiyas\u0131n\u0131n (AMEA) prezidenti Ramiz Mehdiyev istefa verib. ARANTV.AZ x\u0259b\u0259r verir ki, bu bar\u0259d\u0259 q\u0259rar\u00a0AMEA\u00a0R\u0259yas\u0259t Hey\u0259tinin bu g\u00fcn ke\u00e7iril\u0259n iclas\u0131nda q\u0259rar q\u0259bul edilib. Ramiz Mehdiyev&hellip;","_links":{"self":[{"href":"https:\/\/arantv.az\/index.php?rest_route=\/wp\/v2\/posts\/438903"}],"collection":[{"href":"https:\/\/arantv.az\/index.php?rest_route=\/wp\/v2\/posts"}],"about":[{"href":"https:\/\/arantv.az\/index.php?rest_route=\/wp\/v2\/types\/post"}],"author":[{"embeddable":true,"href":"https:\/\/arantv.az\/index.php?rest_route=\/wp\/v2\/users\/2"}],"replies":[{"embeddable":true,"href":"https:\/\/arantv.az\/index.php?rest_route=%2Fwp%2Fv2%2Fcomments&post=438903"}],"version-history":[{"count":0,"href":"https:\/\/arantv.az\/index.php?rest_route=\/wp\/v2\/posts\/438903\/revisions"}],"wp:featuredmedia":[{"embeddable":true,"href":"https:\/\/arantv.az\/index.php?rest_route=\/wp\/v2\/media\/407679"}],"wp:attachment":[{"href":"https:\/\/arantv.az\/index.php?rest_route=%2Fwp%2Fv2%2Fmedia&parent=438903"}],"wp:term":[{"taxonomy":"category","embeddable":true,"href":"https:\/\/arantv.az\/index.php?rest_route=%2Fwp%2Fv2%2Fcategories&post=438903"},{"taxonomy":"post_tag","embeddable":true,"href":"https:\/\/arantv.az\/index.php?rest_route=%2Fwp%2Fv2%2Ftags&post=438903"}],"curies":[{"name":"wp","href":"https:\/\/api.w.org\/{rel}","templated":true}]}}