{"id":438911,"date":"2022-02-14T18:15:31","date_gmt":"2022-02-14T15:15:31","guid":{"rendered":"http:\/\/arantv.az\/?p=438911"},"modified":"2022-02-14T18:15:31","modified_gmt":"2022-02-14T15:15:31","slug":"utanib-sixilmadan-sev%c9%99nl%c9%99ri-bambili-adlandiran-v%c9%99-b%c9%99h-b%c9%99hl%c9%99-paylasan-kecmis-deputatliga-namiz%c9%99d-foto","status":"publish","type":"post","link":"https:\/\/arantv.az\/?p=438911","title":{"rendered":"Utan\u0131b s\u0131x\u0131lmadan sev\u0259nl\u0259ri \u201cbamb\u0131l\u0131\u201d adland\u0131ran v\u0259 b\u0259h-b\u0259hl\u0259 payla\u015fan ke\u00e7mi\u015f deputatl\u0131\u011fa namiz\u0259d&#8230; &#8211; FOTO"},"content":{"rendered":"<article class=\"news\">\n<div class=\"news-inner\">\n<p>14 fevral &#8211; M\u00fcq\u0259dd\u0259s Valentin G\u00fcn\u00fc v\u0259 ya Sevgilil\u0259r G\u00fcn\u00fc &#8211; y\u0259qin ki, h\u0259r birimizin h\u0259yat\u0131nda m\u00fch\u00fcm g\u00fcnl\u0259rd\u0259n biridir.<\/p>\n<p>Bu g\u00fcn m\u0259hz b\u00fct\u00fcn d\u00fcnyada sevginin t\u0259nt\u0259n\u0259sinin qeyd olundu\u011fu tarixdir. Fevral\u0131n 14-c\u00fc g\u00fcn\u00fc dinind\u0259n, dilind\u0259n, irqind\u0259n as\u0131l\u0131 olmayaraq d\u00fcnyan\u0131n b\u00fct\u00fcn xalqlar\u0131 \u00fc\u00e7\u00fcn sevgiy\u0259 h\u0259sr olunmu\u015f \u0259n ali g\u00fcnd\u00fcr. Burada insanlar\u0131n \u00f6z sevgil\u0259rin\u0259 verdiyi d\u0259y\u0259r, sevginin b\u0259\u015f\u0259r tarixinin \u0259n m\u00fcq\u0259dd\u0259s hisl\u0259rind\u0259n biri olmas\u0131na sonsuz inam \u00f6z \u0259ksini tap\u0131r.<\/p>\n<div class=\"AdviadNativeVideo\"><\/div>\n<p>T\u0259\u0259ss\u00fcf ki, bu g\u00fcn\u00fcn anlam\u0131n\u0131 d\u0259rk ed\u0259 bilm\u0259y\u0259n, insanlar\u0131n \u00f6z sevgil\u0259rin\u0259 birc\u0259 g\u00fcn\u00fc bel\u0259 h\u0259sr etm\u0259sini h\u0259zm ed\u0259 bilm\u0259y\u0259n insanlar da var.<\/p>\n<p>El\u0259 bir vaxtlar 24 sayl\u0131 Nizami birinci se\u00e7ki dair\u0259sind\u0259n deputatl\u0131\u011fa namiz\u0259d olmu\u015f, iqtisad\u00e7\u0131 Qulu \u0130brahimli d\u0259, g\u00f6r\u00fcn\u00fcr, 14 fevral\u0131n mahiyy\u0259tini d\u0259rk ed\u0259 bilm\u0259y\u0259nl\u0259r c\u0259rg\u0259sind\u0259 \u00f6n s\u0131ralarda dayanma\u011fa iddial\u0131d\u0131r.<\/p>\n<p>\u018fvv\u0259lc\u0259, Qulu \u0130brahimlinin Sevgilil\u0259r G\u00fcn\u00fc il\u0259 ba\u011fl\u0131 t\u0259s\u0259vv\u00fcrl\u0259rini ifad\u0259 ed\u0259n sosial \u015f\u0259b\u0259k\u0259 hesab\u0131nda b\u0259h-b\u0259hl\u0259 yay\u0131mlad\u0131\u011f\u0131 son payla\u015f\u0131m\u0131na n\u0259z\u0259r salaq:<\/p>\n<p>\u201cB\u00fct\u00fcn bamb\u0131l\u0131 ki\u015fil\u0259r bu g\u00fcn g\u00fcl ma\u011fazalar\u0131n\u0131n qar\u015f\u0131s\u0131ndad\u0131r\u201d.<\/p>\n<p>B\u0259li, Az\u0259rbaycan parlamentind\u0259 xalq\u0131n fikirl\u0259rini t\u0259msil etm\u0259k iddias\u0131na d\u00fc\u015fm\u00fc\u015f \u015f\u0259xsin sevgilil\u0259r g\u00fcn\u00fc il\u0259 ba\u011fl\u0131 t\u0259s\u0259vv\u00fcrl\u0259ri m\u0259hz bel\u0259dir\u2026 Qulu \u0130brahimlinin \u00f6z sevgisin\u0259 d\u0259y\u0259r ver\u0259n insanlara qar\u015f\u0131 m\u00fcnasib\u0259ti bundan ibar\u0259tdir.<\/p>\n<p>Qulu \u0130brahimlinin c\u00fcml\u0259sind\u0259 sevdiyi insan \u00fc\u00e7\u00fcn \u0259n az\u0131 bir \u00e7i\u00e7\u0259k almaqla \u00f6z sevgil\u0259rinin g\u00fcn\u00fcn\u00fc qeyd ed\u0259n ki\u015fil\u0259rin \u00fcnvan\u0131na yaz\u0131lm\u0131\u015f sif\u0259t \u0259n y\u00fcng\u00fcl halda onlar\u0131 t\u0259hqir etm\u0259k anlam\u0131na g\u0259lir. \u0130qtisad\u00e7\u0131 hesab edir ki, insanlar\u0131n sevgisi \u00fc\u00e7\u00fcn r\u0259mzi m\u0259na da\u015f\u0131yan bir g\u00fcn\u00fc qeyd etm\u0259si yol verilm\u0259zdir.<\/p>\n<p>\u00dcst\u0259lik, s\u00f6z\u00fcged\u0259n payla\u015f\u0131m\u0131n \u015f\u0259rh b\u00f6l\u00fcm\u00fcnd\u0259 d\u0259 \u201cbamb\u0131l\u0131\u201d s\u00f6z\u00fcnd\u0259n daha a\u011f\u0131r sif\u0259tl\u0259rd\u0259n istifad\u0259 etm\u0259y\u0259 \u00f6z\u00fcnd\u0259 haqq g\u00f6r\u00fcr bu \u015f\u0259xs\u2026 Utanmadan, s\u0131x\u0131lmadan\u2026<\/p>\n<p>\u201cM\u0259\u015fhur\u201d iqtisad\u00e7\u0131n\u0131n sevgiy\u0259 qar\u015f\u0131 bu c\u00fcr iyr\u0259nc yana\u015fmas\u0131n\u0131n s\u0259b\u0259bini anlamaq \u00e7ox \u00e7\u0259tindir. Ancaq daha \u00e7\u0259tin olan onun bu c\u00fcr c\u0259f\u0259ng fikirl\u0259ri b\u00f6y\u00fck pafosla payla\u015facaq d\u00fcnyag\u00f6r\u00fc\u015f\u00fcn\u0259 sahib olmas\u0131d\u0131r. N\u0259tic\u0259 is\u0259 budur ki, Qulu \u0130brahimli adl\u0131 \u015f\u0259xs h\u0259m iyr\u0259nc d\u00fc\u015f\u00fcnc\u0259l\u0259ri da\u015f\u0131y\u0131r, h\u0259m d\u0259 onlar\u0131 c\u0259miyy\u0259t aras\u0131nda s\u0259sl\u0259ndirm\u0259kd\u0259n q\u0259tiyy\u0259n \u00e7\u0259kinmir. Bu art\u0131q \u0259n y\u00fcng\u00fcl halda ikiqat \u201cs\u0259hv\u201ddir dey\u0259 bil\u0259rik\u2026<\/p>\n<p>M\u0259qs\u0259di, m\u0259ram\u0131 n\u0259 olur olsun, bu c\u00fcr ifad\u0259y\u0259 yol ver\u0259n \u015f\u0259xs m\u00fctl\u0259q qaydada c\u0259miyy\u0259tin s\u0259rt t\u0259nqid oxlar\u0131na h\u0259d\u0259f olmal\u0131d\u0131r. \u00c7\u00fcnki \u00f6z xan\u0131m\u0131na, ni\u015fanl\u0131s\u0131na, \u00fcr\u0259kd\u0259n sevdiyi birin\u0259 qar\u015f\u0131 n\u0259cib hisl\u0259r b\u0259sl\u0259y\u0259n, onlar\u0131n sevgisin\u0259 \u0259n y\u00fcks\u0259k d\u0259y\u0259ri ver\u0259n insanlar\u0131n t\u0259hqir olunmas\u0131 yolverilm\u0259zdir.<\/p>\n<p>Bu c\u00fcr nalayiq ifad\u0259l\u0259r, iyr\u0259nc d\u00fc\u015f\u00fcnc\u0259 sahibl\u0259ri m\u00fctl\u0259q \u015f\u0259kild\u0259 \u00f6z d\u00fc\u015f\u00fcnc\u0259l\u0259rin\u0259 g\u00f6r\u0259 cavab verm\u0259lidirl\u0259r. \u00c7\u00fcnki bu g\u00fcn Qulu \u0130brahimlinin \u015f\u0259xsind\u0259 bu d\u00fc\u015f\u00fcnc\u0259 g\u0259l\u0259c\u0259kd\u0259 onun t\u0259siri il\u0259 ba\u015fqalar\u0131na da siray\u0259t ed\u0259, c\u0259miyy\u0259td\u0259 olduqca m\u0259nfi tendensiya yarana bil\u0259r.<\/p>\n<p>\u018fg\u0259r Qulu \u0130brahimli sev\u0259nl\u0259rin bir-birin\u0259 verdiyi qiym\u0259ti \u201cbamb\u0131l\u0131\u201dl\u0131q adland\u0131r\u0131r, sevgi \u00fc\u00e7\u00fcn ayr\u0131lm\u0131\u015f birc\u0259 g\u00fcn\u00fc h\u0259zm ed\u0259 bilmirs\u0259, bu \u00e7ox qorxulu m\u0259qamd\u0131r.<\/p>\n<p>Ki\u015fil\u0259rin, el\u0259c\u0259 d\u0259 qad\u0131nlar\u0131n \u00f6z sevgil\u0259rin\u0259 h\u0259sr etdikl\u0259ri g\u00fcn is\u0259 onlar\u0131n h\u0259r biri \u00fc\u00e7\u00fcn h\u0259r zaman \u00f6z\u0259l olaraq qalacaq. \u018fsas \u00f6z sevdiyi \u00fc\u00e7\u00fcn g\u00fcl d\u0259st\u0259si bir k\u0259nara qals\u0131n, \u0259n ki\u00e7ik bir h\u0259diyy\u0259ni alma\u011f\u0131 d\u00fc\u015f\u00fcn\u0259c\u0259k q\u0259d\u0259r g\u00f6z\u0259l q\u0259lb\u0259 sahib insan olmaqd\u0131r. T\u0259bii ki, bu d\u00fc\u015f\u00fcnc\u0259d\u0259 ola bilm\u0259k \u00fc\u00e7\u00fcn d\u0259 \u0259sas \u015f\u0259rt m\u0259hz insan olmaqd\u0131r\u2026<\/p>\n<p>Sevgi insana b\u0259x\u015f edilmi\u015f \u0259n saf hissl\u0259rd\u0259n biri, b\u0259lk\u0259 d\u0259 birincisidir. \u018fg\u0259r bu hissi ya\u015faya, g\u00f6st\u0259r\u0259, d\u0259y\u0259r ver\u0259 bilirs\u0259ns\u0259, insan olursan. Sevgisin\u0259 d\u0259y\u0259r ver\u0259nl\u0259r\u0259 xor baxanlara is\u0259 ad tapmaq olduqca q\u0259liz m\u0259s\u0259l\u0259dir\u2026<\/p>\n<p>&nbsp;<\/p>\n<div class=\"gallery\">\n<div class=\"gallery-i\"><img src=\"https:\/\/cdn.oxu.az\/uploads\/W1siZiIsIjIwMjIvMDIvMTQvMTgvMzcvMjAvNDNhZWUyOTAtNDE3Yy00OTU0LWFiMGItMDgyYjgxNjRlNWZhLzI3MzgwMjM3OF82NTE1Nzg0NDYwNDg3OTJfMjE1ODY1MjE3Mzk4NTcxODkyMl9uLnBuZyJdLFsicCIsImVuY29kZSIsImpwZyIsIi1xdWFsaXR5IDgwIl0sWyJwIiwidGh1bWIiLCI1OTB4NTkwXHUwMDNlIl1d?sha=9c11731eee5dae46\" alt=\"\" \/><\/p>\n<div class=\"gallery-i-caption\"><\/div>\n<\/div>\n<\/div>\n<\/div>\n<\/article>\n","protected":false},"excerpt":{"rendered":"<p>14 fevral &#8211; M\u00fcq\u0259dd\u0259s Valentin G\u00fcn\u00fc v\u0259 ya Sevgilil\u0259r G\u00fcn\u00fc &#8211; y\u0259qin ki, h\u0259r birimizin h\u0259yat\u0131nda m\u00fch\u00fcm g\u00fcnl\u0259rd\u0259n biridir. Bu g\u00fcn m\u0259hz b\u00fct\u00fcn d\u00fcnyada sevginin t\u0259nt\u0259n\u0259sinin qeyd olundu\u011fu tarixdir. Fevral\u0131n 14-c\u00fc g\u00fcn\u00fc dinind\u0259n, dilind\u0259n, irqind\u0259n as\u0131l\u0131 olmayaraq d\u00fcnyan\u0131n b\u00fct\u00fcn xalqlar\u0131 \u00fc\u00e7\u00fcn sevgiy\u0259 h\u0259sr olunmu\u015f \u0259n ali g\u00fcnd\u00fcr. Burada insanlar\u0131n \u00f6z sevgil\u0259rin\u0259 verdiyi d\u0259y\u0259r, sevginin b\u0259\u015f\u0259r tarixinin \u0259n m\u00fcq\u0259dd\u0259s hisl\u0259rind\u0259n biri olmas\u0131na sonsuz inam \u00f6z \u0259ksini tap\u0131r. T\u0259\u0259ss\u00fcf ki, bu g\u00fcn\u00fcn anlam\u0131n\u0131 d\u0259rk ed\u0259 bilm\u0259y\u0259n, insanlar\u0131n \u00f6z sevgil\u0259rin\u0259 birc\u0259 g\u00fcn\u00fc bel\u0259 h\u0259sr etm\u0259sini h\u0259zm ed\u0259 bilm\u0259y\u0259n insanlar da var. El\u0259 bir&hellip;<\/p>\n","protected":false},"author":2,"featured_media":438912,"comment_status":"closed","ping_status":"closed","sticky":false,"template":"","format":"standard","meta":{"om_disable_all_campaigns":false,"_monsterinsights_skip_tracking":false,"_monsterinsights_sitenote_active":false,"_monsterinsights_sitenote_note":"","_monsterinsights_sitenote_category":0},"categories":[1],"tags":[],"aioseo_notices":[],"gutentor_comment":0,"rttpg_featured_image_url":{"full":["https:\/\/arantv.az\/wp-content\/uploads\/2022\/02\/FotoJet-2022-02-14T183520.132.jpg",620,413,false],"landscape":["https:\/\/arantv.az\/wp-content\/uploads\/2022\/02\/FotoJet-2022-02-14T183520.132.jpg",620,413,false],"portraits":["https:\/\/arantv.az\/wp-content\/uploads\/2022\/02\/FotoJet-2022-02-14T183520.132.jpg",620,413,false],"thumbnail":["https:\/\/arantv.az\/wp-content\/uploads\/2022\/02\/FotoJet-2022-02-14T183520.132-500x280.jpg",500,280,true],"medium":["https:\/\/arantv.az\/wp-content\/uploads\/2022\/02\/FotoJet-2022-02-14T183520.132-548x365.jpg",548,365,true],"large":["https:\/\/arantv.az\/wp-content\/uploads\/2022\/02\/FotoJet-2022-02-14T183520.132.jpg",620,413,false],"1536x1536":["https:\/\/arantv.az\/wp-content\/uploads\/2022\/02\/FotoJet-2022-02-14T183520.132.jpg",620,413,false],"2048x2048":["https:\/\/arantv.az\/wp-content\/uploads\/2022\/02\/FotoJet-2022-02-14T183520.132.jpg",620,413,false],"post-thumbnail":["https:\/\/arantv.az\/wp-content\/uploads\/2022\/02\/FotoJet-2022-02-14T183520.132-240x172.jpg",240,172,true],"advps-thumb-one":["https:\/\/arantv.az\/wp-content\/uploads\/2022\/02\/FotoJet-2022-02-14T183520.132.jpg",620,413,false]},"rttpg_author":{"display_name":"V\u00fcsal Rafiqo\u011flu","author_link":"https:\/\/arantv.az\/?author=2"},"rttpg_comment":0,"rttpg_category":"<a href=\"https:\/\/arantv.az\/?cat=1\" rel=\"category\">C\u0259miyy\u0259t<\/a>","rttpg_excerpt":"14 fevral &#8211; M\u00fcq\u0259dd\u0259s Valentin G\u00fcn\u00fc v\u0259 ya Sevgilil\u0259r G\u00fcn\u00fc &#8211; y\u0259qin ki, h\u0259r birimizin h\u0259yat\u0131nda m\u00fch\u00fcm g\u00fcnl\u0259rd\u0259n biridir. Bu g\u00fcn m\u0259hz b\u00fct\u00fcn d\u00fcnyada sevginin t\u0259nt\u0259n\u0259sinin qeyd olundu\u011fu tarixdir. Fevral\u0131n 14-c\u00fc g\u00fcn\u00fc dinind\u0259n, dilind\u0259n, irqind\u0259n as\u0131l\u0131 olmayaraq d\u00fcnyan\u0131n b\u00fct\u00fcn xalqlar\u0131 \u00fc\u00e7\u00fcn sevgiy\u0259 h\u0259sr olunmu\u015f \u0259n ali g\u00fcnd\u00fcr. Burada insanlar\u0131n \u00f6z sevgil\u0259rin\u0259 verdiyi d\u0259y\u0259r, sevginin b\u0259\u015f\u0259r&hellip;","_links":{"self":[{"href":"https:\/\/arantv.az\/index.php?rest_route=\/wp\/v2\/posts\/438911"}],"collection":[{"href":"https:\/\/arantv.az\/index.php?rest_route=\/wp\/v2\/posts"}],"about":[{"href":"https:\/\/arantv.az\/index.php?rest_route=\/wp\/v2\/types\/post"}],"author":[{"embeddable":true,"href":"https:\/\/arantv.az\/index.php?rest_route=\/wp\/v2\/users\/2"}],"replies":[{"embeddable":true,"href":"https:\/\/arantv.az\/index.php?rest_route=%2Fwp%2Fv2%2Fcomments&post=438911"}],"version-history":[{"count":0,"href":"https:\/\/arantv.az\/index.php?rest_route=\/wp\/v2\/posts\/438911\/revisions"}],"wp:featuredmedia":[{"embeddable":true,"href":"https:\/\/arantv.az\/index.php?rest_route=\/wp\/v2\/media\/438912"}],"wp:attachment":[{"href":"https:\/\/arantv.az\/index.php?rest_route=%2Fwp%2Fv2%2Fmedia&parent=438911"}],"wp:term":[{"taxonomy":"category","embeddable":true,"href":"https:\/\/arantv.az\/index.php?rest_route=%2Fwp%2Fv2%2Fcategories&post=438911"},{"taxonomy":"post_tag","embeddable":true,"href":"https:\/\/arantv.az\/index.php?rest_route=%2Fwp%2Fv2%2Ftags&post=438911"}],"curies":[{"name":"wp","href":"https:\/\/api.w.org\/{rel}","templated":true}]}}