{"id":438916,"date":"2022-02-14T18:37:24","date_gmt":"2022-02-14T15:37:24","guid":{"rendered":"http:\/\/arantv.az\/?p=438916"},"modified":"2022-02-14T18:37:24","modified_gmt":"2022-02-14T15:37:24","slug":"amea-ramiz-mehdiyevin-istefasi-bar%c9%99d%c9%99-m%c9%99lumat-yaydi","status":"publish","type":"post","link":"https:\/\/arantv.az\/?p=438916","title":{"rendered":"AMEA Ramiz Mehdiyevin istefas\u0131 bar\u0259d\u0259 m\u0259lumat yayd\u0131"},"content":{"rendered":"<p>Bu g\u00fcn, fevral\u0131n 14-d\u0259 AMEA R\u0259yas\u0259t Hey\u0259tinin iclas\u0131 ke\u00e7irilib.<\/p>\n<p>\u0130clasda AMEA-n\u0131n prezidenti, akademik Ramiz Mehdiyev v\u0259 R\u0259yas\u0259t Hey\u0259tinin dig\u0259r \u00fczvl\u0259ri i\u015ftirak edibl\u0259r.<\/p>\n<p>\u0130clas\u0131 giri\u015f s\u00f6z\u00fc il\u0259 a\u00e7an akademik Ramiz Mehdiyev son g\u00fcnl\u0259r Akademiya v\u0259 \u015f\u0259xs\u0259n onun \u00f6z\u00fc haqq\u0131nda yay\u0131lan m\u0259lumatlar\u0131n he\u00e7 bir t\u0259siri olmadan ya\u015f\u0131 il\u0259 \u0259laq\u0259dar AMEA-dak\u0131 postunu t\u0259rk etm\u0259y\u0259 q\u0259rar verdiyini bildirib: &#8220;Akademiya b\u00f6y\u00fck yol ke\u00e7ib v\u0259 daim d\u00f6vl\u0259tin yan\u0131nda olmal\u0131d\u0131r. Aliml\u0259rimizin f\u0259aliyy\u0259ti d\u0259 bu y\u00f6nd\u0259 olmal\u0131, b\u00fct\u00fcn i\u015fl\u0259r d\u00f6vl\u0259t siyas\u0259tin\u0259 uy\u011fun qurulmal\u0131d\u0131r&#8221;.<\/p>\n<p>\u00d6lk\u0259 ba\u015f\u00e7\u0131s\u0131 Prezident \u0130lham \u018fliyevin Akademiya prezidentinin f\u0259aliyy\u0259tin\u0259 h\u0259r zaman y\u00fcks\u0259k qiym\u0259t verdiyini dey\u0259n Ramiz Mehdiyev yax\u0131n tarixd\u0259 \u00f6lk\u0259d\u0259 ondan ba\u015fqa he\u00e7 k\u0259s\u0259 &#8220;Heyd\u0259r \u018fliyev&#8221; ordeninin verilm\u0259diyini xat\u0131rlad\u0131b: &#8220;C\u0259nab Prezidentin m\u0259n\u0259 m\u00fcnasib\u0259ti \u00e7ox istidir. M\u0259n h\u0259mi\u015f\u0259 bir \u0259qid\u0259y\u0259 sadiq olmu\u015fam: \u0259vv\u0259l d\u00f6vl\u0259t, sonra \u015f\u0259xsi m\u0259s\u0259l\u0259l\u0259r. C\u0259nab Prezident \u0130lham \u018fliyev Heyd\u0259r \u018fliyevin siyas\u0259tini h\u0259yata ke\u00e7irir. Aliml\u0259rimiz, Akademiyan\u0131n \u00fczvl\u0259ri d\u0259 bu yolda Prezidentin yan\u0131nda olmal\u0131d\u0131rlar&#8221;.<\/p>\n<p>Akademiya prezidenti istefa \u0259riz\u0259si il\u0259 d\u00f6vl\u0259t ba\u015f\u00e7\u0131s\u0131na m\u00fcraci\u0259t ed\u0259c\u0259yini bildirb. Akademik Ramiz Mehdiyev iki il d\u00f6rd ay \u0259rzind\u0259 birlikd\u0259 \u00e7al\u0131\u015fd\u0131\u011f\u0131 R\u0259yas\u0259t Hey\u0259ti \u00fczvl\u0259rin\u0259 t\u0259\u015f\u0259kk\u00fcr edib, pandemiya s\u0259b\u0259bind\u0259n elmimiz ad\u0131na b\u0259zi u\u011furlu layih\u0259l\u0259rin h\u0259yata ke\u00e7iril\u0259 bilm\u0259m\u0259sind\u0259n t\u0259\u0259ss\u00fcf\u00fcn\u00fc \u00e7atd\u0131r\u0131b.<\/p>\n<div>\n<div class=\"AdviadNativeVideo\"><\/div>\n<\/div>\n<p>Daha sonra \u00e7\u0131x\u0131\u015f ed\u0259n R\u0259yas\u0259t Hey\u0259ti \u00fczvl\u0259ri q\u0131sa m\u00fcdd\u0259t \u0259rzind\u0259 Ramiz Mehdiyevin r\u0259hb\u0259rliyi alt\u0131nda xeyli u\u011furlu i\u015fl\u0259rin g\u00f6r\u00fcld\u00fcy\u00fcn\u00fc dem\u0259kl\u0259, onun Akademiya prezidenti v\u0259zif\u0259sind\u0259n ayr\u0131lmas\u0131ndan t\u0259\u0259ss\u00fcf hissl\u0259ri ke\u00e7irdikl\u0259rini dil\u0259 g\u0259tiribl\u0259r. Amma akademikl\u0259 \u0259m\u0259kda\u015fl\u0131\u011f\u0131 g\u0259l\u0259c\u0259kd\u0259 d\u0259 davam etdir\u0259c\u0259kl\u0259rin\u0259 \u00fcmidvar olduqlar\u0131n\u0131 bildiribl\u0259r.<\/p>\n","protected":false},"excerpt":{"rendered":"<p>Bu g\u00fcn, fevral\u0131n 14-d\u0259 AMEA R\u0259yas\u0259t Hey\u0259tinin iclas\u0131 ke\u00e7irilib. \u0130clasda AMEA-n\u0131n prezidenti, akademik Ramiz Mehdiyev v\u0259 R\u0259yas\u0259t Hey\u0259tinin dig\u0259r \u00fczvl\u0259ri i\u015ftirak edibl\u0259r. \u0130clas\u0131 giri\u015f s\u00f6z\u00fc il\u0259 a\u00e7an akademik Ramiz Mehdiyev son g\u00fcnl\u0259r Akademiya v\u0259 \u015f\u0259xs\u0259n onun \u00f6z\u00fc haqq\u0131nda yay\u0131lan m\u0259lumatlar\u0131n he\u00e7 bir t\u0259siri olmadan ya\u015f\u0131 il\u0259 \u0259laq\u0259dar AMEA-dak\u0131 postunu t\u0259rk etm\u0259y\u0259 q\u0259rar verdiyini bildirib: &#8220;Akademiya b\u00f6y\u00fck yol ke\u00e7ib v\u0259 daim d\u00f6vl\u0259tin yan\u0131nda olmal\u0131d\u0131r. Aliml\u0259rimizin f\u0259aliyy\u0259ti d\u0259 bu y\u00f6nd\u0259 olmal\u0131, b\u00fct\u00fcn i\u015fl\u0259r d\u00f6vl\u0259t siyas\u0259tin\u0259 uy\u011fun qurulmal\u0131d\u0131r&#8221;. \u00d6lk\u0259 ba\u015f\u00e7\u0131s\u0131 Prezident \u0130lham \u018fliyevin Akademiya prezidentinin f\u0259aliyy\u0259tin\u0259 h\u0259r zaman y\u00fcks\u0259k qiym\u0259t verdiyini dey\u0259n Ramiz&hellip;<\/p>\n","protected":false},"author":2,"featured_media":438917,"comment_status":"closed","ping_status":"closed","sticky":false,"template":"","format":"standard","meta":{"om_disable_all_campaigns":false,"_monsterinsights_skip_tracking":false,"_monsterinsights_sitenote_active":false,"_monsterinsights_sitenote_note":"","_monsterinsights_sitenote_category":0},"categories":[1],"tags":[],"aioseo_notices":[],"gutentor_comment":0,"rttpg_featured_image_url":{"full":["https:\/\/arantv.az\/wp-content\/uploads\/2022\/02\/amea_042.jpg",800,600,false],"landscape":["https:\/\/arantv.az\/wp-content\/uploads\/2022\/02\/amea_042.jpg",800,600,false],"portraits":["https:\/\/arantv.az\/wp-content\/uploads\/2022\/02\/amea_042.jpg",800,600,false],"thumbnail":["https:\/\/arantv.az\/wp-content\/uploads\/2022\/02\/amea_042-500x280.jpg",500,280,true],"medium":["https:\/\/arantv.az\/wp-content\/uploads\/2022\/02\/amea_042-487x365.jpg",487,365,true],"large":["https:\/\/arantv.az\/wp-content\/uploads\/2022\/02\/amea_042.jpg",640,480,false],"1536x1536":["https:\/\/arantv.az\/wp-content\/uploads\/2022\/02\/amea_042.jpg",800,600,false],"2048x2048":["https:\/\/arantv.az\/wp-content\/uploads\/2022\/02\/amea_042.jpg",800,600,false],"post-thumbnail":["https:\/\/arantv.az\/wp-content\/uploads\/2022\/02\/amea_042-240x172.jpg",240,172,true],"advps-thumb-one":["https:\/\/arantv.az\/wp-content\/uploads\/2022\/02\/amea_042.jpg",800,600,false]},"rttpg_author":{"display_name":"V\u00fcsal Rafiqo\u011flu","author_link":"https:\/\/arantv.az\/?author=2"},"rttpg_comment":0,"rttpg_category":"<a href=\"https:\/\/arantv.az\/?cat=1\" rel=\"category\">C\u0259miyy\u0259t<\/a>","rttpg_excerpt":"Bu g\u00fcn, fevral\u0131n 14-d\u0259 AMEA R\u0259yas\u0259t Hey\u0259tinin iclas\u0131 ke\u00e7irilib. \u0130clasda AMEA-n\u0131n prezidenti, akademik Ramiz Mehdiyev v\u0259 R\u0259yas\u0259t Hey\u0259tinin dig\u0259r \u00fczvl\u0259ri i\u015ftirak edibl\u0259r. \u0130clas\u0131 giri\u015f s\u00f6z\u00fc il\u0259 a\u00e7an akademik Ramiz Mehdiyev son g\u00fcnl\u0259r Akademiya v\u0259 \u015f\u0259xs\u0259n onun \u00f6z\u00fc haqq\u0131nda yay\u0131lan m\u0259lumatlar\u0131n he\u00e7 bir t\u0259siri olmadan ya\u015f\u0131 il\u0259 \u0259laq\u0259dar AMEA-dak\u0131 postunu t\u0259rk etm\u0259y\u0259 q\u0259rar verdiyini bildirib: &#8220;Akademiya&hellip;","_links":{"self":[{"href":"https:\/\/arantv.az\/index.php?rest_route=\/wp\/v2\/posts\/438916"}],"collection":[{"href":"https:\/\/arantv.az\/index.php?rest_route=\/wp\/v2\/posts"}],"about":[{"href":"https:\/\/arantv.az\/index.php?rest_route=\/wp\/v2\/types\/post"}],"author":[{"embeddable":true,"href":"https:\/\/arantv.az\/index.php?rest_route=\/wp\/v2\/users\/2"}],"replies":[{"embeddable":true,"href":"https:\/\/arantv.az\/index.php?rest_route=%2Fwp%2Fv2%2Fcomments&post=438916"}],"version-history":[{"count":0,"href":"https:\/\/arantv.az\/index.php?rest_route=\/wp\/v2\/posts\/438916\/revisions"}],"wp:featuredmedia":[{"embeddable":true,"href":"https:\/\/arantv.az\/index.php?rest_route=\/wp\/v2\/media\/438917"}],"wp:attachment":[{"href":"https:\/\/arantv.az\/index.php?rest_route=%2Fwp%2Fv2%2Fmedia&parent=438916"}],"wp:term":[{"taxonomy":"category","embeddable":true,"href":"https:\/\/arantv.az\/index.php?rest_route=%2Fwp%2Fv2%2Fcategories&post=438916"},{"taxonomy":"post_tag","embeddable":true,"href":"https:\/\/arantv.az\/index.php?rest_route=%2Fwp%2Fv2%2Ftags&post=438916"}],"curies":[{"name":"wp","href":"https:\/\/api.w.org\/{rel}","templated":true}]}}