{"id":438954,"date":"2022-02-14T20:31:46","date_gmt":"2022-02-14T17:31:46","guid":{"rendered":"http:\/\/arantv.az\/?p=438954"},"modified":"2022-02-14T20:31:46","modified_gmt":"2022-02-14T17:31:46","slug":"avtobus-surucul%c9%99rinin-n%c9%99z%c9%99rin%c9%99-sertifikat-olmalidir","status":"publish","type":"post","link":"https:\/\/arantv.az\/?p=438954","title":{"rendered":"Avtobus s\u00fcr\u00fcc\u00fcl\u0259rinin n\u0259z\u0259rin\u0259: Sertifikat olmal\u0131d\u0131r"},"content":{"rendered":"<p>Fevral\u0131n 15-d\u0259n COVID-19 vaksininin 2-ci dozas\u0131n\u0131n vurulmas\u0131ndan sonra alt\u0131 aydan art\u0131q vaxt ke\u00e7\u0259n \u015f\u0259xsl\u0259rin &#8220;Peyv\u0259nd sertifikat\u0131&#8221; etibarl\u0131 hesab edilm\u0259y\u0259c\u0259k. COVID-19-a qar\u015f\u0131 peyv\u0259nd olunman\u0131 t\u0259sdiql\u0259y\u0259n peyv\u0259nd sertifikat\u0131 v\u0259 ya COVID-19-dan sa\u011falaraq immunitet\u0259 malik olman\u0131 t\u0259sdiql\u0259y\u0259n s\u0259n\u0259di, yaxud COVID-19-a qar\u015f\u0131 \u0259ks-g\u00f6st\u0259ri\u015f sertifikat\u0131 olan s\u00fcr\u00fcc\u00fcl\u0259r rayonlaraaras\u0131 avtobus idar\u0259 ed\u0259 bil\u0259r. Y\u0259ni 3-c\u00fc doza vaksinin vaxt\u0131 \u00e7atmayan, 2-ci peyv\u0259ndin olunma tarixind\u0259n 6 ay ke\u00e7m\u0259y\u0259n h\u0259r bir s\u00fcr\u00fcc\u00fc haz\u0131rda avtobuslar\u0131 idar\u0259 etm\u0259k h\u00fcququna malikdir.<\/p>\n<p>Bunu R\u0259q\u0259msal \u0130nki\u015faf v\u0259 N\u0259qliyyat Nazirliyind\u0259n bildiribl\u0259r.<\/p>\n<p>Qeyd edilib ki, haz\u0131rda Bak\u0131 Beyn\u0259lxalq Avtova\u011fzal Kompleksinin \u0259razisind\u0259 vaksinasiya m\u0259nt\u0259q\u0259si f\u0259aliyy\u0259t g\u00f6st\u0259rir. Peyv\u0259ndin olunma vaxt\u0131 yax\u0131nla\u015fan h\u0259r bir s\u00fcr\u00fcc\u00fc v\u0259 s\u0259rni\u015finl\u0259r m\u0259nt\u0259q\u0259y\u0259 yax\u0131nla\u015faraq vaksin oluna bil\u0259r.<\/p>\n<p>Qeyd ed\u0259k ki, sabahdan COVID sertifikatlar\u0131n\u0131n etibarl\u0131l\u0131q m\u00fcdd\u0259ti COVID-19 x\u0259st\u0259liyin\u0259 qar\u015f\u0131 peyv\u0259nd olunman\u0131 t\u0259sdiql\u0259y\u0259n sertifikat \u00fczr\u0259 6 ay, h\u0259min m\u00fcdd\u0259t bitdikd\u0259n sonra peyv\u0259nd istehsal\u00e7\u0131s\u0131n\u0131n istifad\u0259 t\u0259limat\u0131nda iki doza vurulmas\u0131 n\u0259z\u0259rd\u0259 tutulan peyv\u0259ndin daha bir dozas\u0131n\u0131 ald\u0131qda m\u00fcdd\u0259tsiz olacaq. Etibarl\u0131l\u0131q m\u00fcdd\u0259ti COVID-19 x\u0259st\u0259liyin\u0259 yoluxmu\u015f \u015f\u0259xsl\u0259rin sa\u011falaraq immunitet\u0259 malik olmalar\u0131n\u0131 t\u0259sdiq ed\u0259n sertifikat \u00fczr\u0259 6 ay, h\u0259min m\u00fcdd\u0259t bitdikd\u0259n sonra peyv\u0259nd istehsal\u00e7\u0131s\u0131n\u0131n istifad\u0259 t\u0259limat\u0131nda 2 doza vurulmas\u0131 n\u0259z\u0259rd\u0259 tutulan peyv\u0259ndin daha bir dozas\u0131n\u0131 ald\u0131qda m\u00fcdd\u0259tsiz olacaq.<\/p>\n","protected":false},"excerpt":{"rendered":"<p>Fevral\u0131n 15-d\u0259n COVID-19 vaksininin 2-ci dozas\u0131n\u0131n vurulmas\u0131ndan sonra alt\u0131 aydan art\u0131q vaxt ke\u00e7\u0259n \u015f\u0259xsl\u0259rin &#8220;Peyv\u0259nd sertifikat\u0131&#8221; etibarl\u0131 hesab edilm\u0259y\u0259c\u0259k. COVID-19-a qar\u015f\u0131 peyv\u0259nd olunman\u0131 t\u0259sdiql\u0259y\u0259n peyv\u0259nd sertifikat\u0131 v\u0259 ya COVID-19-dan sa\u011falaraq immunitet\u0259 malik olman\u0131 t\u0259sdiql\u0259y\u0259n s\u0259n\u0259di, yaxud COVID-19-a qar\u015f\u0131 \u0259ks-g\u00f6st\u0259ri\u015f sertifikat\u0131 olan s\u00fcr\u00fcc\u00fcl\u0259r rayonlaraaras\u0131 avtobus idar\u0259 ed\u0259 bil\u0259r. Y\u0259ni 3-c\u00fc doza vaksinin vaxt\u0131 \u00e7atmayan, 2-ci peyv\u0259ndin olunma tarixind\u0259n 6 ay ke\u00e7m\u0259y\u0259n h\u0259r bir s\u00fcr\u00fcc\u00fc haz\u0131rda avtobuslar\u0131 idar\u0259 etm\u0259k h\u00fcququna malikdir. Bunu R\u0259q\u0259msal \u0130nki\u015faf v\u0259 N\u0259qliyyat Nazirliyind\u0259n bildiribl\u0259r. Qeyd edilib ki, haz\u0131rda Bak\u0131 Beyn\u0259lxalq Avtova\u011fzal Kompleksinin \u0259razisind\u0259 vaksinasiya m\u0259nt\u0259q\u0259si f\u0259aliyy\u0259t g\u00f6st\u0259rir. Peyv\u0259ndin&hellip;<\/p>\n","protected":false},"author":2,"featured_media":438955,"comment_status":"closed","ping_status":"closed","sticky":false,"template":"","format":"standard","meta":{"om_disable_all_campaigns":false,"_monsterinsights_skip_tracking":false,"_monsterinsights_sitenote_active":false,"_monsterinsights_sitenote_note":"","_monsterinsights_sitenote_category":0},"categories":[1],"tags":[],"aioseo_notices":[],"gutentor_comment":0,"rttpg_featured_image_url":{"full":["https:\/\/arantv.az\/wp-content\/uploads\/2022\/02\/avtovagzal_avtobus_rayon_neoplan.jpg",800,600,false],"landscape":["https:\/\/arantv.az\/wp-content\/uploads\/2022\/02\/avtovagzal_avtobus_rayon_neoplan.jpg",800,600,false],"portraits":["https:\/\/arantv.az\/wp-content\/uploads\/2022\/02\/avtovagzal_avtobus_rayon_neoplan.jpg",800,600,false],"thumbnail":["https:\/\/arantv.az\/wp-content\/uploads\/2022\/02\/avtovagzal_avtobus_rayon_neoplan-500x280.jpg",500,280,true],"medium":["https:\/\/arantv.az\/wp-content\/uploads\/2022\/02\/avtovagzal_avtobus_rayon_neoplan-487x365.jpg",487,365,true],"large":["https:\/\/arantv.az\/wp-content\/uploads\/2022\/02\/avtovagzal_avtobus_rayon_neoplan.jpg",640,480,false],"1536x1536":["https:\/\/arantv.az\/wp-content\/uploads\/2022\/02\/avtovagzal_avtobus_rayon_neoplan.jpg",800,600,false],"2048x2048":["https:\/\/arantv.az\/wp-content\/uploads\/2022\/02\/avtovagzal_avtobus_rayon_neoplan.jpg",800,600,false],"post-thumbnail":["https:\/\/arantv.az\/wp-content\/uploads\/2022\/02\/avtovagzal_avtobus_rayon_neoplan-240x172.jpg",240,172,true],"advps-thumb-one":["https:\/\/arantv.az\/wp-content\/uploads\/2022\/02\/avtovagzal_avtobus_rayon_neoplan.jpg",800,600,false]},"rttpg_author":{"display_name":"V\u00fcsal Rafiqo\u011flu","author_link":"https:\/\/arantv.az\/?author=2"},"rttpg_comment":0,"rttpg_category":"<a href=\"https:\/\/arantv.az\/?cat=1\" rel=\"category\">C\u0259miyy\u0259t<\/a>","rttpg_excerpt":"Fevral\u0131n 15-d\u0259n COVID-19 vaksininin 2-ci dozas\u0131n\u0131n vurulmas\u0131ndan sonra alt\u0131 aydan art\u0131q vaxt ke\u00e7\u0259n \u015f\u0259xsl\u0259rin &#8220;Peyv\u0259nd sertifikat\u0131&#8221; etibarl\u0131 hesab edilm\u0259y\u0259c\u0259k. COVID-19-a qar\u015f\u0131 peyv\u0259nd olunman\u0131 t\u0259sdiql\u0259y\u0259n peyv\u0259nd sertifikat\u0131 v\u0259 ya COVID-19-dan sa\u011falaraq immunitet\u0259 malik olman\u0131 t\u0259sdiql\u0259y\u0259n s\u0259n\u0259di, yaxud COVID-19-a qar\u015f\u0131 \u0259ks-g\u00f6st\u0259ri\u015f sertifikat\u0131 olan s\u00fcr\u00fcc\u00fcl\u0259r rayonlaraaras\u0131 avtobus idar\u0259 ed\u0259 bil\u0259r. Y\u0259ni 3-c\u00fc doza vaksinin vaxt\u0131 \u00e7atmayan, 2-ci peyv\u0259ndin&hellip;","_links":{"self":[{"href":"https:\/\/arantv.az\/index.php?rest_route=\/wp\/v2\/posts\/438954"}],"collection":[{"href":"https:\/\/arantv.az\/index.php?rest_route=\/wp\/v2\/posts"}],"about":[{"href":"https:\/\/arantv.az\/index.php?rest_route=\/wp\/v2\/types\/post"}],"author":[{"embeddable":true,"href":"https:\/\/arantv.az\/index.php?rest_route=\/wp\/v2\/users\/2"}],"replies":[{"embeddable":true,"href":"https:\/\/arantv.az\/index.php?rest_route=%2Fwp%2Fv2%2Fcomments&post=438954"}],"version-history":[{"count":0,"href":"https:\/\/arantv.az\/index.php?rest_route=\/wp\/v2\/posts\/438954\/revisions"}],"wp:featuredmedia":[{"embeddable":true,"href":"https:\/\/arantv.az\/index.php?rest_route=\/wp\/v2\/media\/438955"}],"wp:attachment":[{"href":"https:\/\/arantv.az\/index.php?rest_route=%2Fwp%2Fv2%2Fmedia&parent=438954"}],"wp:term":[{"taxonomy":"category","embeddable":true,"href":"https:\/\/arantv.az\/index.php?rest_route=%2Fwp%2Fv2%2Fcategories&post=438954"},{"taxonomy":"post_tag","embeddable":true,"href":"https:\/\/arantv.az\/index.php?rest_route=%2Fwp%2Fv2%2Ftags&post=438954"}],"curies":[{"name":"wp","href":"https:\/\/api.w.org\/{rel}","templated":true}]}}