{"id":438960,"date":"2022-02-14T20:33:55","date_gmt":"2022-02-14T17:33:55","guid":{"rendered":"http:\/\/arantv.az\/?p=438960"},"modified":"2022-02-14T20:33:55","modified_gmt":"2022-02-14T17:33:55","slug":"k%c9%99sfiyyatci-qazi-dusm%c9%99nin-pusqularindan-mes%c9%99-%c9%99m%c9%99liyyatlarindan-danisdi-video","status":"publish","type":"post","link":"https:\/\/arantv.az\/?p=438960","title":{"rendered":"K\u0259\u015ffiyyat\u00e7\u0131 qazi d\u00fc\u015fm\u0259nin pusqular\u0131ndan, me\u015f\u0259 \u0259m\u0259liyyatlar\u0131ndan DANI\u015eDI &#8211; V\u0130DEO"},"content":{"rendered":"<article class=\"news\">\n<div class=\"news-inner\">\n<p>\u201cNeytral \u0259raziy\u0259 girdiyimiz vaxt d\u00f6rd \u015f\u0259hidimiz oldu. \u00d6n x\u0259ttin yar\u0131lmas\u0131 \u00e7\u0259tindir. D\u00fc\u015fm\u0259nin yuvas\u0131na girm\u0259k \u00fc\u00e7\u00fcn \u00f6n x\u0259tt divarlar\u0131n\u0131 yarmaq laz\u0131md\u0131r\u201d.<\/p>\n<div class=\"AdviadNativeVideo\"><\/div>\n<p>Bunu Baku TV-d\u0259 yay\u0131mlanan \u201c44 g\u00fcn \u0259sg\u0259r R\u0259\u015fadla\u201d verili\u015find\u0259 V\u0259t\u0259n m\u00fcharib\u0259si qazisi El\u015f\u0259n R\u00fcst\u0259mov deyib.<\/p>\n<p>K\u0259\u015ffiyyat qrupunda xidm\u0259t ed\u0259n qazi t\u0259xliyy\u0259sin\u0259 k\u00f6m\u0259k etdiyi yaral\u0131 d\u00f6y\u00fc\u015f yolda\u015flar\u0131ndan, d\u00fc\u015fm\u0259nin pusqular\u0131ndan, me\u015f\u0259 \u0259m\u0259liyyatlar\u0131n\u0131n \u00e7\u0259tinliyind\u0259n dan\u0131\u015f\u0131b.<\/p>\n<p><iframe loading=\"lazy\" title=\"YouTube video player\" src=\"https:\/\/www.youtube.com\/embed\/rDMuaRkTDvY\" width=\"560\" height=\"315\" frameborder=\"0\" allowfullscreen=\"allowfullscreen\" data-mce-fragment=\"1\"><\/iframe><\/p>\n<\/div>\n<\/article>\n","protected":false},"excerpt":{"rendered":"<p>\u201cNeytral \u0259raziy\u0259 girdiyimiz vaxt d\u00f6rd \u015f\u0259hidimiz oldu. \u00d6n x\u0259ttin yar\u0131lmas\u0131 \u00e7\u0259tindir. D\u00fc\u015fm\u0259nin yuvas\u0131na girm\u0259k \u00fc\u00e7\u00fcn \u00f6n x\u0259tt divarlar\u0131n\u0131 yarmaq laz\u0131md\u0131r\u201d. Bunu Baku TV-d\u0259 yay\u0131mlanan \u201c44 g\u00fcn \u0259sg\u0259r R\u0259\u015fadla\u201d verili\u015find\u0259 V\u0259t\u0259n m\u00fcharib\u0259si qazisi El\u015f\u0259n R\u00fcst\u0259mov deyib. K\u0259\u015ffiyyat qrupunda xidm\u0259t ed\u0259n qazi t\u0259xliyy\u0259sin\u0259 k\u00f6m\u0259k etdiyi yaral\u0131 d\u00f6y\u00fc\u015f yolda\u015flar\u0131ndan, d\u00fc\u015fm\u0259nin pusqular\u0131ndan, me\u015f\u0259 \u0259m\u0259liyyatlar\u0131n\u0131n \u00e7\u0259tinliyind\u0259n dan\u0131\u015f\u0131b.<\/p>\n","protected":false},"author":2,"featured_media":438961,"comment_status":"closed","ping_status":"closed","sticky":false,"template":"","format":"standard","meta":{"om_disable_all_campaigns":false,"_monsterinsights_skip_tracking":false,"_monsterinsights_sitenote_active":false,"_monsterinsights_sitenote_note":"","_monsterinsights_sitenote_category":0},"categories":[1],"tags":[],"aioseo_notices":[],"gutentor_comment":0,"rttpg_featured_image_url":{"full":["https:\/\/arantv.az\/wp-content\/uploads\/2022\/02\/FotoJet-2022-02-14T192326.439.jpg",620,413,false],"landscape":["https:\/\/arantv.az\/wp-content\/uploads\/2022\/02\/FotoJet-2022-02-14T192326.439.jpg",620,413,false],"portraits":["https:\/\/arantv.az\/wp-content\/uploads\/2022\/02\/FotoJet-2022-02-14T192326.439.jpg",620,413,false],"thumbnail":["https:\/\/arantv.az\/wp-content\/uploads\/2022\/02\/FotoJet-2022-02-14T192326.439-500x280.jpg",500,280,true],"medium":["https:\/\/arantv.az\/wp-content\/uploads\/2022\/02\/FotoJet-2022-02-14T192326.439-548x365.jpg",548,365,true],"large":["https:\/\/arantv.az\/wp-content\/uploads\/2022\/02\/FotoJet-2022-02-14T192326.439.jpg",620,413,false],"1536x1536":["https:\/\/arantv.az\/wp-content\/uploads\/2022\/02\/FotoJet-2022-02-14T192326.439.jpg",620,413,false],"2048x2048":["https:\/\/arantv.az\/wp-content\/uploads\/2022\/02\/FotoJet-2022-02-14T192326.439.jpg",620,413,false],"post-thumbnail":["https:\/\/arantv.az\/wp-content\/uploads\/2022\/02\/FotoJet-2022-02-14T192326.439-240x172.jpg",240,172,true],"advps-thumb-one":["https:\/\/arantv.az\/wp-content\/uploads\/2022\/02\/FotoJet-2022-02-14T192326.439.jpg",620,413,false]},"rttpg_author":{"display_name":"V\u00fcsal Rafiqo\u011flu","author_link":"https:\/\/arantv.az\/?author=2"},"rttpg_comment":0,"rttpg_category":"<a href=\"https:\/\/arantv.az\/?cat=1\" rel=\"category\">C\u0259miyy\u0259t<\/a>","rttpg_excerpt":"\u201cNeytral \u0259raziy\u0259 girdiyimiz vaxt d\u00f6rd \u015f\u0259hidimiz oldu. \u00d6n x\u0259ttin yar\u0131lmas\u0131 \u00e7\u0259tindir. D\u00fc\u015fm\u0259nin yuvas\u0131na girm\u0259k \u00fc\u00e7\u00fcn \u00f6n x\u0259tt divarlar\u0131n\u0131 yarmaq laz\u0131md\u0131r\u201d. Bunu Baku TV-d\u0259 yay\u0131mlanan \u201c44 g\u00fcn \u0259sg\u0259r R\u0259\u015fadla\u201d verili\u015find\u0259 V\u0259t\u0259n m\u00fcharib\u0259si qazisi El\u015f\u0259n R\u00fcst\u0259mov deyib. K\u0259\u015ffiyyat qrupunda xidm\u0259t ed\u0259n qazi t\u0259xliyy\u0259sin\u0259 k\u00f6m\u0259k etdiyi yaral\u0131 d\u00f6y\u00fc\u015f yolda\u015flar\u0131ndan, d\u00fc\u015fm\u0259nin pusqular\u0131ndan, me\u015f\u0259 \u0259m\u0259liyyatlar\u0131n\u0131n \u00e7\u0259tinliyind\u0259n dan\u0131\u015f\u0131b.","_links":{"self":[{"href":"https:\/\/arantv.az\/index.php?rest_route=\/wp\/v2\/posts\/438960"}],"collection":[{"href":"https:\/\/arantv.az\/index.php?rest_route=\/wp\/v2\/posts"}],"about":[{"href":"https:\/\/arantv.az\/index.php?rest_route=\/wp\/v2\/types\/post"}],"author":[{"embeddable":true,"href":"https:\/\/arantv.az\/index.php?rest_route=\/wp\/v2\/users\/2"}],"replies":[{"embeddable":true,"href":"https:\/\/arantv.az\/index.php?rest_route=%2Fwp%2Fv2%2Fcomments&post=438960"}],"version-history":[{"count":0,"href":"https:\/\/arantv.az\/index.php?rest_route=\/wp\/v2\/posts\/438960\/revisions"}],"wp:featuredmedia":[{"embeddable":true,"href":"https:\/\/arantv.az\/index.php?rest_route=\/wp\/v2\/media\/438961"}],"wp:attachment":[{"href":"https:\/\/arantv.az\/index.php?rest_route=%2Fwp%2Fv2%2Fmedia&parent=438960"}],"wp:term":[{"taxonomy":"category","embeddable":true,"href":"https:\/\/arantv.az\/index.php?rest_route=%2Fwp%2Fv2%2Fcategories&post=438960"},{"taxonomy":"post_tag","embeddable":true,"href":"https:\/\/arantv.az\/index.php?rest_route=%2Fwp%2Fv2%2Ftags&post=438960"}],"curies":[{"name":"wp","href":"https:\/\/api.w.org\/{rel}","templated":true}]}}