{"id":438968,"date":"2022-02-14T20:53:36","date_gmt":"2022-02-14T17:53:36","guid":{"rendered":"http:\/\/arantv.az\/?p=438968"},"modified":"2022-02-15T13:48:49","modified_gmt":"2022-02-15T10:48:49","slug":"aran-internet-televiziyasinin-7-yasi-qeyd-edilib","status":"publish","type":"post","link":"https:\/\/arantv.az\/?p=438968","title":{"rendered":"\u201cAran\u201d internet televiziyas\u0131n\u0131n 7 ya\u015f\u0131 qeyd edilib"},"content":{"rendered":"<p><span class=\"has-inline-color has-vivid-red-color\"><strong>\u201cAran\u201d internet televiziyas\u0131n\u0131n 7 -ci ya\u015f\u0131 yarad\u0131c\u0131 kollektivin i\u015ftirak\u0131 il\u0259 qeyd edilib.<\/strong><\/span><\/p>\n<p><strong>ARANTV.AZ x\u0259b\u0259r verir ki, ad g\u00fcn\u00fc t\u0259dbiri il\u0259 ba\u011fl\u0131 Arantv-nin ofisind\u0259 t\u0259dbir t\u0259\u015fkil edilib. Arantv-nin layih\u0259 r\u0259hb\u0259ri Musa Muradl\u0131 televiziyan\u0131n r\u0259hb\u0259rliyini v\u0259 kollektivini t\u0259brik ed\u0259r\u0259k s\u00f6z\u00fc qonaqlara verib.<\/strong><\/p>\n<p>Qonaq B\u0259rd\u0259 q\u0259zetinin ba\u015f redaktoru Salman \u0130smay\u0131lov Arantv-ni izl\u0259diyini bildirmi\u015f , \u0259ld\u0259 edil\u0259n u\u011furlar\u0131 y\u00fcks\u0259k qiym\u0259tl\u0259ndirmi\u015fd\u0131r.<\/p>\n<p>\u015eair M\u0259tl\u0259b Miskin Arantv-y\u0259 h\u0259sr etdiyi \u015feri oxumu\u015fdur.<\/p>\n<p>Arantv-nin t\u0259sis\u00e7isi V\u00fcsal Bayramov v\u0259 televiziyan\u0131n direktoru Rafiq Bayramov \u00e7\u0131x\u0131\u015f ed\u0259r\u0259k deyil\u0259n xo\u015f s\u00f6zl\u0259r\u0259 g\u00f6r\u0259 qonaqlara minn\u0259tdarl\u0131qlar\u0131n\u0131 bildirmi\u015fl\u0259r.<\/p>\n<p><strong>Media1.az- Musa Muradl\u0131<\/strong><\/p>\n<figure class=\"wp-block-image size-large\"><img loading=\"lazy\" class=\"wp-image-23028\" src=\"https:\/\/media1.az\/wp-content\/uploads\/2022\/02\/aran-1024x768.jpg\" sizes=\"(max-width: 1024px) 100vw, 1024px\" srcset=\"https:\/\/media1.az\/wp-content\/uploads\/2022\/02\/aran-1024x768.jpg 1024w, https:\/\/media1.az\/wp-content\/uploads\/2022\/02\/aran-300x225.jpg 300w, https:\/\/media1.az\/wp-content\/uploads\/2022\/02\/aran-768x576.jpg 768w, https:\/\/media1.az\/wp-content\/uploads\/2022\/02\/aran.jpg 1152w\" alt=\"\" width=\"1024\" height=\"768\" \/><\/figure>\n<figure class=\"wp-block-image size-large\"><img loading=\"lazy\" class=\"wp-image-23031\" src=\"https:\/\/media1.az\/wp-content\/uploads\/2022\/02\/aran2-1024x768.jpg\" sizes=\"(max-width: 1024px) 100vw, 1024px\" srcset=\"https:\/\/media1.az\/wp-content\/uploads\/2022\/02\/aran2-1024x768.jpg 1024w, https:\/\/media1.az\/wp-content\/uploads\/2022\/02\/aran2-300x225.jpg 300w, https:\/\/media1.az\/wp-content\/uploads\/2022\/02\/aran2-768x576.jpg 768w, https:\/\/media1.az\/wp-content\/uploads\/2022\/02\/aran2.jpg 1280w\" alt=\"\" width=\"1024\" height=\"768\" \/><\/figure>\n<figure class=\"wp-block-image size-large\"><img loading=\"lazy\" class=\"wp-image-23032\" src=\"https:\/\/media1.az\/wp-content\/uploads\/2022\/02\/aran-3-1024x768.jpg\" sizes=\"(max-width: 1024px) 100vw, 1024px\" srcset=\"https:\/\/media1.az\/wp-content\/uploads\/2022\/02\/aran-3-1024x768.jpg 1024w, https:\/\/media1.az\/wp-content\/uploads\/2022\/02\/aran-3-300x225.jpg 300w, https:\/\/media1.az\/wp-content\/uploads\/2022\/02\/aran-3-768x576.jpg 768w, https:\/\/media1.az\/wp-content\/uploads\/2022\/02\/aran-3.jpg 1152w\" alt=\"\" width=\"1024\" height=\"768\" \/><\/figure>\n<figure class=\"wp-block-image size-large\"><img loading=\"lazy\" class=\"wp-image-23033\" src=\"https:\/\/media1.az\/wp-content\/uploads\/2022\/02\/aran4-1024x768.jpg\" sizes=\"(max-width: 1024px) 100vw, 1024px\" srcset=\"https:\/\/media1.az\/wp-content\/uploads\/2022\/02\/aran4-1024x768.jpg 1024w, https:\/\/media1.az\/wp-content\/uploads\/2022\/02\/aran4-300x225.jpg 300w, https:\/\/media1.az\/wp-content\/uploads\/2022\/02\/aran4-768x576.jpg 768w, https:\/\/media1.az\/wp-content\/uploads\/2022\/02\/aran4.jpg 1152w\" alt=\"\" width=\"1024\" height=\"768\" \/><\/figure>\n<figure class=\"wp-block-image size-large\"><img loading=\"lazy\" class=\"wp-image-23034\" src=\"https:\/\/media1.az\/wp-content\/uploads\/2022\/02\/aran5-768x1024.jpg\" sizes=\"(max-width: 768px) 100vw, 768px\" srcset=\"https:\/\/media1.az\/wp-content\/uploads\/2022\/02\/aran5-768x1024.jpg 768w, https:\/\/media1.az\/wp-content\/uploads\/2022\/02\/aran5-225x300.jpg 225w, https:\/\/media1.az\/wp-content\/uploads\/2022\/02\/aran5.jpg 960w\" alt=\"\" width=\"768\" height=\"1024\" \/><\/figure>\n<figure class=\"wp-block-image size-large\"><img loading=\"lazy\" class=\"wp-image-23035\" src=\"https:\/\/media1.az\/wp-content\/uploads\/2022\/02\/aran6-768x1024.jpg\" sizes=\"(max-width: 768px) 100vw, 768px\" srcset=\"https:\/\/media1.az\/wp-content\/uploads\/2022\/02\/aran6-768x1024.jpg 768w, https:\/\/media1.az\/wp-content\/uploads\/2022\/02\/aran6-225x300.jpg 225w, https:\/\/media1.az\/wp-content\/uploads\/2022\/02\/aran6.jpg 960w\" alt=\"\" width=\"768\" height=\"1024\" \/><\/figure>\n<figure class=\"wp-block-image size-full\"><img loading=\"lazy\" class=\"wp-image-23038\" src=\"https:\/\/media1.az\/wp-content\/uploads\/2022\/02\/aran7.jpg\" sizes=\"(max-width: 1000px) 100vw, 1000px\" srcset=\"https:\/\/media1.az\/wp-content\/uploads\/2022\/02\/aran7.jpg 1000w, https:\/\/media1.az\/wp-content\/uploads\/2022\/02\/aran7-300x225.jpg 300w, https:\/\/media1.az\/wp-content\/uploads\/2022\/02\/aran7-768x576.jpg 768w\" alt=\"\" width=\"1000\" height=\"750\" \/><\/figure>\n","protected":false},"excerpt":{"rendered":"<p>\u201cAran\u201d internet televiziyas\u0131n\u0131n 7 -ci ya\u015f\u0131 yarad\u0131c\u0131 kollektivin i\u015ftirak\u0131 il\u0259 qeyd edilib. ARANTV.AZ x\u0259b\u0259r verir ki, ad g\u00fcn\u00fc t\u0259dbiri il\u0259 ba\u011fl\u0131 Arantv-nin ofisind\u0259 t\u0259dbir t\u0259\u015fkil edilib. Arantv-nin layih\u0259 r\u0259hb\u0259ri Musa Muradl\u0131 televiziyan\u0131n r\u0259hb\u0259rliyini v\u0259 kollektivini t\u0259brik ed\u0259r\u0259k s\u00f6z\u00fc qonaqlara verib. Qonaq B\u0259rd\u0259 q\u0259zetinin ba\u015f redaktoru Salman \u0130smay\u0131lov Arantv-ni izl\u0259diyini bildirmi\u015f , \u0259ld\u0259 edil\u0259n u\u011furlar\u0131 y\u00fcks\u0259k qiym\u0259tl\u0259ndirmi\u015fd\u0131r. \u015eair M\u0259tl\u0259b Miskin Arantv-y\u0259 h\u0259sr etdiyi \u015feri oxumu\u015fdur. Arantv-nin t\u0259sis\u00e7isi V\u00fcsal Bayramov v\u0259 televiziyan\u0131n direktoru Rafiq Bayramov \u00e7\u0131x\u0131\u015f ed\u0259r\u0259k deyil\u0259n xo\u015f s\u00f6zl\u0259r\u0259 g\u00f6r\u0259 qonaqlara minn\u0259tdarl\u0131qlar\u0131n\u0131 bildirmi\u015fl\u0259r. Media1.az- Musa Muradl\u0131<\/p>\n","protected":false},"author":2,"featured_media":438969,"comment_status":"closed","ping_status":"closed","sticky":false,"template":"","format":"standard","meta":{"om_disable_all_campaigns":false,"_monsterinsights_skip_tracking":false,"_monsterinsights_sitenote_active":false,"_monsterinsights_sitenote_note":"","_monsterinsights_sitenote_category":0},"categories":[19],"tags":[],"aioseo_notices":[],"gutentor_comment":0,"rttpg_featured_image_url":{"full":["https:\/\/arantv.az\/wp-content\/uploads\/2022\/02\/aran4-1024x768-1.jpg",1024,768,false],"landscape":["https:\/\/arantv.az\/wp-content\/uploads\/2022\/02\/aran4-1024x768-1.jpg",1024,768,false],"portraits":["https:\/\/arantv.az\/wp-content\/uploads\/2022\/02\/aran4-1024x768-1.jpg",1024,768,false],"thumbnail":["https:\/\/arantv.az\/wp-content\/uploads\/2022\/02\/aran4-1024x768-1-500x280.jpg",500,280,true],"medium":["https:\/\/arantv.az\/wp-content\/uploads\/2022\/02\/aran4-1024x768-1-487x365.jpg",487,365,true],"large":["https:\/\/arantv.az\/wp-content\/uploads\/2022\/02\/aran4-1024x768-1-840x630.jpg",640,480,true],"1536x1536":["https:\/\/arantv.az\/wp-content\/uploads\/2022\/02\/aran4-1024x768-1.jpg",1024,768,false],"2048x2048":["https:\/\/arantv.az\/wp-content\/uploads\/2022\/02\/aran4-1024x768-1.jpg",1024,768,false],"post-thumbnail":["https:\/\/arantv.az\/wp-content\/uploads\/2022\/02\/aran4-1024x768-1-240x172.jpg",240,172,true],"advps-thumb-one":["https:\/\/arantv.az\/wp-content\/uploads\/2022\/02\/aran4-1024x768-1-1024x620.jpg",1024,620,true]},"rttpg_author":{"display_name":"V\u00fcsal Rafiqo\u011flu","author_link":"https:\/\/arantv.az\/?author=2"},"rttpg_comment":0,"rttpg_category":"<a href=\"https:\/\/arantv.az\/?cat=19\" rel=\"category\">G\u00fcnd\u0259m<\/a>","rttpg_excerpt":"\u201cAran\u201d internet televiziyas\u0131n\u0131n 7 -ci ya\u015f\u0131 yarad\u0131c\u0131 kollektivin i\u015ftirak\u0131 il\u0259 qeyd edilib. ARANTV.AZ x\u0259b\u0259r verir ki, ad g\u00fcn\u00fc t\u0259dbiri il\u0259 ba\u011fl\u0131 Arantv-nin ofisind\u0259 t\u0259dbir t\u0259\u015fkil edilib. Arantv-nin layih\u0259 r\u0259hb\u0259ri Musa Muradl\u0131 televiziyan\u0131n r\u0259hb\u0259rliyini v\u0259 kollektivini t\u0259brik ed\u0259r\u0259k s\u00f6z\u00fc qonaqlara verib. Qonaq B\u0259rd\u0259 q\u0259zetinin ba\u015f redaktoru Salman \u0130smay\u0131lov Arantv-ni izl\u0259diyini bildirmi\u015f , \u0259ld\u0259 edil\u0259n u\u011furlar\u0131 y\u00fcks\u0259k&hellip;","_links":{"self":[{"href":"https:\/\/arantv.az\/index.php?rest_route=\/wp\/v2\/posts\/438968"}],"collection":[{"href":"https:\/\/arantv.az\/index.php?rest_route=\/wp\/v2\/posts"}],"about":[{"href":"https:\/\/arantv.az\/index.php?rest_route=\/wp\/v2\/types\/post"}],"author":[{"embeddable":true,"href":"https:\/\/arantv.az\/index.php?rest_route=\/wp\/v2\/users\/2"}],"replies":[{"embeddable":true,"href":"https:\/\/arantv.az\/index.php?rest_route=%2Fwp%2Fv2%2Fcomments&post=438968"}],"version-history":[{"count":0,"href":"https:\/\/arantv.az\/index.php?rest_route=\/wp\/v2\/posts\/438968\/revisions"}],"wp:featuredmedia":[{"embeddable":true,"href":"https:\/\/arantv.az\/index.php?rest_route=\/wp\/v2\/media\/438969"}],"wp:attachment":[{"href":"https:\/\/arantv.az\/index.php?rest_route=%2Fwp%2Fv2%2Fmedia&parent=438968"}],"wp:term":[{"taxonomy":"category","embeddable":true,"href":"https:\/\/arantv.az\/index.php?rest_route=%2Fwp%2Fv2%2Fcategories&post=438968"},{"taxonomy":"post_tag","embeddable":true,"href":"https:\/\/arantv.az\/index.php?rest_route=%2Fwp%2Fv2%2Ftags&post=438968"}],"curies":[{"name":"wp","href":"https:\/\/api.w.org\/{rel}","templated":true}]}}