{"id":438971,"date":"2022-02-14T20:54:20","date_gmt":"2022-02-14T17:54:20","guid":{"rendered":"http:\/\/arantv.az\/?p=438971"},"modified":"2022-02-14T20:54:20","modified_gmt":"2022-02-14T17:54:20","slug":"taliban-14-fevral-sevgilil%c9%99r-gununu-qeyd-ed%c9%99nl%c9%99r%c9%99-x%c9%99b%c9%99rdarliq-edib-foto","status":"publish","type":"post","link":"https:\/\/arantv.az\/?p=438971","title":{"rendered":"\u201cTaliban\u201d 14 Fevral \u201cSevgilil\u0259r G\u00fcn\u00fc\u201dn\u00fc qeyd ed\u0259nl\u0259r\u0259 x\u0259b\u0259rdarl\u0131q edib &#8211; FOTO"},"content":{"rendered":"<p>\u018ffqan\u0131standa siyasi hakimiyy\u0259t\u0259 g\u0259lmi\u015f \u201cTaliban\u201d qeyri-r\u0259smi \u015f\u0259kild\u0259, t\u0259\u015fkilata yax\u0131n informasiya kanallar\u0131\u00a0vasit\u0259sil\u0259 14 Fevral \u201cSevgilil\u0259r G\u00fcn\u00fc\u201dn\u00fc qeyd ed\u0259nl\u0259r\u0259 x\u0259b\u0259rdarl\u0131q edib.<\/p>\n<div class=\"AdviadNativeVideo\"><\/div>\n<p>X\u0259b\u0259rdarl\u0131qda qeyd olunur ki, \u018ffqan\u0131standa \u201cSevgilil\u0259r G\u00fcn\u00fc\u201dn\u00fc qeyd etm\u0259kd\u0259n \u00e7\u0259kinm\u0259k laz\u0131md\u0131r, \u0259ks halda t\u0259\u015fkilat m\u00fcxt\u0259lif c\u0259za t\u0259dbirl\u0259ri h\u0259yata ke\u00e7ir\u0259\u00a0bil\u0259r.<\/p>\n<p>Buna baxmayaraq paytaxt Kabilin bir s\u0131ra ma\u011fazalar\u0131nda \u201cSevgilil\u0259r G\u00fcn\u00fc\u201d il\u0259 \u0259laq\u0259ar reklam l\u00f6vh\u0259l\u0259ri, \u015farlar as\u0131l\u0131b.<\/p>\n<p>&nbsp;<\/p>\n<div class=\"gallery\">\n<div class=\"gallery-i\"><img src=\"https:\/\/cdn.oxu.az\/uploads\/W1siZiIsIjIwMjIvMDIvMTQvMTMvNTcvMTUvZDNjYTg4ODUtMjkyYy00ZThhLTk0NDMtMDAyZGI2NGFmODhhLzI3MzU3NzYxMl82OTg1MDQzOTExMzkzMTNfMzU3MTM2ODcyNTk0MzU3MjE3X24uanBnIl0sWyJwIiwiZW5jb2RlIiwianBnIiwiLXF1YWxpdHkgODAiXSxbInAiLCJ0aHVtYiIsIjU5MHg1OTBcdTAwM2UiXV0?sha=1b437dbf45a50bb8\" alt=\"\" \/><\/p>\n<div class=\"gallery-i-caption\"><\/div>\n<\/div>\n<div class=\"gallery-i\"><img src=\"https:\/\/cdn.oxu.az\/uploads\/W1siZiIsIjIwMjIvMDIvMTQvMTMvNTcvMTUvMDE2NjQ1NmEtMzQyNi00NzQ5LThiNmEtZjcxZDU2ZDY5ZDk3LzI3MzYwMjMzMl8zMTkxNjMwNTg0NDU5OTI5Xzg1NzkwMjEwMjg2MzU0MTU5ODRfbi5qcGciXSxbInAiLCJlbmNvZGUiLCJqcGciLCItcXVhbGl0eSA4MCJdLFsicCIsInRodW1iIiwiNTkweDU5MFx1MDAzZSJdXQ?sha=7230b108009d718c\" alt=\"\" \/><\/p>\n<div class=\"gallery-i-caption\"><\/div>\n<\/div>\n<div class=\"gallery-i\"><img src=\"https:\/\/cdn.oxu.az\/uploads\/W1siZiIsIjIwMjIvMDIvMTQvMTMvNTcvMTUvOGE2MzNhYWMtNTFiMS00NDkwLTg5MmYtZmM5M2QwMDQ0Zjk1LzI3MzY3NjQ0NF8yODc3MDQwOTk5NTYzODBfNTg2MDUyOTkwMDAyNzAyMjI4NV9uLmpwZyJdLFsicCIsImVuY29kZSIsImpwZyIsIi1xdWFsaXR5IDgwIl0sWyJwIiwidGh1bWIiLCI1OTB4NTkwXHUwMDNlIl1d?sha=3e07f6b8d17d09d6\" alt=\"\" \/><\/p>\n<div class=\"gallery-i-caption\"><\/div>\n<\/div>\n<div class=\"gallery-i\"><img src=\"https:\/\/cdn.oxu.az\/uploads\/W1siZiIsIjIwMjIvMDIvMTQvMTMvNTcvMTYvMTQ0Mjk5MDctMzkzZS00YjIyLTllNzYtMDFkNmJjMDhkYTRhLzI3Mzc0MDA0N182ODQ0NjkwNzYwODE0ODBfNTM1NDM2ODY5Mzg0NDM3MTg2OF9uLmpwZyJdLFsicCIsImVuY29kZSIsImpwZyIsIi1xdWFsaXR5IDgwIl0sWyJwIiwidGh1bWIiLCI1OTB4NTkwXHUwMDNlIl1d?sha=06609bf052d59069\" alt=\"\" \/><\/p>\n<div class=\"gallery-i-caption\"><\/div>\n<\/div>\n<\/div>\n<p>M\u0259nb\u0259: 8am.af<\/p>\n","protected":false},"excerpt":{"rendered":"<p>\u018ffqan\u0131standa siyasi hakimiyy\u0259t\u0259 g\u0259lmi\u015f \u201cTaliban\u201d qeyri-r\u0259smi \u015f\u0259kild\u0259, t\u0259\u015fkilata yax\u0131n informasiya kanallar\u0131\u00a0vasit\u0259sil\u0259 14 Fevral \u201cSevgilil\u0259r G\u00fcn\u00fc\u201dn\u00fc qeyd ed\u0259nl\u0259r\u0259 x\u0259b\u0259rdarl\u0131q edib. X\u0259b\u0259rdarl\u0131qda qeyd olunur ki, \u018ffqan\u0131standa \u201cSevgilil\u0259r G\u00fcn\u00fc\u201dn\u00fc qeyd etm\u0259kd\u0259n \u00e7\u0259kinm\u0259k laz\u0131md\u0131r, \u0259ks halda t\u0259\u015fkilat m\u00fcxt\u0259lif c\u0259za t\u0259dbirl\u0259ri h\u0259yata ke\u00e7ir\u0259\u00a0bil\u0259r. Buna baxmayaraq paytaxt Kabilin bir s\u0131ra ma\u011fazalar\u0131nda \u201cSevgilil\u0259r G\u00fcn\u00fc\u201d il\u0259 \u0259laq\u0259ar reklam l\u00f6vh\u0259l\u0259ri, \u015farlar as\u0131l\u0131b. &nbsp; M\u0259nb\u0259: 8am.af<\/p>\n","protected":false},"author":2,"featured_media":438972,"comment_status":"closed","ping_status":"closed","sticky":false,"template":"","format":"standard","meta":{"om_disable_all_campaigns":false,"_monsterinsights_skip_tracking":false,"_monsterinsights_sitenote_active":false,"_monsterinsights_sitenote_note":"","_monsterinsights_sitenote_category":0},"categories":[7],"tags":[],"aioseo_notices":[],"gutentor_comment":0,"rttpg_featured_image_url":{"full":["https:\/\/arantv.az\/wp-content\/uploads\/2022\/02\/FotoJet-68.jpg",620,413,false],"landscape":["https:\/\/arantv.az\/wp-content\/uploads\/2022\/02\/FotoJet-68.jpg",620,413,false],"portraits":["https:\/\/arantv.az\/wp-content\/uploads\/2022\/02\/FotoJet-68.jpg",620,413,false],"thumbnail":["https:\/\/arantv.az\/wp-content\/uploads\/2022\/02\/FotoJet-68-500x280.jpg",500,280,true],"medium":["https:\/\/arantv.az\/wp-content\/uploads\/2022\/02\/FotoJet-68-548x365.jpg",548,365,true],"large":["https:\/\/arantv.az\/wp-content\/uploads\/2022\/02\/FotoJet-68.jpg",620,413,false],"1536x1536":["https:\/\/arantv.az\/wp-content\/uploads\/2022\/02\/FotoJet-68.jpg",620,413,false],"2048x2048":["https:\/\/arantv.az\/wp-content\/uploads\/2022\/02\/FotoJet-68.jpg",620,413,false],"post-thumbnail":["https:\/\/arantv.az\/wp-content\/uploads\/2022\/02\/FotoJet-68-240x172.jpg",240,172,true],"advps-thumb-one":["https:\/\/arantv.az\/wp-content\/uploads\/2022\/02\/FotoJet-68.jpg",620,413,false]},"rttpg_author":{"display_name":"V\u00fcsal Rafiqo\u011flu","author_link":"https:\/\/arantv.az\/?author=2"},"rttpg_comment":0,"rttpg_category":"<a href=\"https:\/\/arantv.az\/?cat=7\" rel=\"category\">D\u00fcnya<\/a>","rttpg_excerpt":"\u018ffqan\u0131standa siyasi hakimiyy\u0259t\u0259 g\u0259lmi\u015f \u201cTaliban\u201d qeyri-r\u0259smi \u015f\u0259kild\u0259, t\u0259\u015fkilata yax\u0131n informasiya kanallar\u0131\u00a0vasit\u0259sil\u0259 14 Fevral \u201cSevgilil\u0259r G\u00fcn\u00fc\u201dn\u00fc qeyd ed\u0259nl\u0259r\u0259 x\u0259b\u0259rdarl\u0131q edib. X\u0259b\u0259rdarl\u0131qda qeyd olunur ki, \u018ffqan\u0131standa \u201cSevgilil\u0259r G\u00fcn\u00fc\u201dn\u00fc qeyd etm\u0259kd\u0259n \u00e7\u0259kinm\u0259k laz\u0131md\u0131r, \u0259ks halda t\u0259\u015fkilat m\u00fcxt\u0259lif c\u0259za t\u0259dbirl\u0259ri h\u0259yata ke\u00e7ir\u0259\u00a0bil\u0259r. Buna baxmayaraq paytaxt Kabilin bir s\u0131ra ma\u011fazalar\u0131nda \u201cSevgilil\u0259r G\u00fcn\u00fc\u201d il\u0259 \u0259laq\u0259ar reklam l\u00f6vh\u0259l\u0259ri, \u015farlar as\u0131l\u0131b. &nbsp; M\u0259nb\u0259:&hellip;","_links":{"self":[{"href":"https:\/\/arantv.az\/index.php?rest_route=\/wp\/v2\/posts\/438971"}],"collection":[{"href":"https:\/\/arantv.az\/index.php?rest_route=\/wp\/v2\/posts"}],"about":[{"href":"https:\/\/arantv.az\/index.php?rest_route=\/wp\/v2\/types\/post"}],"author":[{"embeddable":true,"href":"https:\/\/arantv.az\/index.php?rest_route=\/wp\/v2\/users\/2"}],"replies":[{"embeddable":true,"href":"https:\/\/arantv.az\/index.php?rest_route=%2Fwp%2Fv2%2Fcomments&post=438971"}],"version-history":[{"count":0,"href":"https:\/\/arantv.az\/index.php?rest_route=\/wp\/v2\/posts\/438971\/revisions"}],"wp:featuredmedia":[{"embeddable":true,"href":"https:\/\/arantv.az\/index.php?rest_route=\/wp\/v2\/media\/438972"}],"wp:attachment":[{"href":"https:\/\/arantv.az\/index.php?rest_route=%2Fwp%2Fv2%2Fmedia&parent=438971"}],"wp:term":[{"taxonomy":"category","embeddable":true,"href":"https:\/\/arantv.az\/index.php?rest_route=%2Fwp%2Fv2%2Fcategories&post=438971"},{"taxonomy":"post_tag","embeddable":true,"href":"https:\/\/arantv.az\/index.php?rest_route=%2Fwp%2Fv2%2Ftags&post=438971"}],"curies":[{"name":"wp","href":"https:\/\/api.w.org\/{rel}","templated":true}]}}