{"id":438988,"date":"2022-02-15T07:53:39","date_gmt":"2022-02-15T04:53:39","guid":{"rendered":"http:\/\/arantv.az\/?p=438988"},"modified":"2022-02-15T07:53:39","modified_gmt":"2022-02-15T04:53:39","slug":"ramiz-mehdiyevin-qohumu-olan-kom%c9%99kcisi-saxlanildi","status":"publish","type":"post","link":"https:\/\/arantv.az\/?p=438988","title":{"rendered":"Ramiz Mehdiyevin qohumu olan k\u00f6m\u0259k\u00e7isi saxlan\u0131ld\u0131"},"content":{"rendered":"<p>AMEA Prezidenti katibliyinin r\u0259isi, siyasi elml\u0259r doktoru Eldar Qurban o\u011flu \u018fmirov saxlan\u0131l\u0131b.<\/p>\n<div class=\"AdviadNativeVideo\"><\/div>\n<p>Unikal.org x\u0259b\u0259r verir ki, E. \u018fmirov h\u00fcquq-m\u00fchafiz\u0259 orqanlar\u0131n\u0131n h\u0259yata ke\u00e7irdiyi \u0259m\u0259liyyat zaman\u0131 tutulub.<\/p>\n<p>Qeyd ed\u0259k ki, E.\u018fmirov\u00a0 bu g\u00fcn AMEA Prezidenti v\u0259zif\u0259sind\u0259n istefa ver\u0259n Ramiz Mehdiyevin bald\u0131z\u0131 o\u011fludur.<\/p>\n<p>O,\u00a0 R.Mehdiyevin Prezident Administrasiyas\u0131nda r\u0259hb\u0259r oldu\u011fu vaxtlar onun k\u00f6m\u0259k\u00e7isi d\u0259 i\u015fl\u0259yib.<\/p>\n","protected":false},"excerpt":{"rendered":"<p>AMEA Prezidenti katibliyinin r\u0259isi, siyasi elml\u0259r doktoru Eldar Qurban o\u011flu \u018fmirov saxlan\u0131l\u0131b. Unikal.org x\u0259b\u0259r verir ki, E. \u018fmirov h\u00fcquq-m\u00fchafiz\u0259 orqanlar\u0131n\u0131n h\u0259yata ke\u00e7irdiyi \u0259m\u0259liyyat zaman\u0131 tutulub. Qeyd ed\u0259k ki, E.\u018fmirov\u00a0 bu g\u00fcn AMEA Prezidenti v\u0259zif\u0259sind\u0259n istefa ver\u0259n Ramiz Mehdiyevin bald\u0131z\u0131 o\u011fludur. O,\u00a0 R.Mehdiyevin Prezident Administrasiyas\u0131nda r\u0259hb\u0259r oldu\u011fu vaxtlar onun k\u00f6m\u0259k\u00e7isi d\u0259 i\u015fl\u0259yib.<\/p>\n","protected":false},"author":2,"featured_media":438989,"comment_status":"closed","ping_status":"closed","sticky":false,"template":"","format":"standard","meta":{"om_disable_all_campaigns":false,"_monsterinsights_skip_tracking":false,"_monsterinsights_sitenote_active":false,"_monsterinsights_sitenote_note":"","_monsterinsights_sitenote_category":0},"categories":[1],"tags":[],"aioseo_notices":[],"gutentor_comment":0,"rttpg_featured_image_url":{"full":["https:\/\/arantv.az\/wp-content\/uploads\/2022\/02\/FotoJet-2022-02-14T221831.793.jpg",620,413,false],"landscape":["https:\/\/arantv.az\/wp-content\/uploads\/2022\/02\/FotoJet-2022-02-14T221831.793.jpg",620,413,false],"portraits":["https:\/\/arantv.az\/wp-content\/uploads\/2022\/02\/FotoJet-2022-02-14T221831.793.jpg",620,413,false],"thumbnail":["https:\/\/arantv.az\/wp-content\/uploads\/2022\/02\/FotoJet-2022-02-14T221831.793-500x280.jpg",500,280,true],"medium":["https:\/\/arantv.az\/wp-content\/uploads\/2022\/02\/FotoJet-2022-02-14T221831.793-548x365.jpg",548,365,true],"large":["https:\/\/arantv.az\/wp-content\/uploads\/2022\/02\/FotoJet-2022-02-14T221831.793.jpg",620,413,false],"1536x1536":["https:\/\/arantv.az\/wp-content\/uploads\/2022\/02\/FotoJet-2022-02-14T221831.793.jpg",620,413,false],"2048x2048":["https:\/\/arantv.az\/wp-content\/uploads\/2022\/02\/FotoJet-2022-02-14T221831.793.jpg",620,413,false],"post-thumbnail":["https:\/\/arantv.az\/wp-content\/uploads\/2022\/02\/FotoJet-2022-02-14T221831.793-240x172.jpg",240,172,true],"advps-thumb-one":["https:\/\/arantv.az\/wp-content\/uploads\/2022\/02\/FotoJet-2022-02-14T221831.793.jpg",620,413,false]},"rttpg_author":{"display_name":"V\u00fcsal Rafiqo\u011flu","author_link":"https:\/\/arantv.az\/?author=2"},"rttpg_comment":0,"rttpg_category":"<a href=\"https:\/\/arantv.az\/?cat=1\" rel=\"category\">C\u0259miyy\u0259t<\/a>","rttpg_excerpt":"AMEA Prezidenti katibliyinin r\u0259isi, siyasi elml\u0259r doktoru Eldar Qurban o\u011flu \u018fmirov saxlan\u0131l\u0131b. Unikal.org x\u0259b\u0259r verir ki, E. \u018fmirov h\u00fcquq-m\u00fchafiz\u0259 orqanlar\u0131n\u0131n h\u0259yata ke\u00e7irdiyi \u0259m\u0259liyyat zaman\u0131 tutulub. Qeyd ed\u0259k ki, E.\u018fmirov\u00a0 bu g\u00fcn AMEA Prezidenti v\u0259zif\u0259sind\u0259n istefa ver\u0259n Ramiz Mehdiyevin bald\u0131z\u0131 o\u011fludur. O,\u00a0 R.Mehdiyevin Prezident Administrasiyas\u0131nda r\u0259hb\u0259r oldu\u011fu vaxtlar onun k\u00f6m\u0259k\u00e7isi d\u0259 i\u015fl\u0259yib.","_links":{"self":[{"href":"https:\/\/arantv.az\/index.php?rest_route=\/wp\/v2\/posts\/438988"}],"collection":[{"href":"https:\/\/arantv.az\/index.php?rest_route=\/wp\/v2\/posts"}],"about":[{"href":"https:\/\/arantv.az\/index.php?rest_route=\/wp\/v2\/types\/post"}],"author":[{"embeddable":true,"href":"https:\/\/arantv.az\/index.php?rest_route=\/wp\/v2\/users\/2"}],"replies":[{"embeddable":true,"href":"https:\/\/arantv.az\/index.php?rest_route=%2Fwp%2Fv2%2Fcomments&post=438988"}],"version-history":[{"count":0,"href":"https:\/\/arantv.az\/index.php?rest_route=\/wp\/v2\/posts\/438988\/revisions"}],"wp:featuredmedia":[{"embeddable":true,"href":"https:\/\/arantv.az\/index.php?rest_route=\/wp\/v2\/media\/438989"}],"wp:attachment":[{"href":"https:\/\/arantv.az\/index.php?rest_route=%2Fwp%2Fv2%2Fmedia&parent=438988"}],"wp:term":[{"taxonomy":"category","embeddable":true,"href":"https:\/\/arantv.az\/index.php?rest_route=%2Fwp%2Fv2%2Fcategories&post=438988"},{"taxonomy":"post_tag","embeddable":true,"href":"https:\/\/arantv.az\/index.php?rest_route=%2Fwp%2Fv2%2Ftags&post=438988"}],"curies":[{"name":"wp","href":"https:\/\/api.w.org\/{rel}","templated":true}]}}