{"id":438991,"date":"2022-02-15T07:54:13","date_gmt":"2022-02-15T04:54:13","guid":{"rendered":"http:\/\/arantv.az\/?p=438991"},"modified":"2022-02-15T07:54:13","modified_gmt":"2022-02-15T04:54:13","slug":"bu-gund%c9%99n-buster-dozasi-olmayanlar-restoran-hotel-v%c9%99-ticar%c9%99t-m%c9%99rk%c9%99zl%c9%99rin%c9%99-daxil-ola-bilm%c9%99y%c9%99c%c9%99k","status":"publish","type":"post","link":"https:\/\/arantv.az\/?p=438991","title":{"rendered":"Bu g\u00fcnd\u0259n buster dozas\u0131 olmayanlar restoran, hotel v\u0259 ticar\u0259t m\u0259rk\u0259zl\u0259rin\u0259 daxil ola bilm\u0259y\u0259c\u0259k"},"content":{"rendered":"<p>Bu g\u00fcnd\u0259n \u00f6lk\u0259d\u0259 f\u0259aliyy\u0259t g\u00f6st\u0259r\u0259n restoran, mehmanxana v\u0259 ticar\u0259t m\u0259rk\u0259zl\u0259rind\u0259 qapal\u0131 m\u0259kanda peyv\u0259nd sertifikat\u0131na dair yeni t\u0259l\u0259bl\u0259r q\u00fcvv\u0259y\u0259 minib.<\/p>\n<div class=\"AdviadNativeVideo\"><\/div>\n<p>Nazirl\u0259r Kabinetinin \u201cX\u00fcsusi karantin rejiminin m\u00fcdd\u0259tinin uzad\u0131lmas\u0131 v\u0259 b\u0259zi m\u0259hdudiyy\u0259tl\u0259rin aradan qald\u0131r\u0131lmas\u0131 il\u0259 ba\u011fl\u0131 t\u0259dbirl\u0259r bar\u0259d\u0259\u201d q\u0259rar\u0131nda etdiyi d\u0259yi\u015fiklikl\u0259 ya\u015f\u0131 18-d\u0259n yuxar\u0131 olan h\u0259min v\u0259t\u0259nda\u015flar\u0131n yuxar\u0131da ad\u0131\u00e7\u0259kil\u0259n m\u0259kanlara giri\u015fin\u0259 m\u0259hdudiyy\u0259t qoyulacaq.<\/p>\n<p>V\u0259t\u0259nda\u015flar qeyd edil\u0259n m\u0259kanlara yaln\u0131z q\u00fcvv\u0259d\u0259 olan COVID-19 vaksin pasportu, immunitet, yaxud \u0259ks-g\u00f6st\u0259ri\u015f sertifikat\u0131 il\u0259 burax\u0131lacaq.<\/p>\n<p>Bundan ba\u015fqa, bu g\u00fcnd\u0259n d\u00f6vl\u0259t qurumlar\u0131nda, h\u0259m\u00e7inin dig\u0259r i\u015f v\u0259 xidm\u0259t sah\u0259l\u0259rind\u0259 \u00e7al\u0131\u015fan i\u015f\u00e7il\u0259rin vaksin pasportunun, immunitet v\u0259 ya \u0259ks-g\u00f6st\u0259ri\u015f sertifikat\u0131n\u0131n olmas\u0131 t\u0259l\u0259b edil\u0259c\u0259k.<\/p>\n<p>Xat\u0131rladaq ki, fevral\u0131n 15-d\u0259n COVID-19 vaksininin 2-ci dozas\u0131n\u0131n \u00fcz\u0259rind\u0259n 6 aydan \u00e7ox vaxt ke\u00e7\u0259n \u015f\u0259xsl\u0259rin \u201cPeyv\u0259nd sertifikat\u0131\u201d etibarl\u0131 hesab edilm\u0259y\u0259c\u0259k.<\/p>\n","protected":false},"excerpt":{"rendered":"<p>Bu g\u00fcnd\u0259n \u00f6lk\u0259d\u0259 f\u0259aliyy\u0259t g\u00f6st\u0259r\u0259n restoran, mehmanxana v\u0259 ticar\u0259t m\u0259rk\u0259zl\u0259rind\u0259 qapal\u0131 m\u0259kanda peyv\u0259nd sertifikat\u0131na dair yeni t\u0259l\u0259bl\u0259r q\u00fcvv\u0259y\u0259 minib. Nazirl\u0259r Kabinetinin \u201cX\u00fcsusi karantin rejiminin m\u00fcdd\u0259tinin uzad\u0131lmas\u0131 v\u0259 b\u0259zi m\u0259hdudiyy\u0259tl\u0259rin aradan qald\u0131r\u0131lmas\u0131 il\u0259 ba\u011fl\u0131 t\u0259dbirl\u0259r bar\u0259d\u0259\u201d q\u0259rar\u0131nda etdiyi d\u0259yi\u015fiklikl\u0259 ya\u015f\u0131 18-d\u0259n yuxar\u0131 olan h\u0259min v\u0259t\u0259nda\u015flar\u0131n yuxar\u0131da ad\u0131\u00e7\u0259kil\u0259n m\u0259kanlara giri\u015fin\u0259 m\u0259hdudiyy\u0259t qoyulacaq. V\u0259t\u0259nda\u015flar qeyd edil\u0259n m\u0259kanlara yaln\u0131z q\u00fcvv\u0259d\u0259 olan COVID-19 vaksin pasportu, immunitet, yaxud \u0259ks-g\u00f6st\u0259ri\u015f sertifikat\u0131 il\u0259 burax\u0131lacaq. Bundan ba\u015fqa, bu g\u00fcnd\u0259n d\u00f6vl\u0259t qurumlar\u0131nda, h\u0259m\u00e7inin dig\u0259r i\u015f v\u0259 xidm\u0259t sah\u0259l\u0259rind\u0259 \u00e7al\u0131\u015fan i\u015f\u00e7il\u0259rin vaksin pasportunun, immunitet v\u0259 ya \u0259ks-g\u00f6st\u0259ri\u015f sertifikat\u0131n\u0131n olmas\u0131 t\u0259l\u0259b edil\u0259c\u0259k.&hellip;<\/p>\n","protected":false},"author":2,"featured_media":438992,"comment_status":"closed","ping_status":"closed","sticky":false,"template":"","format":"standard","meta":{"om_disable_all_campaigns":false,"_monsterinsights_skip_tracking":false,"_monsterinsights_sitenote_active":false,"_monsterinsights_sitenote_note":"","_monsterinsights_sitenote_category":0},"categories":[1],"tags":[],"aioseo_notices":[],"gutentor_comment":0,"rttpg_featured_image_url":{"full":["https:\/\/arantv.az\/wp-content\/uploads\/2022\/02\/FotoJet-2022-02-15T000934.507.jpg",620,413,false],"landscape":["https:\/\/arantv.az\/wp-content\/uploads\/2022\/02\/FotoJet-2022-02-15T000934.507.jpg",620,413,false],"portraits":["https:\/\/arantv.az\/wp-content\/uploads\/2022\/02\/FotoJet-2022-02-15T000934.507.jpg",620,413,false],"thumbnail":["https:\/\/arantv.az\/wp-content\/uploads\/2022\/02\/FotoJet-2022-02-15T000934.507-500x280.jpg",500,280,true],"medium":["https:\/\/arantv.az\/wp-content\/uploads\/2022\/02\/FotoJet-2022-02-15T000934.507-548x365.jpg",548,365,true],"large":["https:\/\/arantv.az\/wp-content\/uploads\/2022\/02\/FotoJet-2022-02-15T000934.507.jpg",620,413,false],"1536x1536":["https:\/\/arantv.az\/wp-content\/uploads\/2022\/02\/FotoJet-2022-02-15T000934.507.jpg",620,413,false],"2048x2048":["https:\/\/arantv.az\/wp-content\/uploads\/2022\/02\/FotoJet-2022-02-15T000934.507.jpg",620,413,false],"post-thumbnail":["https:\/\/arantv.az\/wp-content\/uploads\/2022\/02\/FotoJet-2022-02-15T000934.507-240x172.jpg",240,172,true],"advps-thumb-one":["https:\/\/arantv.az\/wp-content\/uploads\/2022\/02\/FotoJet-2022-02-15T000934.507.jpg",620,413,false]},"rttpg_author":{"display_name":"V\u00fcsal Rafiqo\u011flu","author_link":"https:\/\/arantv.az\/?author=2"},"rttpg_comment":0,"rttpg_category":"<a href=\"https:\/\/arantv.az\/?cat=1\" rel=\"category\">C\u0259miyy\u0259t<\/a>","rttpg_excerpt":"Bu g\u00fcnd\u0259n \u00f6lk\u0259d\u0259 f\u0259aliyy\u0259t g\u00f6st\u0259r\u0259n restoran, mehmanxana v\u0259 ticar\u0259t m\u0259rk\u0259zl\u0259rind\u0259 qapal\u0131 m\u0259kanda peyv\u0259nd sertifikat\u0131na dair yeni t\u0259l\u0259bl\u0259r q\u00fcvv\u0259y\u0259 minib. Nazirl\u0259r Kabinetinin \u201cX\u00fcsusi karantin rejiminin m\u00fcdd\u0259tinin uzad\u0131lmas\u0131 v\u0259 b\u0259zi m\u0259hdudiyy\u0259tl\u0259rin aradan qald\u0131r\u0131lmas\u0131 il\u0259 ba\u011fl\u0131 t\u0259dbirl\u0259r bar\u0259d\u0259\u201d q\u0259rar\u0131nda etdiyi d\u0259yi\u015fiklikl\u0259 ya\u015f\u0131 18-d\u0259n yuxar\u0131 olan h\u0259min v\u0259t\u0259nda\u015flar\u0131n yuxar\u0131da ad\u0131\u00e7\u0259kil\u0259n m\u0259kanlara giri\u015fin\u0259 m\u0259hdudiyy\u0259t qoyulacaq. V\u0259t\u0259nda\u015flar qeyd edil\u0259n m\u0259kanlara yaln\u0131z&hellip;","_links":{"self":[{"href":"https:\/\/arantv.az\/index.php?rest_route=\/wp\/v2\/posts\/438991"}],"collection":[{"href":"https:\/\/arantv.az\/index.php?rest_route=\/wp\/v2\/posts"}],"about":[{"href":"https:\/\/arantv.az\/index.php?rest_route=\/wp\/v2\/types\/post"}],"author":[{"embeddable":true,"href":"https:\/\/arantv.az\/index.php?rest_route=\/wp\/v2\/users\/2"}],"replies":[{"embeddable":true,"href":"https:\/\/arantv.az\/index.php?rest_route=%2Fwp%2Fv2%2Fcomments&post=438991"}],"version-history":[{"count":0,"href":"https:\/\/arantv.az\/index.php?rest_route=\/wp\/v2\/posts\/438991\/revisions"}],"wp:featuredmedia":[{"embeddable":true,"href":"https:\/\/arantv.az\/index.php?rest_route=\/wp\/v2\/media\/438992"}],"wp:attachment":[{"href":"https:\/\/arantv.az\/index.php?rest_route=%2Fwp%2Fv2%2Fmedia&parent=438991"}],"wp:term":[{"taxonomy":"category","embeddable":true,"href":"https:\/\/arantv.az\/index.php?rest_route=%2Fwp%2Fv2%2Fcategories&post=438991"},{"taxonomy":"post_tag","embeddable":true,"href":"https:\/\/arantv.az\/index.php?rest_route=%2Fwp%2Fv2%2Ftags&post=438991"}],"curies":[{"name":"wp","href":"https:\/\/api.w.org\/{rel}","templated":true}]}}