{"id":438994,"date":"2022-02-15T07:55:06","date_gmt":"2022-02-15T04:55:06","guid":{"rendered":"http:\/\/arantv.az\/?p=438994"},"modified":"2022-02-15T07:55:06","modified_gmt":"2022-02-15T04:55:06","slug":"buster-doza-vaksin-vurdurmayan-t%c9%99l%c9%99b%c9%99l%c9%99r-d%c9%99rs%c9%99-buraxilmayacaq","status":"publish","type":"post","link":"https:\/\/arantv.az\/?p=438994","title":{"rendered":"Buster doza vaksin vurdurmayan t\u0259l\u0259b\u0259l\u0259r d\u0259rs\u0259 burax\u0131lmayacaq"},"content":{"rendered":"<p>Bu g\u00fcnd\u0259n b\u00fct\u00fcn elm v\u0259 t\u0259hsil m\u00fc\u0259ssis\u0259l\u0259rinin i\u015f\u00e7il\u0259ri v\u0259 t\u0259l\u0259b\u0259l\u0259r \u00fc\u00e7\u00fcn &#8220;Peyv\u0259nd sertifikat\u0131&#8221;na dair yeni t\u0259l\u0259b q\u00fcvv\u0259y\u0259 minir.<\/p>\n<div class=\"AdviadNativeVideo\"><\/div>\n<p>Nazirl\u0259r Kabinetinin \u201cX\u00fcsusi karantin rejiminin m\u00fcdd\u0259tinin uzad\u0131lmas\u0131 v\u0259 b\u0259zi m\u0259hdudiyy\u0259tl\u0259rin aradan qald\u0131r\u0131lmas\u0131 il\u0259 ba\u011fl\u0131 t\u0259dbirl\u0259r bar\u0259d\u0259\u201d q\u0259rar\u0131nda etdiyi d\u0259yi\u015fiklikl\u0259 fevral\u0131n 15-d\u0259n etibar\u0259n m\u00fclkiyy\u0259t formas\u0131ndan as\u0131l\u0131 olmayaraq, b\u00fct\u00fcn elm v\u0259 t\u0259hsil m\u00fc\u0259ssis\u0259l\u0259rinin i\u015f\u00e7il\u0259rind\u0259n (\u0259m\u0259k v\u0259 ya m\u00fclki m\u00fcqavil\u0259l\u0259rl\u0259 i\u015fl\u0259m\u0259sind\u0259n as\u0131l\u0131 olmayaraq) etibarl\u0131 olan COVID-19-a qar\u015f\u0131 peyv\u0259nd olunman\u0131 t\u0259sdiql\u0259y\u0259n &#8220;Peyv\u0259nd sertifikat\u0131&#8221;n\u0131n v\u0259 ya COVID-19-dan sa\u011falaraq immunitet\u0259 malik olman\u0131 t\u0259sdiql\u0259y\u0259n s\u0259n\u0259din, yaxud COVID-19-a qar\u015f\u0131 peyv\u0259nd\u0259 \u0259ks-g\u00f6st\u0259ri\u015fi m\u00fc\u0259yy\u0259n ed\u0259n &#8220;\u018fks-g\u00f6st\u0259ri\u015f sertifikat\u0131&#8221;n\u0131n olmas\u0131 t\u0259l\u0259b edil\u0259c\u0259k.<\/p>\n<p>Eyni zamanda fevral\u0131n 15-d\u0259n ali v\u0259 orta-ixtisas t\u0259hsili m\u00fc\u0259ssis\u0259sind\u0259 t\u0259hsil alan ya\u015f\u0131 18-d\u0259n yuxar\u0131 olan b\u00fct\u00fcn \u015f\u0259xsl\u0259rin etibarl\u0131 olan COVID-19-a qar\u015f\u0131 peyv\u0259nd olunman\u0131 t\u0259sdiql\u0259y\u0259n &#8220;Peyv\u0259nd sertifikat\u0131&#8221; v\u0259 ya COVID-19-dan sa\u011falaraq immunitet\u0259 malik olman\u0131 t\u0259sdiql\u0259y\u0259n s\u0259n\u0259di, yaxud COVID-19-a qar\u015f\u0131 peyv\u0259nd\u0259 \u0259ks-g\u00f6st\u0259ri\u015fi m\u00fc\u0259yy\u0259n ed\u0259n &#8220;\u018fks-g\u00f6st\u0259ri\u015f sertifikat\u0131&#8221;n\u0131n olmas\u0131 t\u0259l\u0259b edil\u0259c\u0259k. Bu halda yen\u0259 d\u0259 t\u0259hsil alanlar\u0131n say\u0131 200 n\u0259f\u0259rd\u0259n az olan t\u0259hsil m\u00fc\u0259ssis\u0259l\u0259ri istisna olacaq.<\/p>\n<p>Qeyd ed\u0259k ki, fevral\u0131n 15-d\u0259n COVID-19 sertifikatlar\u0131n\u0131n etibarl\u0131l\u0131q m\u00fcdd\u0259ti koronavirus \u0259leyhin\u0259 peyv\u0259nd olunman\u0131 t\u0259sdiql\u0259y\u0259n sertifikat \u00fczr\u0259 6 ay, h\u0259min m\u00fcdd\u0259t bitdikd\u0259n sonra peyv\u0259nd istehsal\u00e7\u0131s\u0131n\u0131n istifad\u0259 t\u0259limat\u0131nda 2 doza vurulmas\u0131 n\u0259z\u0259rd\u0259 tutulan peyv\u0259ndin 1 dozas\u0131n\u0131 ald\u0131qda m\u00fcdd\u0259tsiz olacaq. Etibarl\u0131l\u0131q m\u00fcdd\u0259ti COVID-19 x\u0259st\u0259liyin\u0259 yoluxmu\u015f \u015f\u0259xsl\u0259rin sa\u011falaraq immunitet\u0259 malik olmalar\u0131n\u0131 t\u0259sdiq ed\u0259n sertifikat \u00fczr\u0259 6 ay, h\u0259min m\u00fcdd\u0259t bitdikd\u0259n sonra peyv\u0259nd istehsal\u00e7\u0131s\u0131n\u0131n istifad\u0259 t\u0259limat\u0131nda 2 doza vurulmas\u0131 n\u0259z\u0259rd\u0259 tutulan peyv\u0259ndin 1 dozas\u0131n\u0131 ald\u0131qda m\u00fcdd\u0259tsiz olacaq.<\/p>\n","protected":false},"excerpt":{"rendered":"<p>Bu g\u00fcnd\u0259n b\u00fct\u00fcn elm v\u0259 t\u0259hsil m\u00fc\u0259ssis\u0259l\u0259rinin i\u015f\u00e7il\u0259ri v\u0259 t\u0259l\u0259b\u0259l\u0259r \u00fc\u00e7\u00fcn &#8220;Peyv\u0259nd sertifikat\u0131&#8221;na dair yeni t\u0259l\u0259b q\u00fcvv\u0259y\u0259 minir. Nazirl\u0259r Kabinetinin \u201cX\u00fcsusi karantin rejiminin m\u00fcdd\u0259tinin uzad\u0131lmas\u0131 v\u0259 b\u0259zi m\u0259hdudiyy\u0259tl\u0259rin aradan qald\u0131r\u0131lmas\u0131 il\u0259 ba\u011fl\u0131 t\u0259dbirl\u0259r bar\u0259d\u0259\u201d q\u0259rar\u0131nda etdiyi d\u0259yi\u015fiklikl\u0259 fevral\u0131n 15-d\u0259n etibar\u0259n m\u00fclkiyy\u0259t formas\u0131ndan as\u0131l\u0131 olmayaraq, b\u00fct\u00fcn elm v\u0259 t\u0259hsil m\u00fc\u0259ssis\u0259l\u0259rinin i\u015f\u00e7il\u0259rind\u0259n (\u0259m\u0259k v\u0259 ya m\u00fclki m\u00fcqavil\u0259l\u0259rl\u0259 i\u015fl\u0259m\u0259sind\u0259n as\u0131l\u0131 olmayaraq) etibarl\u0131 olan COVID-19-a qar\u015f\u0131 peyv\u0259nd olunman\u0131 t\u0259sdiql\u0259y\u0259n &#8220;Peyv\u0259nd sertifikat\u0131&#8221;n\u0131n v\u0259 ya COVID-19-dan sa\u011falaraq immunitet\u0259 malik olman\u0131 t\u0259sdiql\u0259y\u0259n s\u0259n\u0259din, yaxud COVID-19-a qar\u015f\u0131 peyv\u0259nd\u0259 \u0259ks-g\u00f6st\u0259ri\u015fi m\u00fc\u0259yy\u0259n ed\u0259n &#8220;\u018fks-g\u00f6st\u0259ri\u015f sertifikat\u0131&#8221;n\u0131n olmas\u0131 t\u0259l\u0259b edil\u0259c\u0259k. Eyni zamanda&hellip;<\/p>\n","protected":false},"author":2,"featured_media":375269,"comment_status":"closed","ping_status":"closed","sticky":false,"template":"","format":"standard","meta":{"om_disable_all_campaigns":false,"_monsterinsights_skip_tracking":false,"_monsterinsights_sitenote_active":false,"_monsterinsights_sitenote_note":"","_monsterinsights_sitenote_category":0},"categories":[1],"tags":[],"aioseo_notices":[],"gutentor_comment":0,"rttpg_featured_image_url":{"full":["https:\/\/arantv.az\/wp-content\/uploads\/2021\/09\/mekteb_y.png",546,395,false],"landscape":["https:\/\/arantv.az\/wp-content\/uploads\/2021\/09\/mekteb_y.png",546,395,false],"portraits":["https:\/\/arantv.az\/wp-content\/uploads\/2021\/09\/mekteb_y.png",546,395,false],"thumbnail":["https:\/\/arantv.az\/wp-content\/uploads\/2021\/09\/mekteb_y-500x280.png",500,280,true],"medium":["https:\/\/arantv.az\/wp-content\/uploads\/2021\/09\/mekteb_y-505x365.png",505,365,true],"large":["https:\/\/arantv.az\/wp-content\/uploads\/2021\/09\/mekteb_y.png",546,395,false],"1536x1536":["https:\/\/arantv.az\/wp-content\/uploads\/2021\/09\/mekteb_y.png",546,395,false],"2048x2048":["https:\/\/arantv.az\/wp-content\/uploads\/2021\/09\/mekteb_y.png",546,395,false],"post-thumbnail":["https:\/\/arantv.az\/wp-content\/uploads\/2021\/09\/mekteb_y-240x172.png",240,172,true],"advps-thumb-one":["https:\/\/arantv.az\/wp-content\/uploads\/2021\/09\/mekteb_y.png",546,395,false]},"rttpg_author":{"display_name":"V\u00fcsal Rafiqo\u011flu","author_link":"https:\/\/arantv.az\/?author=2"},"rttpg_comment":0,"rttpg_category":"<a href=\"https:\/\/arantv.az\/?cat=1\" rel=\"category\">C\u0259miyy\u0259t<\/a>","rttpg_excerpt":"Bu g\u00fcnd\u0259n b\u00fct\u00fcn elm v\u0259 t\u0259hsil m\u00fc\u0259ssis\u0259l\u0259rinin i\u015f\u00e7il\u0259ri v\u0259 t\u0259l\u0259b\u0259l\u0259r \u00fc\u00e7\u00fcn &#8220;Peyv\u0259nd sertifikat\u0131&#8221;na dair yeni t\u0259l\u0259b q\u00fcvv\u0259y\u0259 minir. Nazirl\u0259r Kabinetinin \u201cX\u00fcsusi karantin rejiminin m\u00fcdd\u0259tinin uzad\u0131lmas\u0131 v\u0259 b\u0259zi m\u0259hdudiyy\u0259tl\u0259rin aradan qald\u0131r\u0131lmas\u0131 il\u0259 ba\u011fl\u0131 t\u0259dbirl\u0259r bar\u0259d\u0259\u201d q\u0259rar\u0131nda etdiyi d\u0259yi\u015fiklikl\u0259 fevral\u0131n 15-d\u0259n etibar\u0259n m\u00fclkiyy\u0259t formas\u0131ndan as\u0131l\u0131 olmayaraq, b\u00fct\u00fcn elm v\u0259 t\u0259hsil m\u00fc\u0259ssis\u0259l\u0259rinin i\u015f\u00e7il\u0259rind\u0259n (\u0259m\u0259k v\u0259 ya m\u00fclki m\u00fcqavil\u0259l\u0259rl\u0259&hellip;","_links":{"self":[{"href":"https:\/\/arantv.az\/index.php?rest_route=\/wp\/v2\/posts\/438994"}],"collection":[{"href":"https:\/\/arantv.az\/index.php?rest_route=\/wp\/v2\/posts"}],"about":[{"href":"https:\/\/arantv.az\/index.php?rest_route=\/wp\/v2\/types\/post"}],"author":[{"embeddable":true,"href":"https:\/\/arantv.az\/index.php?rest_route=\/wp\/v2\/users\/2"}],"replies":[{"embeddable":true,"href":"https:\/\/arantv.az\/index.php?rest_route=%2Fwp%2Fv2%2Fcomments&post=438994"}],"version-history":[{"count":0,"href":"https:\/\/arantv.az\/index.php?rest_route=\/wp\/v2\/posts\/438994\/revisions"}],"wp:featuredmedia":[{"embeddable":true,"href":"https:\/\/arantv.az\/index.php?rest_route=\/wp\/v2\/media\/375269"}],"wp:attachment":[{"href":"https:\/\/arantv.az\/index.php?rest_route=%2Fwp%2Fv2%2Fmedia&parent=438994"}],"wp:term":[{"taxonomy":"category","embeddable":true,"href":"https:\/\/arantv.az\/index.php?rest_route=%2Fwp%2Fv2%2Fcategories&post=438994"},{"taxonomy":"post_tag","embeddable":true,"href":"https:\/\/arantv.az\/index.php?rest_route=%2Fwp%2Fv2%2Ftags&post=438994"}],"curies":[{"name":"wp","href":"https:\/\/api.w.org\/{rel}","templated":true}]}}