{"id":439035,"date":"2022-02-15T08:15:51","date_gmt":"2022-02-15T05:15:51","guid":{"rendered":"http:\/\/arantv.az\/?p=439035"},"modified":"2022-02-15T08:15:51","modified_gmt":"2022-02-15T05:15:51","slug":"ramiz-mehdiyev-muxalif%c9%99tl%c9%99-birl%c9%99sir-sok-iddialar","status":"publish","type":"post","link":"https:\/\/arantv.az\/?p=439035","title":{"rendered":"Ramiz Mehdiyev m\u00fcxalif\u0259tl\u0259 birl\u0259\u015fir? &#8211; \u015eOK \u0130DD\u0130ALAR"},"content":{"rendered":"<p><strong>AMEA prezidenti Ramiz Mehdiyev, n\u0259hay\u0259t, postundan istefa verib. O, fevral\u0131n 14-d\u0259 AMEA R\u0259yas\u0259t Hey\u0259tinin iclas\u0131nda istefa ver\u0259c\u0259yini v\u0259 istefa bar\u0259d\u0259 r\u0259smi \u0259riz\u0259sini bu g\u00fcn (15 fevral) t\u0259qdim ed\u0259c\u0259yini a\u00e7\u0131qlay\u0131b.<\/strong><\/p>\n<p>AMEA-n\u0131n vitse-prezidenti, R\u0259yas\u0259t Hey\u0259tinin \u00fczv\u00fc Rasim \u018fliquliyev bildirib ki, fevral\u0131n 14-d\u0259 ke\u00e7iril\u0259n iclasda Ramiz Mehdiyev istefa \u0259riz\u0259sini t\u0259qdim edib.<\/p>\n<p>O qeyd edib ki, \u0259riz\u0259 R\u0259yas\u0259t Hey\u0259ti t\u0259r\u0259find\u0259n q\u0259bul olunub:<\/p>\n<p>\u201cRamiz Mehdiy2ev bildirib ki, fevral\u0131n 15-d\u0259 c\u0259nab Prezident\u0259 \u0259riz\u0259sini g\u00f6nd\u0259r\u0259c\u0259k. O, Akademiyan\u0131n daxilind\u0259 v\u0259 \u0259traf\u0131nda yaranm\u0131\u015f v\u0259ziyy\u0259ti n\u0259z\u0259r\u0259 alaraq istefa verdiyini bildirib\u201d.<\/p>\n<p>Mehdiyev t\u0259msil\u00e7isi olundu\u011fu hakim komandaya asi \u00e7\u0131xmaqda davam edirdi v\u0259 istefas\u0131 d\u0259 qar\u015f\u0131l\u0131ql\u0131 olaraq t\u0259l\u0259b edilirdi. \u201cBoz kardinal\u201d is\u0259 \u00e7\u0131x\u0131\u015flar\u0131nda n\u0259inki h\u00f6kum\u0259ti h\u0259d\u0259f al\u0131r, h\u0259tta onu istefaya \u00e7a\u011f\u0131ranlar\u0131 a\u00e7\u0131q \u015f\u0259kild\u0259 t\u0259hdid edir, \u0259n m\u00fcxt\u0259lif ifad\u0259l\u0259rl\u0259 a\u015fa\u011f\u0131lay\u0131rd\u0131.<\/p>\n<p>Onun davran\u0131\u015flar\u0131 radikal m\u00fcxalif\u0259td\u0259n he\u00e7 d\u0259 f\u0259rql\u0259nmirdi. \u0130stefas\u0131ndan sonra onun daha s\u0259rt m\u00f6vqe tuta bil\u0259c\u0259yi ehtimal olunur.<\/p>\n<p><strong>Ramiz Mehdiyev radikal m\u00fcxalif\u0259tl\u0259 birl\u0259\u015f\u0259 bil\u0259rmi?<\/strong><\/p>\n<p>\u0130ll\u0259r \u00f6nc\u0259d\u0259n Mehdiyevin m\u00fc\u0259yy\u0259n kanallarla radikallarla \u0259laq\u0259sinin olmas\u0131na dair s\u00f6yl\u0259ntil\u0259r vard\u0131. H\u0259tta m\u00fcxalif\u0259tin ke\u00e7irdiyi b\u0259zi mitinql\u0259rin g\u00f6st\u0259ri\u015finin \u201cBoz kardinal\u201d t\u0259r\u0259find\u0259n verildiyin\u0259 dair iddialara da rast g\u0259linib.\u00a0 Bu iddian\u0131n n\u0259 q\u0259d\u0259r do\u011fru olub-olmad\u0131\u011f\u0131n\u0131 dey\u0259 bilm\u0259rik. F\u0259q\u0259t, onun bu g\u00fcn hakimiyy\u0259t\u0259 qar\u015f\u0131 \u0259n radikal siyasi fiqura \u00e7evrildiyi g\u00f6z \u00f6n\u00fcnd\u0259dir.<\/p>\n<p>Son prosesl\u0259rd\u0259 bir m\u0259nz\u0259r\u0259 d\u0259 diqq\u0259tl\u0259ri x\u00fcsusil\u0259 \u00e7\u0259kir. Bel\u0259 ki, \u00f6zl\u0259rini radikal m\u00fcxalif\u0259t adland\u0131ran qurumlar\u0131n r\u0259hb\u0259rl\u0259ri var ki, h\u0259l\u0259 d\u0259 R.Mehdiyev m\u0259s\u0259l\u0259sin\u0259 m\u00fcnasib\u0259t bildirm\u0259yibl\u0259r. Halbuki bloger m\u00fcxalif\u0259ti kimi \u00f6zl\u0259rini aparan bu siyas\u0259t\u00e7il\u0259r hakimiyy\u0259ti t\u0259nqid etm\u0259k \u00fc\u00e7\u00fcn gec\u0259-g\u00fcnd\u00fcz b\u0259han\u0259l\u0259r, yollar axtar\u0131rlar.<\/p>\n<p><img src=\"https:\/\/versus.az\/images\/article\/big\/1570185126_61.jpg\" alt=\"FUAD \u018fL\u0130YEV: Dil\u0259n\u00e7i maa\u015f\u0131 alanlar, dil\u0259n\u00e7i t\u0259qa\u00fcd\u00fcn\u0259 d\u0259 m\u0259hkumdurlar -  Video\" \/><\/p>\n<p><strong>Fuad \u018fliyev: \u201cH\u0259tta onu \u00f6zl\u0259ri \u00fc\u00e7\u00fcn lider elan ed\u0259 bil\u0259rl\u0259r\u201d<\/strong><\/p>\n<p>ALDP r\u0259hb\u0259ri Fuad \u018fliyev Mehdiyevin m\u00fcxalif\u0259tl\u0259 \u0259laq\u0259l\u0259rini istisna etmir: \u201cRamiz Mehdiyevin n\u0259inki radikal m\u00fcxalif\u0259tl\u0259, dig\u0259r b\u0259zi m\u00fcxalif partiyalarla birl\u0259\u015fm\u0259sini d\u0259 istisna etmir\u0259m. Bu partiyalar onun geni\u015f imkanlar\u0131ndan yararlanmaq \u00fc\u00e7\u00fcn h\u0259tta onu \u00f6zl\u0259ri \u00fc\u00e7\u00fcn lider elan ed\u0259 bil\u0259rl\u0259r. Vaxtil\u0259 \u018fli \u0130nsanovla ba\u011fl\u0131\u00a0 dedikl\u0259rini unutmayaq. Ona korrupsionerdir, r\u00fc\u015fv\u0259txordur dey\u0259nl\u0259r, sonradan bunu yaddan \u00e7\u0131xar\u0131b onunla g\u00f6r\u00fc\u015f\u00fcb \u0259m\u0259kda\u015fl\u0131q haqq\u0131nda raz\u0131la\u015fd\u0131lar.\u00a0 M\u00fcxalif\u0259t n\u00fcmay\u0259nd\u0259l\u0259ri, v\u0259t\u0259nda\u015flar\u0131 qeyri-qanuni h\u0259bs etdir\u0259n Eldar H\u0259s\u0259novu m\u00fcdafi\u0259 edirl\u0259r. Prinsipl\u0259rd\u0259n uzaq olan bu m\u00fcxalif\u0259t n\u00fcmay\u0259nd\u0259l\u0259ri \u00f6z \u015f\u0259xsi maraqlar\u0131n\u0131 h\u0259yata ke\u00e7irm\u0259k \u00fc\u00e7\u00fcn ist\u0259nil\u0259n \u201dvurulmu\u015f&#8221; korrupsioner, r\u00fc\u015fv\u0259txor\u00a0 m\u0259murla birl\u0259\u015fm\u0259y\u0259 haz\u0131rd\u0131rlar. B\u0259zil\u0259ri is\u0259 \u00e7oxdan bu m\u0259murlar\u0131n \u201ccib\u201d m\u00fcxalif\u0259tidir. Ona g\u00f6r\u0259 Mehdiyevin b\u0259zi m\u00fcxalif\u0259t n\u00fcmay\u0259nd\u0259l\u0259ri il\u0259 birl\u0259\u015fm\u0259sini istisna etmir\u0259m, h\u0259l\u0259 b\u0259lk\u0259 d\u0259 \u00e7oxdan birl\u0259\u015fibl\u0259r&#8221;.<\/p>\n<p><img loading=\"lazy\" src=\"http:\/\/cdn.musavat.com\/news\/thumbnails\/c7975455734775347d7b788f5756e2e4.jpg\" alt=\"\u018fli Orucov: \u201cS\u0131ravi m\u00fcxalif\u0259t\u00e7il\u0259r partiya r\u0259hb\u0259rliyin\u0259, liderl\u0259rin\u0259  t\u0259zyiql\u0259ri art\u0131rmal\u0131d\u0131r\u201d\" width=\"749\" height=\"499\" \/><\/p>\n<p><strong>\u018fli Orucov: \u201cO, t\u0259kba\u015f\u0131na \u00f6z i\u015finin \u00f6hd\u0259sind\u0259n g\u0259lm\u0259yi bacar\u0131r\u201d<\/strong><\/p>\n<p><strong>AM\u0130P Siyasi \u015euras\u0131n\u0131n \u00fczv\u00fc, politoloq \u018fli Orucov bu birl\u0259\u015fm\u0259ni m\u00fcmk\u00fcns\u00fcz q\u0259bul edir:<\/strong>\u00a0\u201cZ\u0259nn etmir\u0259m ki, AMEA-n\u0131n prezidenti Ramiz Mehdiyev hans\u0131sa m\u00fcxalif\u0259t partiyas\u0131 il\u0259 birl\u0259\u015fsin. Akademik h\u0259l\u0259 ki t\u0259kba\u015f\u0131na \u00f6z i\u015finin \u00f6hd\u0259sind\u0259n g\u0259lm\u0259yi bacar\u0131r. Onun m\u00fcxalif\u0259tl\u0259 birl\u0259\u015fm\u0259si, yaxud da hans\u0131sa \u0259laq\u0259y\u0259 girm\u0259si siyasi intihara s\u0259b\u0259b olard\u0131. Onun h\u00fccum v\u0259 \u00f6z\u00fcn\u00fcm\u00fcdafi\u0259 taktikas\u0131 \u00e7ox hiyl\u0259g\u0259rc\u0259sin\u0259 v\u0259 d\u00fc\u015f\u00fcn\u00fclm\u00fc\u015f \u015f\u0259kild\u0259dir. Bir t\u0259r\u0259fd\u0259n deyir ki, m\u0259rhum prezident Heyd\u0259r \u018fliyev v\u0259 onun varisi \u0130lham \u018fliyev\u0259 sadiq\u0259m, amma dig\u0259r t\u0259r\u0259fd\u0259n is\u0259 onlar\u0131n qurdu\u011fu siyasi sistemi a\u00e7\u0131q-a\u015fkar h\u0259d\u0259f al\u0131r. Parlament\u0259 v\u0259 deputatlara \u201dsaxta&#8221; deyir, ayr\u0131-ayr\u0131 m\u0259murlar\u0131 v\u0259 d\u00f6vl\u0259t strukturlar\u0131n\u0131 bu v\u0259 ya dig\u0259r \u015f\u0259kild\u0259 ciddi ittiham edir. M\u0259nc\u0259, onun m\u00fcxalif\u0259tl\u0259 birl\u0259\u015fm\u0259si hakimiyy\u0259tdaxili qrupla\u015fmalar\u0131n d\u0259st\u0259yind\u0259n d\u0259 m\u0259hrum ed\u0259 bil\u0259r. Dig\u0259r t\u0259r\u0259fd\u0259n, d\u00fc\u015f\u00fcnm\u00fcr\u0259m ki, hans\u0131sa m\u00fcxalif\u0259t partiyas\u0131 hakimiyy\u0259t\u0259 qar\u015f\u0131 \u201cvabank\u201d ged\u0259n Ramiz Mehdiyevl\u0259 \u0259laq\u0259 quraraq \u00f6z\u00fcn\u00fc z\u0259rb\u0259 alt\u0131nda qoysun. Y\u0259ni m\u00fcxalif\u0259t d\u00fc\u015f\u0259rg\u0259sinin d\u0259, h\u0259tta siz dediyiniz radikal m\u00fcxalif\u0259tin d\u0259 R.Mehdiyevl\u0259 birl\u0259\u015fm\u0259sini m\u00fcmk\u00fcn hesab etmir\u0259m. Buna baxmayaraq, bu qar\u015f\u0131durmalardan yararlan\u0131b prosesl\u0259rin daha da \u015fidd\u0259tl\u0259nm\u0259sini maraqla izl\u0259y\u0259c\u0259kl\u0259r. T\u0259bii ki, m\u00fcxalif\u0259tin m\u00fc\u0259yy\u0259n k\u0259simi v\u0259 maraql\u0131 q\u00fcvv\u0259l\u0259r Ramiz Mehdiyevin daha da q\u0131z\u0131\u015fmas\u0131na v\u0259 daha s\u0259rt davran\u0131\u015flar s\u0259rgil\u0259m\u0259sin\u0259 \u00e7al\u0131\u015facaq. Fikrimc\u0259, akademiki radikalla\u015fd\u0131ran h\u0259m d\u0259 hakimiyy\u0259t daxilind\u0259ki b\u0259zi qrupla\u015fmalard\u0131r. \u0130qtidar bu qrupla\u015fman\u0131n qaba\u011f\u0131n\u0131 ala bilm\u0259s\u0259 hadis\u0259l\u0259r daha \u00e7irkin xarakter ala v\u0259 t\u0259hl\u00fck\u0259li fazaya ke\u00e7\u0259 bil\u0259r&#8221;.<\/p>\n<p><strong>REAL-\u0131n icra\u00e7\u0131 katibi Natiq C\u0259f\u0259rli is\u0259 dedi:<\/strong>\u00a0\u201c\u0130ndi \u00e7ox h\u0259ssas, h\u0259m d\u0259 unikal bir \u015fans yaran\u0131b. Postsovet m\u0259kan\u0131nda \u00e7ox ciddi prosesl\u0259r gedir. Ukrayna hadis\u0259l\u0259ri ciddi suallar yarad\u0131r ki, prosesl\u0259r nec\u0259 sonluqla n\u0259tic\u0259l\u0259n\u0259c\u0259k. Bir s\u00f6zl\u0259, postsovet m\u0259kan\u0131n\u0131n yenid\u0259n Rusiyan\u0131n \u0259sar\u0259tin\u0259 ke\u00e7m\u0259sin\u0259 c\u0259hdl\u0259r olunur. Bel\u0259 bir \u015f\u0259raitd\u0259 Az\u0259rbaycanda \u201dbe\u015finci kolon&#8221;un quyusunun bird\u0259f\u0259lik qaz\u0131lmas\u0131 \u00fc\u00e7\u00fcn unikal bir \u015fans yaran\u0131b. Uzun ill\u0259r davam ed\u0259n iqtidar-m\u00fcxalif\u0259t m\u00fcnasib\u0259tl\u0259rinin n\u0259y\u0259 xidm\u0259t etdiyini iqtidar \u00e7ox yax\u015f\u0131 bilir. \u0130ndi iqtidar\u0131n boynunun borcudur ki, bu m\u0259s\u0259l\u0259l\u0259ri tam \u015f\u0259ffaf \u015f\u0259kild\u0259 \u0259haliy\u0259 \u00e7atd\u0131rs\u0131n. Burada hakimiyy\u0259tin \u00f6z\u00fc d\u0259 \u00e7ox maraql\u0131 olmal\u0131d\u0131r. 2000-ci il se\u00e7kil\u0259rind\u0259 n\u0259 ba\u015f verdi? Niy\u0259 M\u00fcsavat\u0131n haql\u0131 q\u0259l\u0259b\u0259si \u0259lind\u0259n al\u0131nd\u0131? N\u0259 \u00fc\u00e7\u00fcn AXCP il\u0259 gizli m\u00fcqavil\u0259l\u0259r imzaland\u0131? N\u0259d\u0259n onlar parlament\u0259 burax\u0131ld\u0131? Hans\u0131 anla\u015fmalar, dan\u0131\u015f\u0131qlar olub? Niy\u0259 2013-c\u00fc ild\u0259 \u201cMilyarderl\u0259r \u0130ttifaq\u0131\u201d v\u0259 Milli \u015eura Rusiyan\u0131n \u0259lind\u0259 bir al\u0259t\u0259 \u00e7evrildi? Az\u0259rbaycana t\u0259zyiq vasit\u0259si kimi bunlardan istifad\u0259 etdil\u0259r? Rusiya v\u0259t\u0259nda\u015f\u0131 olan R\u00fcst\u0259m \u0130brahimb\u0259yov namiz\u0259d g\u00f6st\u0259rildi? B\u00fct\u00fcn bu suallar\u0131n cavab\u0131n\u0131 iqtidar yax\u015f\u0131 bilir. \u0130ndi unikal \u015fans yaran\u0131b ki, bu suallar\u0131n cavablar\u0131n\u0131 a\u00e7\u0131qlas\u0131nlar. Bununla da Az\u0259rbaycan siyasi s\u0259hn\u0259si t\u0259mizl\u0259n\u0259c\u0259k. G\u00f6r\u00fcn\u0259n odur ki, son olaylarda m\u0259qs\u0259dli \u015f\u0259kild\u0259 h\u0259d\u0259fin yay\u0131nd\u0131r\u0131lmas\u0131na c\u0259hdl\u0259r var. \u018fsas\u0259n d\u0259 rusdilli mediada Q\u0259rbin burada inqilab etm\u0259k isterikas\u0131 yarad\u0131l\u0131r. Rusiyan\u0131n buradak\u0131 \u201c5-ci kolon\u201dunun tamamil\u0259 s\u0131radan \u00e7\u0131xar\u0131lmas\u0131 \u015fans\u0131 baltalan\u0131r. Yaranan bu \u015fans\u0131 \u0259ld\u0259n verm\u0259m\u0259liyik&#8221;.<\/p>\n<p><img src=\"https:\/\/toplum.tv\/images\/2021-01\/1611419552861.jpg\" alt=\"Natiq C\u0259f\u0259rli: \u201cSOCAR-da r\u0259hb\u0259rlik d\u0259yi\u015fikliyi son m\u0259rh\u0259l\u0259y\u0259 \u00e7at\u0131b\u201d\" \/><\/p>\n<p><strong>Natiq C\u0259f\u0259rli: \u201cN\u0259 \u00fc\u00e7\u00fcn AXCP il\u0259 gizli m\u00fcqavil\u0259l\u0259r imzaland\u0131?\u201d<\/strong><\/p>\n<p><strong>ADP s\u0259dri S\u0259rdar C\u0259lalo\u011flu Azpolitika.info sayt\u0131na a\u00e7\u0131qlamas\u0131nda bu m\u0259s\u0259l\u0259y\u0259 d\u0259 dolay\u0131s\u0131 il\u0259 toxunub:<\/strong>\u00a0\u201cMehdiyev \u00f6z\u00fc uzun m\u00fcdd\u0259t Prezident Aparat\u0131n\u0131n r\u0259hb\u0259ri oldu\u011fu \u00fc\u00e7\u00fcn m\u00fcxalif\u0259td\u0259 kimin kim oldu\u011funu ondan yax\u015f\u0131 bil\u0259n olmay\u0131b. \u00c7\u00fcnki kims\u0259 onun yan\u0131na pula gedib, b\u0259zisi mandat alma\u011fa gedib, b\u0259zisi v\u0259zif\u0259 ist\u0259yib v\u0259 s. Bu m\u0259nada Mehdiyev kimin kim oldu\u011funu yax\u015f\u0131 bilir. Amma onun dedikl\u0259rinin \u015f\u0259xs\u0259n m\u0259n\u0259 he\u00e7 bir aidiyy\u0259ti yoxdur. \u201dAvtobus m\u00fcxalif\u0259ti&#8221; ifad\u0259sini i\u015fl\u0259d\u0259rk\u0259n guya bizim \u015eu\u015faya, A\u011fdama s\u0259f\u0259rimizi n\u0259z\u0259rd\u0259 tutur. O d\u00f6vrd\u0259 h\u0259min yerl\u0259r\u0259 f\u0259rdi \u015f\u0259kild\u0259 getm\u0259k t\u0259hl\u00fck\u0259li oldu\u011fundan biz Prezident Administrasiyas\u0131n\u0131n t\u0259\u015fkil etdiyi s\u0259f\u0259r\u0259 qat\u0131lm\u0131\u015f\u0131q. Tamamil\u0259 d\u0259 do\u011fru etmi\u015fik. \u00c7\u00fcnki Qaraba\u011f\u0131n i\u015f\u011faldan azad edilm\u0259sind\u0259n sonra bizim m\u0259n\u0259vi haqq\u0131m\u0131z \u00e7at\u0131rd\u0131 ki, \u0259n az\u0131ndan gedib h\u0259min torpaqlar\u0131m\u0131z\u0131 g\u00f6r\u0259k. O torpaqlar u\u011frunda bizim minl\u0259rl\u0259 \u00f6vlad\u0131m\u0131z \u015f\u0259hid olub. \u018flb\u0259tt\u0259, bel\u0259 m\u0259s\u0259l\u0259l\u0259r Mehdiyev \u00fc\u00e7\u00fcn \u0259h\u0259miyy\u0259tli olmaya bil\u0259r.<\/p>\n<p>Bu g\u00fcn is\u0259 ist\u0259nil\u0259n v\u0259t\u0259nda\u015f avtobusa \u0259yl\u0259\u015f\u0259r\u0259k Qaraba\u011fa ged\u0259 bilir. Onda dey\u0259k ki, bizim xalq\u0131m\u0131z \u201cavtobus xalq\u0131d\u0131r\u201d? Bunlar olduqca g\u00fcl\u00fcnc m\u0259s\u0259l\u0259l\u0259rdir&#8221;.<\/p>\n","protected":false},"excerpt":{"rendered":"<p>AMEA prezidenti Ramiz Mehdiyev, n\u0259hay\u0259t, postundan istefa verib. O, fevral\u0131n 14-d\u0259 AMEA R\u0259yas\u0259t Hey\u0259tinin iclas\u0131nda istefa ver\u0259c\u0259yini v\u0259 istefa bar\u0259d\u0259 r\u0259smi \u0259riz\u0259sini bu g\u00fcn (15 fevral) t\u0259qdim ed\u0259c\u0259yini a\u00e7\u0131qlay\u0131b. AMEA-n\u0131n vitse-prezidenti, R\u0259yas\u0259t Hey\u0259tinin \u00fczv\u00fc Rasim \u018fliquliyev bildirib ki, fevral\u0131n 14-d\u0259 ke\u00e7iril\u0259n iclasda Ramiz Mehdiyev istefa \u0259riz\u0259sini t\u0259qdim edib. O qeyd edib ki, \u0259riz\u0259 R\u0259yas\u0259t Hey\u0259ti t\u0259r\u0259find\u0259n q\u0259bul olunub: \u201cRamiz Mehdiy2ev bildirib ki, fevral\u0131n 15-d\u0259 c\u0259nab Prezident\u0259 \u0259riz\u0259sini g\u00f6nd\u0259r\u0259c\u0259k. O, Akademiyan\u0131n daxilind\u0259 v\u0259 \u0259traf\u0131nda yaranm\u0131\u015f v\u0259ziyy\u0259ti n\u0259z\u0259r\u0259 alaraq istefa verdiyini bildirib\u201d. Mehdiyev t\u0259msil\u00e7isi olundu\u011fu hakim komandaya asi \u00e7\u0131xmaqda davam edirdi v\u0259&hellip;<\/p>\n","protected":false},"author":2,"featured_media":439036,"comment_status":"closed","ping_status":"closed","sticky":false,"template":"","format":"standard","meta":{"om_disable_all_campaigns":false,"_monsterinsights_skip_tracking":false,"_monsterinsights_sitenote_active":false,"_monsterinsights_sitenote_note":"","_monsterinsights_sitenote_category":0},"categories":[1],"tags":[],"aioseo_notices":[],"gutentor_comment":0,"rttpg_featured_image_url":{"full":["https:\/\/arantv.az\/wp-content\/uploads\/2022\/02\/0e2764b62125b043fc128dff26567cc7.gif",450,300,false],"landscape":["https:\/\/arantv.az\/wp-content\/uploads\/2022\/02\/0e2764b62125b043fc128dff26567cc7.gif",450,300,false],"portraits":["https:\/\/arantv.az\/wp-content\/uploads\/2022\/02\/0e2764b62125b043fc128dff26567cc7.gif",450,300,false],"thumbnail":["https:\/\/arantv.az\/wp-content\/uploads\/2022\/02\/0e2764b62125b043fc128dff26567cc7-450x280.gif",450,280,true],"medium":["https:\/\/arantv.az\/wp-content\/uploads\/2022\/02\/0e2764b62125b043fc128dff26567cc7.gif",450,300,false],"large":["https:\/\/arantv.az\/wp-content\/uploads\/2022\/02\/0e2764b62125b043fc128dff26567cc7.gif",450,300,false],"1536x1536":["https:\/\/arantv.az\/wp-content\/uploads\/2022\/02\/0e2764b62125b043fc128dff26567cc7.gif",450,300,false],"2048x2048":["https:\/\/arantv.az\/wp-content\/uploads\/2022\/02\/0e2764b62125b043fc128dff26567cc7.gif",450,300,false],"post-thumbnail":["https:\/\/arantv.az\/wp-content\/uploads\/2022\/02\/0e2764b62125b043fc128dff26567cc7-240x172.gif",240,172,true],"advps-thumb-one":["https:\/\/arantv.az\/wp-content\/uploads\/2022\/02\/0e2764b62125b043fc128dff26567cc7.gif",450,300,false]},"rttpg_author":{"display_name":"V\u00fcsal Rafiqo\u011flu","author_link":"https:\/\/arantv.az\/?author=2"},"rttpg_comment":0,"rttpg_category":"<a href=\"https:\/\/arantv.az\/?cat=1\" rel=\"category\">C\u0259miyy\u0259t<\/a>","rttpg_excerpt":"AMEA prezidenti Ramiz Mehdiyev, n\u0259hay\u0259t, postundan istefa verib. O, fevral\u0131n 14-d\u0259 AMEA R\u0259yas\u0259t Hey\u0259tinin iclas\u0131nda istefa ver\u0259c\u0259yini v\u0259 istefa bar\u0259d\u0259 r\u0259smi \u0259riz\u0259sini bu g\u00fcn (15 fevral) t\u0259qdim ed\u0259c\u0259yini a\u00e7\u0131qlay\u0131b. AMEA-n\u0131n vitse-prezidenti, R\u0259yas\u0259t Hey\u0259tinin \u00fczv\u00fc Rasim \u018fliquliyev bildirib ki, fevral\u0131n 14-d\u0259 ke\u00e7iril\u0259n iclasda Ramiz Mehdiyev istefa \u0259riz\u0259sini t\u0259qdim edib. O qeyd edib ki, \u0259riz\u0259 R\u0259yas\u0259t Hey\u0259ti&hellip;","_links":{"self":[{"href":"https:\/\/arantv.az\/index.php?rest_route=\/wp\/v2\/posts\/439035"}],"collection":[{"href":"https:\/\/arantv.az\/index.php?rest_route=\/wp\/v2\/posts"}],"about":[{"href":"https:\/\/arantv.az\/index.php?rest_route=\/wp\/v2\/types\/post"}],"author":[{"embeddable":true,"href":"https:\/\/arantv.az\/index.php?rest_route=\/wp\/v2\/users\/2"}],"replies":[{"embeddable":true,"href":"https:\/\/arantv.az\/index.php?rest_route=%2Fwp%2Fv2%2Fcomments&post=439035"}],"version-history":[{"count":0,"href":"https:\/\/arantv.az\/index.php?rest_route=\/wp\/v2\/posts\/439035\/revisions"}],"wp:featuredmedia":[{"embeddable":true,"href":"https:\/\/arantv.az\/index.php?rest_route=\/wp\/v2\/media\/439036"}],"wp:attachment":[{"href":"https:\/\/arantv.az\/index.php?rest_route=%2Fwp%2Fv2%2Fmedia&parent=439035"}],"wp:term":[{"taxonomy":"category","embeddable":true,"href":"https:\/\/arantv.az\/index.php?rest_route=%2Fwp%2Fv2%2Fcategories&post=439035"},{"taxonomy":"post_tag","embeddable":true,"href":"https:\/\/arantv.az\/index.php?rest_route=%2Fwp%2Fv2%2Ftags&post=439035"}],"curies":[{"name":"wp","href":"https:\/\/api.w.org\/{rel}","templated":true}]}}