{"id":439079,"date":"2022-02-15T08:47:31","date_gmt":"2022-02-15T05:47:31","guid":{"rendered":"http:\/\/arantv.az\/?p=439079"},"modified":"2022-02-15T08:47:31","modified_gmt":"2022-02-15T05:47:31","slug":"dtx-nin-mudafi%c9%99-nazirliyind%c9%99-%c9%99m%c9%99liyyati-rezonans-dogurdu-yeni-h%c9%99bsl%c9%99r-olacaq","status":"publish","type":"post","link":"https:\/\/arantv.az\/?p=439079","title":{"rendered":"DTX-n\u0131n M\u00fcdafi\u0259 Nazirliyind\u0259 \u0259m\u0259liyyat\u0131 rezonans do\u011furdu &#8211; yeni h\u0259bsl\u0259r olacaq"},"content":{"rendered":"<p><strong>M\u00fcdafi\u0259 Nazirliyinin 4 h\u0259rb\u00e7isi 10 milyon manatl\u0131q m\u0259nims\u0259m\u0259d\u0259 ittiham olunaraq h\u0259bs olunub. D\u00f6vl\u0259t T\u0259hl\u00fck\u0259sizliyi Xidm\u0259ti (DTX) M\u00fcdafi\u0259 Nazirliyind\u0259 (MN) ke\u00e7irdiyi \u0259m\u0259liyyat n\u0259tic\u0259sind\u0259 Maliyy\u0259 \u0130dar\u0259sinin r\u0259isi Rafael X\u0259lilov, N sayl\u0131 h\u0259rbi hiss\u0259nin maliyy\u0259 \u015f\u00f6b\u0259sinin r\u0259isi F\u0259zail \u018fliyev, Quru Qo\u015funlar\u0131n\u0131n maliyy\u0259 idar\u0259sinin r\u0259isi Bayram Bayramov v\u0259 maliyy\u0259 idar\u0259sinin zabiti V\u00fcsal \u018fdal\u0259t o\u011flu \u018flizad\u0259 tutulublar. Onlar bar\u0259sind\u0259 4 ayl\u0131q h\u0259bs q\u0259ti-imkan t\u0259dbiri se\u00e7ilib. Onlara Cinay\u0259t M\u0259c\u0259ll\u0259sinin 179.4-c\u00fc (x\u00fcsusil\u0259 k\u00fclli miqdarda m\u0259nims\u0259m\u0259) madd\u0259si il\u0259 ittiham verilib.<\/strong><\/p>\n<p><strong>\u0130stefada olan polkovnik \u015eair Ramaldanov \u201cYeni M\u00fcsavat\u201da deyib ki, D\u00f6vl\u0259t T\u0259hl\u00fck\u0259sizliyi Xidm\u0259tinin M\u00fcdafi\u0259 Nazirliyind\u0259 a\u015fkar etdiyi hallar, yeyintid\u0259n daha \u00e7ox, v\u0259zif\u0259li \u015f\u0259xsl\u0259rin h\u0259rbi xidm\u0259t\u0259 x\u0259yan\u0259ti kimi q\u0259bul edilm\u0259lidir:<\/strong>\u00a0\u201cH\u0259rbi\u00e7i and i\u00e7ir v\u0259 \u00fcz\u0259 \u00e7\u0131xanlar h\u0259rbi anda x\u0259yan\u0259tdir. X\u00fcsus\u0259n V\u0259t\u0259n m\u00fcharib\u0259sind\u0259n sonra c\u0259miyy\u0259td\u0259 h\u0259rbi xidm\u0259t m\u00fcsb\u0259t q\u0259bul edilm\u0259kd\u0259dir. H\u0259yata ke\u00e7iril\u0259n \u0259m\u0259liyyat s\u0131radan bir \u0259m\u0259liyyat deyil. M\u00fcdafi\u0259 Nazirliyind\u0259 korrupsiyaya bula\u015fm\u0131\u015f \u015f\u0259xsl\u0259r art\u0131q saxlan\u0131l\u0131b. Bu \u0259m\u0259liyyat\u0131 m\u00fc\u0259yy\u0259n bir \u015f\u0259kild\u0259 orduda h\u0259yata ke\u00e7iril\u0259n islahatlarla \u0259laq\u0259l\u0259ndirir\u0259m. Az\u0259rbaycan Ordusunda islahatlar gedir. \u0130slahatlar ancaq yeni h\u0259rbi \u015f\u0259h\u0259rcikl\u0259r, yeni h\u0259rbi hiss\u0259l\u0259rin yarad\u0131lmas\u0131 il\u0259 m\u0259hdudla\u015fm\u0131r. Az\u0259rbaycan Silahl\u0131 Q\u00fcvv\u0259l\u0259ri T\u00fcrkiy\u0259 ordu modelin\u0259 ke\u00e7irilir. B\u00fct\u00fcn istiqam\u0259tl\u0259r \u00fczr\u0259 islahartlar gedir. M\u00fcdafi\u0259 Nazirliyind\u0259 bel\u0259 faktlar\u0131n ortaya \u00e7\u0131xar\u0131lmas\u0131n\u0131 da bu bax\u0131mdan islahatlar\u0131n n\u0259tic\u0259si hesab edir\u0259m\u201d.<\/p>\n<p><img loading=\"lazy\" src=\"https:\/\/www.adalet.az\/uploads\/img\/posts\/2021\/07\/16\/shair-ramaldanovjpg-1626382293.jpg\" alt=\"He\u00e7 bir m\u00fcharib\u0259 olmayacaq- \u015eair Ramaldanov\" width=\"704\" height=\"528\" \/><\/p>\n<p><strong>\u015eair Ramaldanov: \u201cMN-d\u0259 Maliyy\u0259 Xidm\u0259tind\u0259 v\u0259zif\u0259li \u015f\u0259xsl\u0259rin bu q\u0259d\u0259r pulu m\u0259nims\u0259m\u0259si \u00fc\u00e7\u00fcn \u015f\u0259raiti kim yarad\u0131b?\u201d<\/strong><\/p>\n<p>\u015eair Ramaldanov hesab edir ki, islahatlar h\u0259m d\u0259 ordudak\u0131 sa\u011flam olmayan b\u00fct\u00fcn m\u00fcnasib\u0259tl\u0259ri ortaya \u00e7\u0131xaracaq: \u201cMaliyy\u0259 Xidm\u0259ti daha \u00e7ox icra\u00e7\u0131d\u0131r. Maliyy\u0259 Xidm\u0259tind\u0259 xidm\u0259t ed\u0259n v\u0259zif\u0259li \u015f\u0259xsl\u0259rin bu q\u0259d\u0259r pulu m\u0259nims\u0259m\u0259si \u00fc\u00e7\u00fcn \u015f\u0259raiti kim yarad\u0131b? Bu \u015f\u0259xsl\u0259rin arxas\u0131nda kim dayan\u0131b? \u0130stintaq orqan\u0131, o c\u00fcml\u0259d\u0259n M\u00fcdafi\u0259 Nazirliyinin r\u0259hb\u0259r v\u0259zif\u0259li \u015f\u0259xsl\u0259ri bu m\u0259s\u0259l\u0259l\u0259r\u0259 m\u00fc\u0259yy\u0259n bir \u015f\u0259kild\u0259 ayd\u0131nl\u0131q g\u0259tir\u0259c\u0259kl\u0259r\u201d.<\/p>\n<p>\u015eair Ramaldanov deyib ki, bel\u0259 hallar\u0131n ortaya \u00e7\u0131xar\u0131lmas\u0131 Az\u0259rbaycan Ordusunda apar\u0131lan islahatlar\u0131n m\u0259ntiqi n\u0259tic\u0259sidir.<\/p>\n<p><img loading=\"lazy\" src=\"https:\/\/cdnn1.img.sputnik.az\/img\/42022\/13\/420221320_111:0:1884:1330_1920x0_80_0_0_00acae016bf6597cbeeab04cea9c1ac2.jpg\" alt=\"Fazil Mustafa: Sputnik-\u0259 etibarl\u0131l\u0131\u011f\u0131 il\u0259 ba\u011fl\u0131 bir d\u0259f\u0259 d\u0259 olsun irad\u0131m\u0131z  olmay\u0131b - 25.05.2020, Sputnik Az\u0259rbaycan\" width=\"728\" height=\"546\" \/><\/p>\n<p>\u201cM\u00fcdafi\u0259 Nazirliyi kimi qapal\u0131 qurumlarda bel\u0259 hallar\u0131n \u00e7i\u00e7\u0259kl\u0259nm\u0259sin\u0259 g\u00f6z yummaq olmaz\u201d<\/p>\n<p><strong>Deputat Fazil Mustafa \u201cYeni M\u00fcsavat\u201da deyib ki, D\u00f6vl\u0259t T\u0259hl\u00fck\u0259sizliyi Xidm\u0259ti t\u0259r\u0259find\u0259n h\u0259yata ke\u00e7iril\u0259n \u0259m\u0259liyyat c\u0259miyy\u0259td\u0259 m\u00fcsb\u0259t qar\u015f\u0131lan\u0131b:<\/strong><\/p>\n<p>\u201cM\u00fcdafi\u0259 Nazirliyi il\u0259 ba\u011fl\u0131 c\u0259miyy\u0259td\u0259 m\u00fcxt\u0259lif fikirl\u0259r s\u0259sl\u0259nir. Mediada, sosial \u015f\u0259b\u0259k\u0259l\u0259rd\u0259 44 g\u00fcnl\u00fck V\u0259t\u0259n m\u00fcharib\u0259si d\u00f6vr\u00fcnd\u0259 b\u0259zi h\u0259rb\u00e7il\u0259rin f\u0259aliyy\u0259tl\u0259ri t\u0259nqid olunur. Ordudak\u0131 yeyintil\u0259rl\u0259 ba\u011fl\u0131 da vaxta\u015f\u0131r\u0131 fikirl\u0259r s\u0259sl\u0259ndirilir. Hesab\u00a0 edir\u0259m ki, bu istiqam\u0259td\u0259 davam ed\u0259n bir tendensiya olacaq. Bu adamlar\u0131n if\u015fa olunmas\u0131, yeyintil\u0259rin \u00fcz\u0259 \u00e7\u0131xar\u0131lmas\u0131 m\u00fcsb\u0259t hald\u0131r. \u00dcmid edir\u0259m ki, ordumuzun g\u0259l\u0259c\u0259yi il\u0259 ba\u011fl\u0131 m\u0259hz bu c\u00fcr add\u0131mlar\u0131n at\u0131lmas\u0131, \u0259n az\u0131 c\u0259miyy\u0259td\u0259 ordumuza etibar\u0131n artmas\u0131 bax\u0131m\u0131ndan,\u00a0 M\u00fcdafi\u0259 Nazirliyi strukturlar\u0131nda t\u0259mizl\u0259m\u0259l\u0259rin apar\u0131lmas\u0131 bax\u0131m\u0131ndan faydal\u0131d\u0131r. M\u00fcdafi\u0259 Nazirliyi kimi qapal\u0131 qurumlarda bel\u0259 hallar\u0131n \u00e7i\u00e7\u0259kl\u0259nm\u0259sin\u0259 g\u00f6z yummaq olmaz. \u0130cra hakimiyy\u0259tl\u0259rind\u0259, dig\u0259r a\u00e7\u0131q nazirlikl\u0259rd\u0259 bel\u0259 hallar\u0131n ba\u015f verm\u0259sind\u0259n \u0259vv\u0259ll\u0259r dan\u0131\u015fm\u0131\u015f\u0131q. M\u00fcdafi\u0259 Nazirliyind\u0259 bel\u0259 \u0259m\u0259liyyat\u0131n ke\u00e7irilm\u0259si c\u0259miyy\u0259td\u0259 m\u00fcsb\u0259t qar\u015f\u0131lan\u0131r. Orduda neqativ hallar\u0131n qar\u015fs\u0131n\u0131n al\u0131nmas\u0131n\u0131 m\u00fcsb\u0259t tendensiya kimi d\u0259y\u0259rl\u0259ndirir\u0259m\u201d.<\/p>\n","protected":false},"excerpt":{"rendered":"<p>M\u00fcdafi\u0259 Nazirliyinin 4 h\u0259rb\u00e7isi 10 milyon manatl\u0131q m\u0259nims\u0259m\u0259d\u0259 ittiham olunaraq h\u0259bs olunub. D\u00f6vl\u0259t T\u0259hl\u00fck\u0259sizliyi Xidm\u0259ti (DTX) M\u00fcdafi\u0259 Nazirliyind\u0259 (MN) ke\u00e7irdiyi \u0259m\u0259liyyat n\u0259tic\u0259sind\u0259 Maliyy\u0259 \u0130dar\u0259sinin r\u0259isi Rafael X\u0259lilov, N sayl\u0131 h\u0259rbi hiss\u0259nin maliyy\u0259 \u015f\u00f6b\u0259sinin r\u0259isi F\u0259zail \u018fliyev, Quru Qo\u015funlar\u0131n\u0131n maliyy\u0259 idar\u0259sinin r\u0259isi Bayram Bayramov v\u0259 maliyy\u0259 idar\u0259sinin zabiti V\u00fcsal \u018fdal\u0259t o\u011flu \u018flizad\u0259 tutulublar. Onlar bar\u0259sind\u0259 4 ayl\u0131q h\u0259bs q\u0259ti-imkan t\u0259dbiri se\u00e7ilib. Onlara Cinay\u0259t M\u0259c\u0259ll\u0259sinin 179.4-c\u00fc (x\u00fcsusil\u0259 k\u00fclli miqdarda m\u0259nims\u0259m\u0259) madd\u0259si il\u0259 ittiham verilib. \u0130stefada olan polkovnik \u015eair Ramaldanov \u201cYeni M\u00fcsavat\u201da deyib ki, D\u00f6vl\u0259t T\u0259hl\u00fck\u0259sizliyi Xidm\u0259tinin M\u00fcdafi\u0259 Nazirliyind\u0259 a\u015fkar etdiyi hallar, yeyintid\u0259n&hellip;<\/p>\n","protected":false},"author":2,"featured_media":439080,"comment_status":"closed","ping_status":"closed","sticky":false,"template":"","format":"standard","meta":{"om_disable_all_campaigns":false,"_monsterinsights_skip_tracking":false,"_monsterinsights_sitenote_active":false,"_monsterinsights_sitenote_note":"","_monsterinsights_sitenote_category":0},"categories":[19],"tags":[],"aioseo_notices":[],"gutentor_comment":0,"rttpg_featured_image_url":{"full":["https:\/\/arantv.az\/wp-content\/uploads\/2022\/02\/cb3102b005efbaf255d62278d95d5efc.jpg",450,300,false],"landscape":["https:\/\/arantv.az\/wp-content\/uploads\/2022\/02\/cb3102b005efbaf255d62278d95d5efc.jpg",450,300,false],"portraits":["https:\/\/arantv.az\/wp-content\/uploads\/2022\/02\/cb3102b005efbaf255d62278d95d5efc.jpg",450,300,false],"thumbnail":["https:\/\/arantv.az\/wp-content\/uploads\/2022\/02\/cb3102b005efbaf255d62278d95d5efc-450x280.jpg",450,280,true],"medium":["https:\/\/arantv.az\/wp-content\/uploads\/2022\/02\/cb3102b005efbaf255d62278d95d5efc.jpg",450,300,false],"large":["https:\/\/arantv.az\/wp-content\/uploads\/2022\/02\/cb3102b005efbaf255d62278d95d5efc.jpg",450,300,false],"1536x1536":["https:\/\/arantv.az\/wp-content\/uploads\/2022\/02\/cb3102b005efbaf255d62278d95d5efc.jpg",450,300,false],"2048x2048":["https:\/\/arantv.az\/wp-content\/uploads\/2022\/02\/cb3102b005efbaf255d62278d95d5efc.jpg",450,300,false],"post-thumbnail":["https:\/\/arantv.az\/wp-content\/uploads\/2022\/02\/cb3102b005efbaf255d62278d95d5efc-240x172.jpg",240,172,true],"advps-thumb-one":["https:\/\/arantv.az\/wp-content\/uploads\/2022\/02\/cb3102b005efbaf255d62278d95d5efc.jpg",450,300,false]},"rttpg_author":{"display_name":"V\u00fcsal Rafiqo\u011flu","author_link":"https:\/\/arantv.az\/?author=2"},"rttpg_comment":0,"rttpg_category":"<a href=\"https:\/\/arantv.az\/?cat=19\" rel=\"category\">G\u00fcnd\u0259m<\/a>","rttpg_excerpt":"M\u00fcdafi\u0259 Nazirliyinin 4 h\u0259rb\u00e7isi 10 milyon manatl\u0131q m\u0259nims\u0259m\u0259d\u0259 ittiham olunaraq h\u0259bs olunub. D\u00f6vl\u0259t T\u0259hl\u00fck\u0259sizliyi Xidm\u0259ti (DTX) M\u00fcdafi\u0259 Nazirliyind\u0259 (MN) ke\u00e7irdiyi \u0259m\u0259liyyat n\u0259tic\u0259sind\u0259 Maliyy\u0259 \u0130dar\u0259sinin r\u0259isi Rafael X\u0259lilov, N sayl\u0131 h\u0259rbi hiss\u0259nin maliyy\u0259 \u015f\u00f6b\u0259sinin r\u0259isi F\u0259zail \u018fliyev, Quru Qo\u015funlar\u0131n\u0131n maliyy\u0259 idar\u0259sinin r\u0259isi Bayram Bayramov v\u0259 maliyy\u0259 idar\u0259sinin zabiti V\u00fcsal \u018fdal\u0259t o\u011flu \u018flizad\u0259 tutulublar. Onlar bar\u0259sind\u0259 4&hellip;","_links":{"self":[{"href":"https:\/\/arantv.az\/index.php?rest_route=\/wp\/v2\/posts\/439079"}],"collection":[{"href":"https:\/\/arantv.az\/index.php?rest_route=\/wp\/v2\/posts"}],"about":[{"href":"https:\/\/arantv.az\/index.php?rest_route=\/wp\/v2\/types\/post"}],"author":[{"embeddable":true,"href":"https:\/\/arantv.az\/index.php?rest_route=\/wp\/v2\/users\/2"}],"replies":[{"embeddable":true,"href":"https:\/\/arantv.az\/index.php?rest_route=%2Fwp%2Fv2%2Fcomments&post=439079"}],"version-history":[{"count":0,"href":"https:\/\/arantv.az\/index.php?rest_route=\/wp\/v2\/posts\/439079\/revisions"}],"wp:featuredmedia":[{"embeddable":true,"href":"https:\/\/arantv.az\/index.php?rest_route=\/wp\/v2\/media\/439080"}],"wp:attachment":[{"href":"https:\/\/arantv.az\/index.php?rest_route=%2Fwp%2Fv2%2Fmedia&parent=439079"}],"wp:term":[{"taxonomy":"category","embeddable":true,"href":"https:\/\/arantv.az\/index.php?rest_route=%2Fwp%2Fv2%2Fcategories&post=439079"},{"taxonomy":"post_tag","embeddable":true,"href":"https:\/\/arantv.az\/index.php?rest_route=%2Fwp%2Fv2%2Ftags&post=439079"}],"curies":[{"name":"wp","href":"https:\/\/api.w.org\/{rel}","templated":true}]}}