{"id":439082,"date":"2022-02-15T08:48:10","date_gmt":"2022-02-15T05:48:10","guid":{"rendered":"http:\/\/arantv.az\/?p=439082"},"modified":"2022-02-15T08:48:10","modified_gmt":"2022-02-15T05:48:10","slug":"turkiy%c9%99d%c9%99-6-partiya-idar%c9%99ciliyi-d%c9%99yism%c9%99k-ucun-birl%c9%99sdi-ilginc-iddialar","status":"publish","type":"post","link":"https:\/\/arantv.az\/?p=439082","title":{"rendered":"T\u00fcrkiy\u0259d\u0259 6 partiya idar\u0259\u00e7iliyi d\u0259yi\u015fm\u0259k \u00fc\u00e7\u00fcn birl\u0259\u015fdi &#8211; ilginc iddialar"},"content":{"rendered":"<p><strong>Q\u0259rb qarda\u015f \u00f6lk\u0259 \u00fcz\u0259rind\u0259 h\u0259r\u0259k\u0259t\u0259 ke\u00e7ib?<\/strong><\/p>\n<p>T\u00fcrkiy\u0259nin 6 m\u00fcxalif\u0259t partiyas\u0131n\u0131n lideri prezident \u00fcsul-idar\u0259sinin parlamentar sisteml\u0259 \u0259v\u0259zl\u0259nm\u0259si \u00fc\u00e7\u00fcn bir araya g\u0259lib. Bunlar \u0130Y\u0130 Partiya lideri Maral Ak\u015fener, \u201cS\u0259ad\u0259t\u201d lideri T\u0259m\u0259l Qaramollao\u011flu, \u201cDemokrat Partiya\u201d lideri G\u00fclt\u0259kin Uysal, \u201cG\u0259l\u0259c\u0259k Partiyas\u0131\u201d lideri \u018fhm\u0259d Davudo\u011flu, DEVA partiyas\u0131n\u0131n lideri \u018fli Babacan v\u0259 CHP lideri Kamal K\u0131l\u0131\u00e7daro\u011fludur.<\/p>\n<p><strong>Bildirilir ki, bu partiyalar iqtisadi b\u00f6hrandan \u00e7\u0131x\u0131\u015f \u00fc\u00e7\u00fcn ortaq proqram haz\u0131rlay\u0131b, ictimaiyy\u0259t\u0259 t\u0259qdim ed\u0259c\u0259kl\u0259r.<\/strong><\/p>\n<p>Sabiq nazirl\u0259r AKP-d\u0259n qopmu\u015f Babacan v\u0259 Davudo\u011flundan s\u00f6z d\u00fc\u015fm\u00fc\u015fk\u0259n, unutmayaq ki, bu iki \u015f\u0259xs b\u0259dnam S\u00fcrix protokollar\u0131n\u0131n \u0259sas ideya m\u00fc\u0259llifl\u0259rind\u0259n olublar. Onlar\u0131n da yax\u0131ndan i\u015ftirak\u0131 il\u0259 h\u0259yata ke\u00e7irilm\u0259k ist\u0259y\u0259n Erm\u0259nistanla s\u0259rh\u0259di a\u00e7maq t\u0259\u015f\u0259bb\u00fcs\u00fc o vaxt Az\u0259rbaycan\u0131 \u00e7ox yaralad\u0131 v\u0259 qarda\u015f T\u00fcrkiy\u0259 il\u0259 m\u00fcnasib\u0259tl\u0259rin g\u0259rginl\u0259\u015fm\u0259sin\u0259 s\u0259b\u0259b oldu. Sonradan o vaxt ba\u015f nazir olan R\u0259c\u0259b Tayyib \u018frdo\u011fan bu xain plan\u0131 \u0259linin t\u0259rsi il\u0259 geri \u00e7evirdi, ba\u015f tutmas\u0131n\u0131 \u0259ng\u0259ll\u0259di. Alt\u0131 m\u00fcxalif\u0259t partiyas\u0131n\u0131n \u018frdo\u011fan iqtidar\u0131na qar\u015f\u0131 birl\u0259\u015fm\u0259sinin arxas\u0131nda Q\u0259rbin T\u00fcrkiy\u0259ni n\u00f6vb\u0259ti d\u0259f\u0259 qar\u0131\u015fd\u0131rmaq plan\u0131 ola bil\u0259rmi?<\/p>\n<p><strong>M\u0259s\u0259l\u0259n, \u018frdo\u011fan Az\u0259rbaycanla bu q\u0259d\u0259r yax\u0131nla\u015f\u0131r, dig\u0259r t\u00fcrk respublikalar\u0131n\u0131 T\u00fcrkiy\u0259nin \u0259traf\u0131na toplay\u0131r, t\u00fcrk d\u00fcnyas\u0131n\u0131n \u015f\u0259riksiz liderin\u0259 \u00e7evrilir. Bu prosesin qar\u015f\u0131s\u0131n\u0131 almaq \u00fc\u00e7\u00fcn bu d\u0259f\u0259 T\u00fcrkiy\u0259ni daxili siyasi g\u00fccl\u0259rin, m\u00fcxalif\u0259tin \u0259li il\u0259 qar\u0131\u015fd\u0131rmaqm\u0131 ist\u0259yir? Az\u0259rbaycanla T\u00fcrkiy\u0259nin m\u00fcnasib\u0259tl\u0259rinin indiki m\u0259rh\u0259l\u0259sind\u0259 T\u00fcrkiy\u0259d\u0259 hakimiyy\u0259t d\u0259yi\u015fikliyi Qaraba\u011fa, Az\u0259rbaycana, T\u00fcrkiy\u0259y\u0259 n\u0259 v\u0259d edir?<\/strong><\/p>\n<p>\u018frdo\u011fan Erm\u0259nistanla bar\u0131\u015f\u0131q s\u00fcr\u0259ci apar\u0131b, dan\u0131\u015f\u0131qlar ba\u015flad\u0131b, qondarma erm\u0259ni soyq\u0131r\u0131m\u0131 iddialar\u0131ndan Erm\u0259nistan\u0131 vaz ke\u00e7irm\u0259y\u0259 \u00e7al\u0131\u015f\u0131r. Bunun \u00fc\u00e7\u00fcn s\u0259rh\u0259dl\u0259ri a\u00e7ma\u011fa haz\u0131r oldu\u011funu bildirir. G\u00f6r\u00fcnd\u00fcy\u00fc kimi, T\u00fcrkiy\u0259, Az\u0259rbaycan v\u0259 t\u00fcrk d\u00fcnyas\u0131 \u00fc\u00e7\u00fcn bel\u0259 h\u0259ssas m\u0259qamda T\u00fcrkiy\u0259ni toparlamaq \u00fc\u00e7\u00fcn ne\u00e7\u0259 il \u00f6nc\u0259 at\u0131lm\u0131\u015f add\u0131m\u0131 &#8211; prezident \u00fcsul-idar\u0259sini l\u0259\u011fv etm\u0259y\u0259 \u00e7al\u0131\u015fmaq t\u0259sad\u00fcf\u0259 b\u0259nz\u0259mir.<\/p>\n<p><img loading=\"lazy\" src=\"https:\/\/modern.az\/file\/articles\/2014\/06\/07\/121502.jpg\" alt=\"Jurnalist K\u0259nan R\u00f6v\u015f\u0259no\u011flunun anas\u0131 v\u0259fat edib\" width=\"608\" height=\"456\" \/><\/p>\n<p><strong>K\u0259nan R\u00f6v\u015f\u0259no\u011flu<\/strong><\/p>\n<p><strong>Siyasi yazar K\u0259nan R\u00f6v\u015f\u0259no\u011flu 6 siyasi partiyan\u0131n bir araya g\u0259lm\u0259sini ciddi hadis\u0259 say\u0131r:<\/strong>\u00a0\u201cH\u0259l\u0259lik s\u00f6hb\u0259t qeyd etdiyiniz kimi, parlamentar sistem\u0259 geri d\u00f6n\u00fc\u015f m\u00f6vzusunda ittifaqdan gedir. Bu partiyalar\u0131n se\u00e7ki ittifaq\u0131 yarad\u0131b-yaratmayaca\u011f\u0131 h\u0259l\u0259lik m\u0259lum deyil. M\u00fcmk\u00fcnd\u00fcr ki, bu bar\u0259d\u0259 q\u0259rar 6 partiyan\u0131n 28 fevralda elan olunacaq yekun b\u0259yanat\u0131nda qeyd olunacaq. Amma bu partiyalar\u0131n bir araya g\u0259lm\u0259si \u00f6z\u00fc ciddi hadis\u0259dir. \u00c7\u00fcnki 6 partiyadan 2-si &#8211; CHP v\u0259 \u201dS\u0259ad\u0259t&#8221; T\u00fcrkiy\u0259d\u0259 \u0259sas ideoloji partiyalard\u0131r. T\u00fcrkiy\u0259d\u0259 3 \u0259sas ideoloji partiya var ki, dig\u0259r partiyalar m\u0259hz bu partiyalar\u0131n \u201ck\u00f6yn\u0259yind\u0259n\u201d \u00e7\u0131x\u0131b. Bunlar CHP, MHP v\u0259 S\u0259ad\u0259tdir. Bu m\u0259nada yeni ittifaq\u0131 ciddi q\u0259bul etm\u0259k laz\u0131md\u0131r. O ki qald\u0131 xarici t\u0259sir amilin\u0259, T\u00fcrkiy\u0259 siyas\u0259tind\u0259 xarici t\u0259sir amili h\u0259mi\u015f\u0259 m\u00fczakir\u0259 olunub. Lakin bu o dem\u0259k deyil ki, siyas\u0259t\u00e7il\u0259r xarici paytaxtlardan idar\u0259 olunur. T\u00fcrkiy\u0259d\u0259 parlamentar sistemin m\u00fc\u0259yy\u0259n z\u0259iflikl\u0259ri olsa da, parlament demokratiyas\u0131n\u0131 qoruyub saxlay\u0131rd\u0131. Eyni zamanda prezidentlik sistemi m\u00fcsb\u0259t m\u0259qamlar\u0131 il\u0259 yana\u015f\u0131, \u00f6t\u0259n 5 ilin t\u0259cr\u00fcb\u0259si g\u00f6st\u0259rdi ki, haz\u0131rk\u0131 modeld\u0259 ciddi a\u00e7\u0131qlar var. X\u00fcsus\u0259n d\u0259 haz\u0131rk\u0131 iqtisadi v\u0259ziyy\u0259t h\u0259m xalq\u0131, h\u0259m d\u0259 siyas\u0259t\u00e7il\u0259ri v\u0259ziyy\u0259td\u0259n \u00e7\u0131x\u0131\u015f yollar\u0131 axtarma\u011fa s\u00f6vq edir. Bu m\u0259nada 6 partiyan\u0131n bir araya g\u0259lib parlamentar sistem\u0259 qay\u0131d\u0131\u015fla ba\u011fl\u0131 ilkin raz\u0131l\u0131q \u0259ld\u0259 etm\u0259si \u00f6lk\u0259d\u0259ki siyasi v\u0259 iqtisadi v\u0259ziyy\u0259tin dikt\u0259sidir. \u018flb\u0259tt\u0259, \u018frdo\u011fan h\u00f6kum\u0259tini Avropada v\u0259 AB\u015e-da sevm\u0259y\u0259n q\u00fcvv\u0259l\u0259r var. Onlar ist\u0259y\u0259r ki, \u018frdo\u011fan yeni q\u00fcvv\u0259l\u0259rl\u0259 \u0259v\u0259zl\u0259nsin. Amma dediyim kimi, bunu b\u00fct\u00f6vl\u00fckd\u0259 xarici \u00f6lk\u0259 plan\u0131 hesab etm\u0259k olmaz.<\/p>\n<p><strong>\u018frdo\u011fan, \u0259lb\u0259tt\u0259, t\u0259cr\u00fcb\u0259li v\u0259 n\u00fcfuzlu siyas\u0259t\u00e7idir, amma q\u0259rarlar v\u0259 siyas\u0259t milli maraqlara g\u00f6r\u0259 qurulur. Atat\u00fcrk\u00fcn m\u0259\u015fhur bir s\u00f6z\u00fc var:<\/strong>\u00a0\u201cM\u0259nim b\u0259d\u0259nim bir g\u00fcn m\u00fctl\u0259q torpaq olacaq. Amma T\u00fcrkiy\u0259 C\u00fcmhuriyy\u0259ti sonsuza q\u0259d\u0259r m\u00f6hk\u0259m dayanacaq\u201d\u201d.<\/p>\n<p><img loading=\"lazy\" src=\"https:\/\/cdn.musavat.com\/news\/thumbnails\/69e3cf5f3bf2be0bc4f6bf4b59181171.jpg\" alt=\"Erm\u0259nistan T\u00fcrkiy\u0259nin forpostu olacaq\u201d iddias\u0131\" width=\"764\" height=\"509\" \/><\/p>\n<p><strong>A\u011e Partiya ba\u015fqan\u0131n\u0131n m\u00fc\u015faviri, siyasi \u015f\u0259rh\u00e7i Az\u0259r H\u00fcseynov T\u00fcrkiy\u0259d\u0259ki ist\u0259nil\u0259n hakimiyy\u0259t d\u0259yi\u015fikliyinin Az\u0259rbaycan\u0131n ziyan\u0131na oldu\u011funu s\u00f6yl\u0259di:<\/strong>\u00a0\u201cT\u00fcrkiy\u0259d\u0259 parlamentar sistem Q\u0259rb\u0259 \u00f6lk\u0259daxili siyas\u0259tl\u0259 manipulyasiya edib h\u00f6kum\u0259t b\u00f6hranlar\u0131 t\u0259\u015fkil etm\u0259y\u0259 imkan verirdi. \u00c7\u00fcnki bir \u00e7ox siyasi q\u00fcvv\u0259l\u0259r xarici g\u00fccl\u0259rin t\u0259sirind\u0259 idi. Prezident \u00fcsul-idar\u0259si bunun qar\u015f\u0131s\u0131n\u0131 ald\u0131. \u0130ndi bir araya g\u0259l\u0259n bu q\u00fcvv\u0259l\u0259r T\u00fcrkiy\u0259ni h\u0259min d\u00f6vr\u0259mi d\u00f6nd\u0259rm\u0259k ist\u0259yirl\u0259r. Q\u0259rb T\u00fcrkiy\u0259nin qar\u0131\u015fmas\u0131nda maraql\u0131d\u0131r, n\u0259inki Q\u0259rbd\u0259 dig\u0259r aktorlar da. Q\u0259rb Ukrayna v\u0259 Qazax\u0131stan m\u0259s\u0259l\u0259sind\u0259 iflas etdi. T\u00fcrkiy\u0259 Yax\u0131n \u015e\u0259rq\u0259 v\u0259 C\u0259nubi Qafqaza, Afrikaya qay\u0131d\u0131r. Ola bil\u0259r Vyana h\u00fcdudlar\u0131nda yen\u0259 yeni\u00e7\u0259ri kabuslar\u0131 g\u00f6r\u00fcn\u00fcr. Biz\u0259 g\u0259ldikd\u0259 is\u0259 biz h\u0259r \u015fey\u0259 haz\u0131r olmal\u0131y\u0131q. T\u00fcrkiy\u0259d\u0259 hakimiyy\u0259t d\u0259yi\u015fs\u0259, bizim \u00fc\u00e7\u00fcn he\u00e7 d\u0259 yax\u015f\u0131 olmaz. \u018fn az\u0131 HDP amili var. D\u00fcnya imperializmi milli silah s\u0259nayesi olan, Osmanl\u0131 v\u0259 S\u0259lcuqlu ruhunu oyadan, ara-s\u0131ra Turan dey\u0259n T\u00fcrkiy\u0259ni sevmir. D\u00fcnya imperializmin\u0259 qeyri-f\u0259al xarici siyas\u0259ti olan bir T\u00fcrkiy\u0259 laz\u0131md\u0131r\u201d.<\/p>\n<p><img loading=\"lazy\" src=\"https:\/\/sherg.az\/\/storage\/posts\/August2021\/c44f2a277b207cd72bc91dd4bbdb5e1f.jpg\" alt=\"Moskva art\u0131q \u201ct\u0259hl\u00fck\u0259 z\u0259ngini\u201d \u00e7al\u0131r - Asif N\u0259rimanl\u0131\" width=\"704\" height=\"469\" \/><\/p>\n<p><strong>Asif N\u0259rimanl\u0131\u00a0<\/strong><\/p>\n<p><strong>Siyasi analitik Asif N\u0259rimanl\u0131 Q\u0259rbin niyy\u0259tl\u0259rind\u0259n s\u00f6z a\u00e7d\u0131:<\/strong>\u00a0\u201cBu partiyalar q\u0259rby\u00f6n\u00fcml\u00fc siyasi x\u0259tti d\u0259st\u0259kl\u0259y\u0259nl\u0259rdir v\u0259 Babacanla Davudo\u011flunun \u201dMill\u0259t ittifaq\u0131&#8221;na g\u0259li\u015fi n\u00f6vb\u0259ti se\u00e7kil\u0259rd\u0259 AKP-d\u0259n daha \u00e7ox s\u0259s qoparma\u011fa hesablan\u0131b. Buna nail ola bil\u0259c\u0259kl\u0259ri d\u0259 istisna deyil. H\u0259r\u00e7\u0259nd, prosesl\u0259r m\u0259s\u0259l\u0259nin t\u0259kc\u0259 se\u00e7kil\u0259rd\u0259 qalib g\u0259lm\u0259k yox, T\u00fcrkiy\u0259nin m\u00fcst\u0259qil siyasi x\u0259ttinin qarant\u0131na \u00e7evril\u0259n prezident \u00fcsul-idar\u0259sinin d\u0259 d\u0259yi\u015fdirilm\u0259k oldu\u011funu g\u00f6st\u0259rir. 2016-c\u0131 il \u00e7evrili\u015f\u0259 c\u0259hd hadis\u0259l\u0259ri, Suriyada PKK\/PYD terroruna qar\u015f\u0131 \u0259m\u0259liyyatlar v\u0259 dig\u0259r prosesl\u0259r g\u00f6st\u0259rdi ki, T\u00fcrkiy\u0259 parlament \u00fcsul-idar\u0259si d\u00f6vl\u0259tin t\u0259hl\u00fck\u0259sizliyi \u00fc\u00e7\u00fcn vacib m\u0259qamlarda \u00e7\u0259tinlikl\u0259r yarad\u0131r, o c\u00fcml\u0259d\u0259n m\u00fcst\u0259qil siyasi x\u0259tt\u0259 imkan vermir. Prezident \u00fcsul-idar\u0259si bu probleml\u0259ri aradan qald\u0131rmaq v\u0259 T\u00fcrkiy\u0259nin regional g\u00fcc rolunu art\u0131rmaq m\u0259qs\u0259di da\u015f\u0131y\u0131rd\u0131 ki, prosesl\u0259r AKP hakimiyy\u0259tinin b\u00f6y\u00fck \u00f6l\u00e7\u00fcd\u0259 buna nail oldu\u011funu g\u00f6st\u0259rir. H\u0259r\u00e7\u0259nd, bu, T\u00fcrkiy\u0259ni daim \u0259linin alt\u0131ndak\u0131 \u00f6lk\u0259 kimi g\u00f6rm\u0259k ist\u0259y\u0259n Q\u0259rb\u0259, x\u00fcsusil\u0259 AB\u015e-a s\u0259rf etmir. Bayden d\u0259 hakimiyy\u0259t\u0259 g\u0259lm\u0259mi\u015fd\u0259n \u00f6nc\u0259 \u018frdo\u011fana qar\u015f\u0131 m\u00fcxalif\u0259ti g\u00fccl\u0259ndir\u0259c\u0259yini, bu yolla hakimiyy\u0259t d\u0259yi\u015fikliyin\u0259 nail olaca\u011f\u0131n\u0131 a\u00e7\u0131qlam\u0131\u015fd\u0131. 6 siyasi partiyan\u0131n prezident \u00fcsul-idar\u0259sinin d\u0259yi\u015fdirilm\u0259si m\u00f6vqeyi bu prosesin bir hiss\u0259si kimi g\u00f6r\u00fcn\u00fcr. Q\u0259rb T\u00fcrkiy\u0259ni onun maraqlar\u0131na xidm\u0259t ed\u0259n aktiv g\u00fcc kimi g\u00f6rm\u0259k ist\u0259yir. Bu, h\u0259m Rusiyaya m\u00fcnasib\u0259td\u0259, h\u0259m d\u0259 \u015e\u0259rq\u0259 do\u011fru geni\u015fl\u0259nm\u0259kd\u0259 bel\u0259dir. AB\u015e M\u0259rk\u0259zi Asiya co\u011frafiyas\u0131na \u00e7\u0131x\u0131\u015fda da Ankaran\u0131 \u0259sas qap\u0131 kimi g\u00f6r\u00fcr v\u0259 t\u00fcrkdilli \u00f6lk\u0259l\u0259rin T\u00fcrkiy\u0259nin \u00e7\u0259tiri alt\u0131nda toplanmas\u0131n\u0131 o \u015f\u0259rtl\u0259 ist\u0259yir ki, onun qoydu\u011fu x\u0259td\u0259n k\u0259nara \u00e7\u0131xmayan fiqur olsun. Lakin buna \u018frdo\u011fan\u0131 devirm\u0259kl\u0259 tam nail ola bilm\u0259z, \u00e7\u00fcnki T\u00fcrkiy\u0259 d\u00f6vl\u0259tinin d\u0259 \u00f6z strategiyas\u0131 var&#8221;.<\/p>\n<p>Politoloq hesab edir ki, T\u00fcrkiy\u0259d\u0259 \u018frdo\u011fana qar\u015f\u0131 m\u00fcxalif\u0259t \u00fcz\u0259rind\u0259n h\u00fccuma haz\u0131rla\u015fan Q\u0259rbin eyni ssenarini Az\u0259rbaycanda da h\u0259yata ke\u00e7irm\u0259k ist\u0259yi istisna deyil.<\/p>\n","protected":false},"excerpt":{"rendered":"<p>Q\u0259rb qarda\u015f \u00f6lk\u0259 \u00fcz\u0259rind\u0259 h\u0259r\u0259k\u0259t\u0259 ke\u00e7ib? T\u00fcrkiy\u0259nin 6 m\u00fcxalif\u0259t partiyas\u0131n\u0131n lideri prezident \u00fcsul-idar\u0259sinin parlamentar sisteml\u0259 \u0259v\u0259zl\u0259nm\u0259si \u00fc\u00e7\u00fcn bir araya g\u0259lib. Bunlar \u0130Y\u0130 Partiya lideri Maral Ak\u015fener, \u201cS\u0259ad\u0259t\u201d lideri T\u0259m\u0259l Qaramollao\u011flu, \u201cDemokrat Partiya\u201d lideri G\u00fclt\u0259kin Uysal, \u201cG\u0259l\u0259c\u0259k Partiyas\u0131\u201d lideri \u018fhm\u0259d Davudo\u011flu, DEVA partiyas\u0131n\u0131n lideri \u018fli Babacan v\u0259 CHP lideri Kamal K\u0131l\u0131\u00e7daro\u011fludur. Bildirilir ki, bu partiyalar iqtisadi b\u00f6hrandan \u00e7\u0131x\u0131\u015f \u00fc\u00e7\u00fcn ortaq proqram haz\u0131rlay\u0131b, ictimaiyy\u0259t\u0259 t\u0259qdim ed\u0259c\u0259kl\u0259r. Sabiq nazirl\u0259r AKP-d\u0259n qopmu\u015f Babacan v\u0259 Davudo\u011flundan s\u00f6z d\u00fc\u015fm\u00fc\u015fk\u0259n, unutmayaq ki, bu iki \u015f\u0259xs b\u0259dnam S\u00fcrix protokollar\u0131n\u0131n \u0259sas ideya m\u00fc\u0259llifl\u0259rind\u0259n olublar. Onlar\u0131n da yax\u0131ndan i\u015ftirak\u0131 il\u0259&hellip;<\/p>\n","protected":false},"author":2,"featured_media":439083,"comment_status":"closed","ping_status":"closed","sticky":false,"template":"","format":"standard","meta":{"om_disable_all_campaigns":false,"_monsterinsights_skip_tracking":false,"_monsterinsights_sitenote_active":false,"_monsterinsights_sitenote_note":"","_monsterinsights_sitenote_category":0},"categories":[4],"tags":[],"aioseo_notices":[],"gutentor_comment":0,"rttpg_featured_image_url":{"full":["https:\/\/arantv.az\/wp-content\/uploads\/2022\/02\/88ed52fa12bdb8055d6553f9f371316b.jpg",450,300,false],"landscape":["https:\/\/arantv.az\/wp-content\/uploads\/2022\/02\/88ed52fa12bdb8055d6553f9f371316b.jpg",450,300,false],"portraits":["https:\/\/arantv.az\/wp-content\/uploads\/2022\/02\/88ed52fa12bdb8055d6553f9f371316b.jpg",450,300,false],"thumbnail":["https:\/\/arantv.az\/wp-content\/uploads\/2022\/02\/88ed52fa12bdb8055d6553f9f371316b-450x280.jpg",450,280,true],"medium":["https:\/\/arantv.az\/wp-content\/uploads\/2022\/02\/88ed52fa12bdb8055d6553f9f371316b.jpg",450,300,false],"large":["https:\/\/arantv.az\/wp-content\/uploads\/2022\/02\/88ed52fa12bdb8055d6553f9f371316b.jpg",450,300,false],"1536x1536":["https:\/\/arantv.az\/wp-content\/uploads\/2022\/02\/88ed52fa12bdb8055d6553f9f371316b.jpg",450,300,false],"2048x2048":["https:\/\/arantv.az\/wp-content\/uploads\/2022\/02\/88ed52fa12bdb8055d6553f9f371316b.jpg",450,300,false],"post-thumbnail":["https:\/\/arantv.az\/wp-content\/uploads\/2022\/02\/88ed52fa12bdb8055d6553f9f371316b-240x172.jpg",240,172,true],"advps-thumb-one":["https:\/\/arantv.az\/wp-content\/uploads\/2022\/02\/88ed52fa12bdb8055d6553f9f371316b.jpg",450,300,false]},"rttpg_author":{"display_name":"V\u00fcsal Rafiqo\u011flu","author_link":"https:\/\/arantv.az\/?author=2"},"rttpg_comment":0,"rttpg_category":"<a href=\"https:\/\/arantv.az\/?cat=4\" rel=\"category\">Siyas\u0259t<\/a>","rttpg_excerpt":"Q\u0259rb qarda\u015f \u00f6lk\u0259 \u00fcz\u0259rind\u0259 h\u0259r\u0259k\u0259t\u0259 ke\u00e7ib? T\u00fcrkiy\u0259nin 6 m\u00fcxalif\u0259t partiyas\u0131n\u0131n lideri prezident \u00fcsul-idar\u0259sinin parlamentar sisteml\u0259 \u0259v\u0259zl\u0259nm\u0259si \u00fc\u00e7\u00fcn bir araya g\u0259lib. Bunlar \u0130Y\u0130 Partiya lideri Maral Ak\u015fener, \u201cS\u0259ad\u0259t\u201d lideri T\u0259m\u0259l Qaramollao\u011flu, \u201cDemokrat Partiya\u201d lideri G\u00fclt\u0259kin Uysal, \u201cG\u0259l\u0259c\u0259k Partiyas\u0131\u201d lideri \u018fhm\u0259d Davudo\u011flu, DEVA partiyas\u0131n\u0131n lideri \u018fli Babacan v\u0259 CHP lideri Kamal K\u0131l\u0131\u00e7daro\u011fludur. Bildirilir ki, bu partiyalar iqtisadi&hellip;","_links":{"self":[{"href":"https:\/\/arantv.az\/index.php?rest_route=\/wp\/v2\/posts\/439082"}],"collection":[{"href":"https:\/\/arantv.az\/index.php?rest_route=\/wp\/v2\/posts"}],"about":[{"href":"https:\/\/arantv.az\/index.php?rest_route=\/wp\/v2\/types\/post"}],"author":[{"embeddable":true,"href":"https:\/\/arantv.az\/index.php?rest_route=\/wp\/v2\/users\/2"}],"replies":[{"embeddable":true,"href":"https:\/\/arantv.az\/index.php?rest_route=%2Fwp%2Fv2%2Fcomments&post=439082"}],"version-history":[{"count":0,"href":"https:\/\/arantv.az\/index.php?rest_route=\/wp\/v2\/posts\/439082\/revisions"}],"wp:featuredmedia":[{"embeddable":true,"href":"https:\/\/arantv.az\/index.php?rest_route=\/wp\/v2\/media\/439083"}],"wp:attachment":[{"href":"https:\/\/arantv.az\/index.php?rest_route=%2Fwp%2Fv2%2Fmedia&parent=439082"}],"wp:term":[{"taxonomy":"category","embeddable":true,"href":"https:\/\/arantv.az\/index.php?rest_route=%2Fwp%2Fv2%2Fcategories&post=439082"},{"taxonomy":"post_tag","embeddable":true,"href":"https:\/\/arantv.az\/index.php?rest_route=%2Fwp%2Fv2%2Ftags&post=439082"}],"curies":[{"name":"wp","href":"https:\/\/api.w.org\/{rel}","templated":true}]}}