{"id":439085,"date":"2022-02-15T08:48:58","date_gmt":"2022-02-15T05:48:58","guid":{"rendered":"http:\/\/arantv.az\/?p=439085"},"modified":"2022-02-15T08:48:58","modified_gmt":"2022-02-15T05:48:58","slug":"susa-b%c9%99yannam%c9%99si-qanuni-quvv%c9%99d%c9%99-rusiyanin-sukutunun-sirri","status":"publish","type":"post","link":"https:\/\/arantv.az\/?p=439085","title":{"rendered":"\u015eu\u015fa B\u0259yannam\u0259si qanuni q\u00fcvv\u0259d\u0259 &#8211; Rusiyan\u0131n s\u00fckutunun sirri&#8230;"},"content":{"rendered":"<p><strong>Milli M\u0259clis bu tarixi s\u0259n\u0259di ratifikasiya etdi, T\u00fcrkiy\u0259 d\u0259 t\u0259sdiql\u0259di, Kreml susdu; Murad Sad\u0259ddinov: \u201cMoskva diplomatik kanallarla \u00f6nc\u0259d\u0259n m\u0259lumatland\u0131r\u0131lm\u0131\u015fd\u0131\u201d<\/strong><\/p>\n<p>\u015eu\u015fa B\u0259yannam\u0259si Milli M\u0259clisd\u0259 ratifikasiya edildikd\u0259n sonra Rusiya bu hadis\u0259ni s\u00fckutla qar\u015f\u0131lad\u0131. \u0130ki qarda\u015f \u00f6lk\u0259 &#8211; Az\u0259rbaycanla T\u00fcrkiy\u0259 aras\u0131nda \u00f6t\u0259n ilin 15 iyununda imzalanm\u0131\u015f s\u0259n\u0259din parlamentd\u0259 t\u0259sdiql\u0259nm\u0259si il\u0259 yana\u015f\u0131 Moskvan\u0131n buna reaksiyas\u0131 g\u00f6zl\u0259nilirdi.<\/p>\n<p><em>\u201cYeni M\u00fcsavat\u201d yaz\u0131r ki, h\u0259tta b\u0259yannam\u0259nin Rusiyan\u0131n \u00fcr\u0259yinc\u0259 olmad\u0131\u011f\u0131 haqda fikirl\u0259r s\u0259sl\u0259nirdi. \u018fslind\u0259 bu tarixi s\u0259n\u0259d b\u00f6lg\u0259d\u0259 yerl\u0259\u015f\u0259n rus s\u00fclhm\u0259raml\u0131 q\u00fcvv\u0259l\u0259rinin d\u0259 \u0259l-aya\u011f\u0131n\u0131 y\u0131\u011f\u0131\u015fd\u0131rma\u011fa r\u0259vac verir. \u00c7\u00fcnki s\u0259n\u0259dd\u0259 g\u00f6st\u0259rilir ki, t\u0259r\u0259fl\u0259rin \u0259razil\u0259rin\u0259 t\u0259hdid varsa, dig\u0259rinin d\u0259 suveren torpa\u011f\u0131na m\u00fcdaxil\u0259 kimi qiym\u0259tl\u0259ndiril\u0259c\u0259k. O zaman Az\u0259rbaycan torpaqlar\u0131na xarici m\u00fcdaxil\u0259 olaca\u011f\u0131 t\u0259qdird\u0259, T\u00fcrkiy\u0259 ordusu b\u0259yannam\u0259y\u0259 istinad ed\u0259r\u0259k proses\u0259 qar\u0131\u015fa bil\u0259r, \u00e7\u00fcnki \u00f6z \u0259razisin\u0259 h\u00fccum kimi d\u0259y\u0259rl\u0259ndiril\u0259c\u0259k.<\/em><\/p>\n<p>\u015eu\u015fa B\u0259yannam\u0259si h\u0259m\u00e7inin T\u00fcrkiy\u0259nin Qaraba\u011fda, C\u0259nubi Qafqazda olmas\u0131 reall\u0131\u011f\u0131d\u0131r. Lakin Kreml \u00e7ox t\u0259mkinli davran\u0131\u015f s\u0259rgil\u0259di v\u0259 Xarici \u0130\u015fl\u0259r Nazirliyi s\u0259viyy\u0259sind\u0259 bu m\u0259s\u0259l\u0259y\u0259 h\u0259r hans\u0131 m\u00fcnasib\u0259t bildirm\u0259di. B\u0259zi analitikl\u0259rin fikrinc\u0259, bu ittifaq Rusiya il\u0259 \u00f6nc\u0259d\u0259n raz\u0131la\u015fd\u0131r\u0131l\u0131b. Ona g\u00f6r\u0259 Kreml h\u0259l\u0259lik sakitdir.<\/p>\n<p>Eyni zamanda T\u00fcrkiy\u0259d\u0259 d\u0259 \u015eu\u015fa B\u0259yannam\u0259sinin t\u0259sdiqi il\u0259 ba\u011fl\u0131 qanun r\u0259sm\u0259n q\u00fcvv\u0259y\u0259 minib. \u201c2021-ci il iyunun 15-d\u0259 \u015eu\u015fa \u015f\u0259h\u0259rind\u0259 imzalanm\u0131\u015f T\u00fcrkiy\u0259 Respublikas\u0131 il\u0259 Az\u0259rbaycan Respublikas\u0131 aras\u0131nda m\u00fctt\u0259fiqlik \u0259laq\u0259l\u0259ri haqq\u0131nda \u015eu\u015fa B\u0259yannam\u0259si t\u0259sdiq edilib. Bu qanun d\u0259rc edildiyi g\u00fcnd\u0259n q\u00fcvv\u0259y\u0259 minir. Bu qanunun m\u00fcdd\u0259alar\u0131n\u0131 Prezident t\u0259sbit edir\u201d, &#8211; r\u0259smi q\u0259zetd\u0259 qeyd olunur. \u015eu\u015fa B\u0259yannam\u0259sin\u0259 \u0259sas\u0259n t\u0259r\u0259fl\u0259r T\u00fcrkiy\u0259nin Az\u0259rbaycan\u0131n i\u015f\u011faldan azad edilmi\u015f \u0259razil\u0259rind\u0259 T\u00fcrkiy\u0259 &#8211; Rusiya Birg\u0259 M\u0259rk\u0259zinin f\u0259aliyy\u0259tin\u0259 verdiyi t\u00f6hf\u0259nin regiondak\u0131 s\u00fclh\u00fcn, sabitliyin v\u0259 rifah\u0131n t\u0259min edilm\u0259sind\u0259 m\u00fch\u00fcm rol oynad\u0131\u011f\u0131n\u0131 vur\u011fulay\u0131r.<\/p>\n<p><img loading=\"lazy\" src=\"https:\/\/upload.wikimedia.org\/wikipedia\/commons\/1\/1f\/Fazil_Mustafa.jpg\" alt=\"Faz\u0131l Mustafa - Vikipedi\" width=\"748\" height=\"484\" \/><\/p>\n<p><strong>\u00a0Fazil Mustafa<\/strong><\/p>\n<p><strong>Deputat Fazil Mustafa t\u0259klif edib ki, \u015eu\u015fa B\u0259yannam\u0259sinin imzaland\u0131\u011f\u0131 15 iyun g\u00fcn\u00fc bu m\u00fctt\u0259fiqliyin \u015f\u0259r\u0259fin\u0259 h\u0259m Az\u0259rbaycanda, h\u0259m d\u0259 T\u00fcrkiy\u0259d\u0259 r\u0259smi bayram kimi ke\u00e7irilsin.<\/strong><\/p>\n<p><em>B\u0259s, maraql\u0131d\u0131r, s\u0259n\u0259din t\u0259sdiqi niy\u0259 Rusiyan\u0131 narahat etm\u0259di, yaxud Moskva s\u0259sini \u00e7\u0131xarmad\u0131?<\/em><\/p>\n<p><em><img loading=\"lazy\" src=\"https:\/\/cdn.musavat.com\/news\/thumbnails\/75058b3be3c7ef0407638c5fa64d0e56.jpg\" alt=\"Avropa \u0130ttifaq\u0131 t\u0259msil\u00e7isinin \u0130r\u0259vanda anti-Az\u0259rbaycan m\u00f6vqeyi - Bak\u0131 niy\u0259  reaksiya verm\u0259di?\" width=\"649\" height=\"678\" \/><\/em><\/p>\n<p><strong><em>\u00a0Murad Sad\u0259ddinov<\/em><\/strong><\/p>\n<p><strong>Politoloq Murad Sad\u0259ddinovun \u201cYeni M\u00fcsavat\u201da bildirdiyin\u0259 g\u00f6r\u0259, bu fakt\u0131n \u00f6z\u00fc birm\u0259nal\u0131 olaraq g\u00f6st\u0259rir ki, Rusiya diplomatik kanallarla \u00f6nc\u0259d\u0259n m\u0259lumatland\u0131r\u0131lm\u0131\u015fd\u0131. Ekspert hesab edir ki, T\u00fcrkiy\u0259 il\u0259 Az\u0259rbaycan aras\u0131nda h\u0259rbi \u0259m\u0259kda\u015fl\u0131q m\u0259s\u0259l\u0259l\u0259ri h\u0259l\u0259 2010-cu ild\u0259 h\u0259rbi yard\u0131m, strateji \u0259m\u0259kda\u015fl\u0131q sazi\u015fi il\u0259 m\u00f6vcud idi:<\/strong>\u00a0\u201cBundan \u0259lav\u0259, 44 g\u00fcnl\u00fck m\u00fcharib\u0259 zaman\u0131 Putin demi\u015fdi ki, T\u00fcrkiy\u0259 v\u0259 Az\u0259rbaycan aras\u0131nda h\u0259rbi \u0259m\u0259kda\u015fl\u0131q \u00f6lk\u0259l\u0259rin \u00f6z m\u00fcst\u0259qil siyas\u0259tl\u0259ridir. Ona g\u00f6r\u0259 s\u00f6z\u00fcged\u0259n s\u0259n\u0259din t\u0259sdiql\u0259nm\u0259si v\u0259 qanunun q\u00fcvv\u0259y\u0259 minm\u0259si art\u0131q Rusiya t\u0259r\u0259fin\u0259 \u0259vv\u0259ld\u0259n b\u0259lli, h\u0259m\u00e7inin g\u00f6zl\u0259nil\u0259n idi\u201d.<\/p>\n<p><strong>M.Sad\u0259ddinovun fikrinc\u0259, iki \u00f6lk\u0259 bu sazi\u015fin \u00fc\u00e7\u00fcnc\u00fc d\u00f6vl\u0259tin \u0259leyhin\u0259 y\u00f6n\u0259lm\u0259diyini b\u0259yan edib:<\/strong>\u00a0\u201c\u015eu\u015fa deklorasiyas\u0131 T\u00fcrkiy\u0259 v\u0259 Az\u0259rbaycan\u0131n \u00f6z t\u0259hl\u00fck\u0259sizliyinin t\u0259minat\u0131n\u0131 n\u0259z\u0259rd\u0259 tutur. Bu g\u00fcn T\u00fcrkiy\u0259 v\u0259 Az\u0259rbaycan prezidentl\u0259rinin Rusiya lideri il\u0259 d\u0259 m\u00fcnasib\u0259ti y\u00fcks\u0259k s\u0259viyy\u0259d\u0259dir, o bax\u0131mdan Moskvan\u0131n b\u0259yannam\u0259nin r\u0259smil\u0259\u015fm\u0259sini sakit qar\u015f\u0131lamas\u0131 normald\u0131r\u201d.<\/p>\n","protected":false},"excerpt":{"rendered":"<p>Milli M\u0259clis bu tarixi s\u0259n\u0259di ratifikasiya etdi, T\u00fcrkiy\u0259 d\u0259 t\u0259sdiql\u0259di, Kreml susdu; Murad Sad\u0259ddinov: \u201cMoskva diplomatik kanallarla \u00f6nc\u0259d\u0259n m\u0259lumatland\u0131r\u0131lm\u0131\u015fd\u0131\u201d \u015eu\u015fa B\u0259yannam\u0259si Milli M\u0259clisd\u0259 ratifikasiya edildikd\u0259n sonra Rusiya bu hadis\u0259ni s\u00fckutla qar\u015f\u0131lad\u0131. \u0130ki qarda\u015f \u00f6lk\u0259 &#8211; Az\u0259rbaycanla T\u00fcrkiy\u0259 aras\u0131nda \u00f6t\u0259n ilin 15 iyununda imzalanm\u0131\u015f s\u0259n\u0259din parlamentd\u0259 t\u0259sdiql\u0259nm\u0259si il\u0259 yana\u015f\u0131 Moskvan\u0131n buna reaksiyas\u0131 g\u00f6zl\u0259nilirdi. \u201cYeni M\u00fcsavat\u201d yaz\u0131r ki, h\u0259tta b\u0259yannam\u0259nin Rusiyan\u0131n \u00fcr\u0259yinc\u0259 olmad\u0131\u011f\u0131 haqda fikirl\u0259r s\u0259sl\u0259nirdi. \u018fslind\u0259 bu tarixi s\u0259n\u0259d b\u00f6lg\u0259d\u0259 yerl\u0259\u015f\u0259n rus s\u00fclhm\u0259raml\u0131 q\u00fcvv\u0259l\u0259rinin d\u0259 \u0259l-aya\u011f\u0131n\u0131 y\u0131\u011f\u0131\u015fd\u0131rma\u011fa r\u0259vac verir. \u00c7\u00fcnki s\u0259n\u0259dd\u0259 g\u00f6st\u0259rilir ki, t\u0259r\u0259fl\u0259rin \u0259razil\u0259rin\u0259 t\u0259hdid varsa, dig\u0259rinin d\u0259 suveren torpa\u011f\u0131na&hellip;<\/p>\n","protected":false},"author":2,"featured_media":439086,"comment_status":"closed","ping_status":"closed","sticky":false,"template":"","format":"standard","meta":{"om_disable_all_campaigns":false,"_monsterinsights_skip_tracking":false,"_monsterinsights_sitenote_active":false,"_monsterinsights_sitenote_note":"","_monsterinsights_sitenote_category":0},"categories":[4],"tags":[],"aioseo_notices":[],"gutentor_comment":0,"rttpg_featured_image_url":{"full":["https:\/\/arantv.az\/wp-content\/uploads\/2022\/02\/0a32c66a6437f88e723175745a6b23f1.jpg",450,300,false],"landscape":["https:\/\/arantv.az\/wp-content\/uploads\/2022\/02\/0a32c66a6437f88e723175745a6b23f1.jpg",450,300,false],"portraits":["https:\/\/arantv.az\/wp-content\/uploads\/2022\/02\/0a32c66a6437f88e723175745a6b23f1.jpg",450,300,false],"thumbnail":["https:\/\/arantv.az\/wp-content\/uploads\/2022\/02\/0a32c66a6437f88e723175745a6b23f1-450x280.jpg",450,280,true],"medium":["https:\/\/arantv.az\/wp-content\/uploads\/2022\/02\/0a32c66a6437f88e723175745a6b23f1.jpg",450,300,false],"large":["https:\/\/arantv.az\/wp-content\/uploads\/2022\/02\/0a32c66a6437f88e723175745a6b23f1.jpg",450,300,false],"1536x1536":["https:\/\/arantv.az\/wp-content\/uploads\/2022\/02\/0a32c66a6437f88e723175745a6b23f1.jpg",450,300,false],"2048x2048":["https:\/\/arantv.az\/wp-content\/uploads\/2022\/02\/0a32c66a6437f88e723175745a6b23f1.jpg",450,300,false],"post-thumbnail":["https:\/\/arantv.az\/wp-content\/uploads\/2022\/02\/0a32c66a6437f88e723175745a6b23f1-240x172.jpg",240,172,true],"advps-thumb-one":["https:\/\/arantv.az\/wp-content\/uploads\/2022\/02\/0a32c66a6437f88e723175745a6b23f1.jpg",450,300,false]},"rttpg_author":{"display_name":"V\u00fcsal Rafiqo\u011flu","author_link":"https:\/\/arantv.az\/?author=2"},"rttpg_comment":0,"rttpg_category":"<a href=\"https:\/\/arantv.az\/?cat=4\" rel=\"category\">Siyas\u0259t<\/a>","rttpg_excerpt":"Milli M\u0259clis bu tarixi s\u0259n\u0259di ratifikasiya etdi, T\u00fcrkiy\u0259 d\u0259 t\u0259sdiql\u0259di, Kreml susdu; Murad Sad\u0259ddinov: \u201cMoskva diplomatik kanallarla \u00f6nc\u0259d\u0259n m\u0259lumatland\u0131r\u0131lm\u0131\u015fd\u0131\u201d \u015eu\u015fa B\u0259yannam\u0259si Milli M\u0259clisd\u0259 ratifikasiya edildikd\u0259n sonra Rusiya bu hadis\u0259ni s\u00fckutla qar\u015f\u0131lad\u0131. \u0130ki qarda\u015f \u00f6lk\u0259 &#8211; Az\u0259rbaycanla T\u00fcrkiy\u0259 aras\u0131nda \u00f6t\u0259n ilin 15 iyununda imzalanm\u0131\u015f s\u0259n\u0259din parlamentd\u0259 t\u0259sdiql\u0259nm\u0259si il\u0259 yana\u015f\u0131 Moskvan\u0131n buna reaksiyas\u0131 g\u00f6zl\u0259nilirdi. \u201cYeni M\u00fcsavat\u201d yaz\u0131r&hellip;","_links":{"self":[{"href":"https:\/\/arantv.az\/index.php?rest_route=\/wp\/v2\/posts\/439085"}],"collection":[{"href":"https:\/\/arantv.az\/index.php?rest_route=\/wp\/v2\/posts"}],"about":[{"href":"https:\/\/arantv.az\/index.php?rest_route=\/wp\/v2\/types\/post"}],"author":[{"embeddable":true,"href":"https:\/\/arantv.az\/index.php?rest_route=\/wp\/v2\/users\/2"}],"replies":[{"embeddable":true,"href":"https:\/\/arantv.az\/index.php?rest_route=%2Fwp%2Fv2%2Fcomments&post=439085"}],"version-history":[{"count":0,"href":"https:\/\/arantv.az\/index.php?rest_route=\/wp\/v2\/posts\/439085\/revisions"}],"wp:featuredmedia":[{"embeddable":true,"href":"https:\/\/arantv.az\/index.php?rest_route=\/wp\/v2\/media\/439086"}],"wp:attachment":[{"href":"https:\/\/arantv.az\/index.php?rest_route=%2Fwp%2Fv2%2Fmedia&parent=439085"}],"wp:term":[{"taxonomy":"category","embeddable":true,"href":"https:\/\/arantv.az\/index.php?rest_route=%2Fwp%2Fv2%2Fcategories&post=439085"},{"taxonomy":"post_tag","embeddable":true,"href":"https:\/\/arantv.az\/index.php?rest_route=%2Fwp%2Fv2%2Ftags&post=439085"}],"curies":[{"name":"wp","href":"https:\/\/api.w.org\/{rel}","templated":true}]}}